{"id":208778,"date":"2025-06-27T16:46:11","date_gmt":"2025-06-27T16:46:11","guid":{"rendered":"https:\/\/www.europesays.com\/fr\/208778\/"},"modified":"2025-06-27T16:46:11","modified_gmt":"2025-06-27T16:46:11","slug":"ici-il-est-adule-alors-on-le-defend-a-bordeaux-les-fans-de-matthieu-jalibert-sans-reserve-derriere-leur-chouchou-lequipe","status":"publish","type":"post","link":"https:\/\/www.europesays.com\/fr\/208778\/","title":{"rendered":"\u00ab Ici, il est adul\u00e9. Alors on le d\u00e9fend \u00bb : \u00e0 Bordeaux, les fans de Matthieu Jalibert sans r\u00e9serve derri\u00e8re leur chouchou &#8211; L&#039;\u00c9quipe"},"content":{"rendered":"<ol>\n<li><a href=\"https:\/\/news.google.com\/rss\/articles\/CBMi7wFBVV95cUxNdjNtbE10dHpJb3FEcnZiT2tHdzBDWEcxcnBOTVRQMXhta2JxbVhwUTZTMThhUTVNWnY3ZGhJQkJzamNXa2MwSjBxby1SRm4tcFd0WkVmV1FnWGlyTnB5QVBUb1dnWFJPV0tJUVljZnJKN1lXYTJXc0ZjYnMtdDZSajl3VjZ3MmY3aVFCbHA4aDdaU0kwdHRFcmRjLWlOMU9RMU9URGVBQlNhYjktZXVpMmgzSjB6MHc1bXpnOU5lcGVsdjE3cjhpRFJVclZFUWctamktR2VvYUNSdGlGaE4ybTFvaUdRcVlQMkpGYnpOOA?oc=5\" target=\"_blank\" rel=\"nofollow noopener\">\u00ab Ici, il est adul\u00e9. Alors on le d\u00e9fend \u00bb : \u00e0 Bordeaux, les fans de Matthieu Jalibert sans r\u00e9serve derri\u00e8re leur chouchou<\/a>&nbsp;&nbsp;L&rsquo;\u00c9quipe<\/li>\n<li><a href=\"https:\/\/news.google.com\/rss\/articles\/CBMickFVX3lxTE8zNW9TTGpmcXNpd2pNVlI3YzEyTWQwcUZ6Ykx3MjBUaWxfaFpqaWcyWl90MFVRMjItdENNVHBZUC1nSTdMV2FMTlN4cDVxSXM4OTF6RHdLNlZ5aXV3cEZINUdodE1sUmprYy1weHRpODJFdw?oc=5\" target=\"_blank\" rel=\"nofollow noopener\">Matthieu Jalibert, l\u2019\u00e9toile de l\u2019UBB<\/a>&nbsp;&nbsp;Top 14 &#8211; Site Officiel<\/li>\n<li><a href=\"https:\/\/news.google.com\/rss\/articles\/CBMi5AFBVV95cUxNVkpJUU00MmhvZWNFT2pvQW1EMlY4YUoxa0JYc2FWM2ppOTg5VmR0eWMyek9ySkNfZ3NNaHNReU5WMFhDRUNTYS1wYzJRWGZvYUh2cmw4enRYeGtFZmphS3VkRkVMOF9HdEpDdDJfamJRSThseC1GbERxcjBsYlNHQjVkbnNGa1VkR2pSQ0dyNEVkX0x6dVR0eWh2dU55VUJRZmJZVHJ1V2g4NXl3OHdvUTBRTE1QS3BTTmp3SWwwTGVvUkZlOWdtdkFPRjJmdjVIY0tvYWI0LXBrYXZSaVE5SnVyOG8?oc=5\" target=\"_blank\" rel=\"nofollow noopener\">\u00ab\u00a0Il a le potentiel pour \u00eatre encore meilleur\u00a0\u00bb : mais jusqu&rsquo;o\u00f9 peut aller Matthieu Jalibert ?<\/a>&nbsp;&nbsp;Actu.fr<\/li>\n<li><a href=\"https:\/\/news.google.com\/rss\/articles\/CBMi6gFBVV95cUxQQ3Z5NlMzSHVaSlZLTjVlNnkzZTExN3JSb1EyMk5NZ3p3RzZHbndTNDJ5eWlzUm45ZFlPTjVWRWRLQW0zTFBsaDRvbWJZYmRsaVZhV1Rrb0FVRUM0S2czSnV0VlJTenhXS0d1dXRHMTZoM2FuYkJhdG9kMmxvQ0lRVmVpaG1PMkpzRUNqcnp5ZmRaY1pjRWtURlgxWTBsZDRfa0YxMWhQZXI4MTdBTnlaYTIxbUEzc2lZdEhnR28tYjNaNnBxb3E1NVZ6ZEZvMkdEV0hKS1NVQ1BXQXk5bkZyZVZ1cWtQd2pCQUE?oc=5\" target=\"_blank\" rel=\"nofollow noopener\">Thierry Dusautoir : \u00ab\u00a0Il a \u00e9t\u00e9 longtemps critiqu\u00e9 pour ses lacunes d\u00e9fensives. Aujourd\u2019hui, c\u2019est beaucoup moins le cas\u00a0\u00bb<\/a>&nbsp;&nbsp;Rugby Scapulaire<\/li>\n<li><a href=\"https:\/\/news.google.com\/rss\/articles\/CBMiggFBVV95cUxOSmk1U19TbkVNMnNyaEZhZG9fT0hxSE8tLW9NSDBSVDlsYkNZcVk4TmlIWDJHTTBDN1hqbzE1Sy1OVTVQMWhQTEs1YW1MNHhYUmtrU3lILWVQV0xNTF9OMUE4UW9jWXQtX2VLYkpTZDhHUkNjM1YwaFBsOC1OSFBIZ0t3?oc=5\" target=\"_blank\" rel=\"nofollow noopener\">Jalibert \u00ab\u00a0Beaucoup de fiert\u00e9\u00a0\u00bb<\/a>&nbsp;&nbsp;CANAL+<\/li>\n<\/ol>\n","protected":false},"excerpt":{"rendered":"\u00ab Ici, il est adul\u00e9. Alors on le d\u00e9fend \u00bb : \u00e0 Bordeaux, les fans de Matthieu Jalibert&hellip;\n","protected":false},"author":2,"featured_media":208779,"comment_status":"","ping_status":"","sticky":false,"template":"","format":"standard","meta":{"footnotes":""},"categories":[1416],"tags":[1011,27,479,1468,60],"class_list":{"0":"post-208778","1":"post","2":"type-post","3":"status-publish","4":"format-standard","5":"has-post-thumbnail","7":"category-rugby","8":"tag-fr","9":"tag-france","10":"tag-rugby","11":"tag-rugby-football","12":"tag-sports"},"share_on_mastodon":{"url":"https:\/\/pubeurope.com\/@fr\/114756346444974911","error":""},"_links":{"self":[{"href":"https:\/\/www.europesays.com\/fr\/wp-json\/wp\/v2\/posts\/208778","targetHints":{"allow":["GET"]}}],"collection":[{"href":"https:\/\/www.europesays.com\/fr\/wp-json\/wp\/v2\/posts"}],"about":[{"href":"https:\/\/www.europesays.com\/fr\/wp-json\/wp\/v2\/types\/post"}],"author":[{"embeddable":true,"href":"https:\/\/www.europesays.com\/fr\/wp-json\/wp\/v2\/users\/2"}],"replies":[{"embeddable":true,"href":"https:\/\/www.europesays.com\/fr\/wp-json\/wp\/v2\/comments?post=208778"}],"version-history":[{"count":0,"href":"https:\/\/www.europesays.com\/fr\/wp-json\/wp\/v2\/posts\/208778\/revisions"}],"wp:featuredmedia":[{"embeddable":true,"href":"https:\/\/www.europesays.com\/fr\/wp-json\/wp\/v2\/media\/208779"}],"wp:attachment":[{"href":"https:\/\/www.europesays.com\/fr\/wp-json\/wp\/v2\/media?parent=208778"}],"wp:term":[{"taxonomy":"category","embeddable":true,"href":"https:\/\/www.europesays.com\/fr\/wp-json\/wp\/v2\/categories?post=208778"},{"taxonomy":"post_tag","embeddable":true,"href":"https:\/\/www.europesays.com\/fr\/wp-json\/wp\/v2\/tags?post=208778"}],"curies":[{"name":"wp","href":"https:\/\/api.w.org\/{rel}","templated":true}]}}