{"id":208781,"date":"2025-06-27T16:48:26","date_gmt":"2025-06-27T16:48:26","guid":{"rendered":"https:\/\/www.europesays.com\/fr\/208781\/"},"modified":"2025-06-27T16:48:26","modified_gmt":"2025-06-27T16:48:26","slug":"basket-n2f-et-n3m-les-ortheziennes-et-le-2mbs-connaissent-leurs-adversaires","status":"publish","type":"post","link":"https:\/\/www.europesays.com\/fr\/208781\/","title":{"rendered":"Basket. N2F et N3M. Les Orth\u00e9ziennes et le 2MBS connaissent leurs adversaires"},"content":{"rendered":"<p>Deux \u00e9quipes B\u00e9arnaises, l\u2019US Orthez en NF2 et 2MBS en NM3 sont concern\u00e9es. Les filles de la cit\u00e9 de F\u00e9bus seront vers\u00e9es dans la poule B et vont retrouver beaucoup de formations avec qui elles \u00e9voluaient la saison derni\u00e8re. Pour la premi\u00e8re journ\u00e9e le 21\u00a0septembre elles se d\u00e9placeront chez les espoirs de Roche Vend\u00e9e, avant de recevoir Saumur le week-end suivant. Pour leur dernier match de la saison, elles accueilleront Avrill\u00e9 le 3\u00a0mai 2025.<\/p>\n<p><strong>La poule des Orth\u00e9ziennes\u00a0: <\/strong>US Orthez, Tarbes espoir, Lamboisi\u00e8res, Basket Landes espoir, Chauray, La\u00a0Rochelle, Avrill\u00e9, Saumur, Roche Vend\u00e9e espoir, Garonne, Avenir Basket Chalosse.<\/p>\n<p>En ce qui concerne les masculins de 2MBS, ils sont vers\u00e9s dans la poule C et vont \u00e9galement retrouver quelques visages connus. Ils d\u00e9buteront la comp\u00e9tition le 14\u00a0septembre en accueillant Montauban et ils termineront le 17\u00a0mai 2025, en recevant l\u2019\u00c9lan Tursan.<\/p>\n<p><strong>La poule du 2MBS\u00a0<\/strong>: 2MBS, \u00c9lan Tursan, JSA Bordeaux (2), Tresses, Villeneuve-sur-Lot, Valence-Condom, St M\u00e9dard, R\u00e9al Chalossais, Stade Montois, Castelnau-M\u00e9doc, Rodez, Montauban, Layrac, Cugnaux.<\/p>\n","protected":false},"excerpt":{"rendered":"Deux \u00e9quipes B\u00e9arnaises, l\u2019US Orthez en NF2 et 2MBS en NM3 sont concern\u00e9es. Les filles de la cit\u00e9&hellip;\n","protected":false},"author":2,"featured_media":208782,"comment_status":"","ping_status":"","sticky":false,"template":"","format":"standard","meta":{"footnotes":""},"categories":[1414],"tags":[1465,1464,1011,27,60],"class_list":{"0":"post-208781","1":"post","2":"type-post","3":"status-publish","4":"format-standard","5":"has-post-thumbnail","7":"category-basket","8":"tag-basket","9":"tag-basketball","10":"tag-fr","11":"tag-france","12":"tag-sports"},"share_on_mastodon":{"url":"https:\/\/pubeurope.com\/@fr\/114756354436054412","error":""},"_links":{"self":[{"href":"https:\/\/www.europesays.com\/fr\/wp-json\/wp\/v2\/posts\/208781","targetHints":{"allow":["GET"]}}],"collection":[{"href":"https:\/\/www.europesays.com\/fr\/wp-json\/wp\/v2\/posts"}],"about":[{"href":"https:\/\/www.europesays.com\/fr\/wp-json\/wp\/v2\/types\/post"}],"author":[{"embeddable":true,"href":"https:\/\/www.europesays.com\/fr\/wp-json\/wp\/v2\/users\/2"}],"replies":[{"embeddable":true,"href":"https:\/\/www.europesays.com\/fr\/wp-json\/wp\/v2\/comments?post=208781"}],"version-history":[{"count":0,"href":"https:\/\/www.europesays.com\/fr\/wp-json\/wp\/v2\/posts\/208781\/revisions"}],"wp:featuredmedia":[{"embeddable":true,"href":"https:\/\/www.europesays.com\/fr\/wp-json\/wp\/v2\/media\/208782"}],"wp:attachment":[{"href":"https:\/\/www.europesays.com\/fr\/wp-json\/wp\/v2\/media?parent=208781"}],"wp:term":[{"taxonomy":"category","embeddable":true,"href":"https:\/\/www.europesays.com\/fr\/wp-json\/wp\/v2\/categories?post=208781"},{"taxonomy":"post_tag","embeddable":true,"href":"https:\/\/www.europesays.com\/fr\/wp-json\/wp\/v2\/tags?post=208781"}],"curies":[{"name":"wp","href":"https:\/\/api.w.org\/{rel}","templated":true}]}}