{"id":208803,"date":"2025-06-27T16:59:10","date_gmt":"2025-06-27T16:59:10","guid":{"rendered":"https:\/\/www.europesays.com\/fr\/208803\/"},"modified":"2025-06-27T16:59:10","modified_gmt":"2025-06-27T16:59:10","slug":"les-climatiseurs-peuvent-ils-reellement-nous-rendre-malade","status":"publish","type":"post","link":"https:\/\/www.europesays.com\/fr\/208803\/","title":{"rendered":"les climatiseurs peuvent ils r\u00e9ellement nous rendre malade ?"},"content":{"rendered":"<p><strong>Lors des grandes chaleurs, les personnes \u00e9quip\u00e9es<br \/>\nactionnent leur climatiseur. Seulement voila, certains individus<br \/>\npensent que ce type de machine peut nuire \u00e0 la sant\u00e9 et d\u2019autres<br \/>\nestiment qu\u2019il n\u2019y a aucun probl\u00e8me. Qu\u2019en est-il r\u00e9ellement<br \/>\n?<\/strong><\/p>\n<p>\u00c9viter une mauvaise utilisation des climatiseurs<\/p>\n<p>Habituellement, les climatiseurs font davantage parler d\u2019eux en<br \/>\nce qui concerne le climat, en raison de leur c\u00f4t\u00e9 \u00e9nergivore. En<br \/>\n2021, <a href=\"https:\/\/sciencepost.fr\/chauffage-et-climatisation-ennemis-pour-climat\/\" target=\"_blank\" rel=\"noopener nofollow\">une \u00e9tude<\/a> men\u00e9e en Autriche<br \/>\ns\u2019inqui\u00e9tait d\u2019une <strong>hausse de la demande en<br \/>\nclimatisation<\/strong>. Or, cette demande accrue proviendrait<br \/>\nprincipalement des pays en d\u00e9veloppement, ces derniers \u00e9tant les<br \/>\nplus impact\u00e9s par les vagues de chaleur. Selon les auteurs, ces<br \/>\nm\u00eames pays devraient totaliser <strong>pas moins d\u2019un milliard de<br \/>\nclimatiseurs d\u2019ici \u00e0 2030.\u00a0<\/strong><\/p>\n<p>N\u00e9anmoins, les climatiseurs posent \u00e9galement des questions sur<br \/>\nle plan de la sant\u00e9. Selon certaines croyances populaires, la<br \/>\n\u00ab\u00a0clim\u00a0\u00bb <strong>rendrait malade en causant des<br \/>\nrhumes<\/strong>, de la toux ou encore, la grippe. Mais quel est<br \/>\nl\u2019avis des experts sur le sujet ?<\/p>\n<p>Dans <a href=\"https:\/\/www.daikin.be\/fr_be\/particulier\/inspiration\/articles\/climatisation-sante.html\" target=\"_blank\" rel=\"noopener nofollow\">une publication<\/a> datant de 2019,<br \/>\nle fabriquant japonais de climatiseurs Daikin expliquait que<br \/>\nd\u2019\u00e9ventuels probl\u00e8mes de sant\u00e9 peuvent <strong>r\u00e9sulter d\u2019une<br \/>\nmauvaise utilisation de l\u2019appareil.<\/strong> La soci\u00e9t\u00e9 conseillait<br \/>\nd\u2019entretenir r\u00e9guli\u00e8rement les filtres du climatiseur entre une et<br \/>\ndeux fois par an. Autre recommandation : limiter les \u00e9carts de<br \/>\ntemp\u00e9rature. En effet, il est judicieux d\u2019\u00e9viter les \u00e9carts trop<br \/>\nimportants entre la temp\u00e9rature int\u00e9rieure et la temp\u00e9rature<br \/>\next\u00e9rieure. L\u2019\u00e9cart id\u00e9al est de 6\u00b0C, le but \u00e9tant de <strong>se<br \/>\npr\u00e9munir d\u2019une fragilisation de l\u2019organisme<\/strong>, rendant ce<br \/>\ndernier plus sensible aux infections.<\/p>\n<p><img loading=\"lazy\" data-lazyloaded=\"1\" decoding=\"async\" class=\"size-full wp-image-293595\" src=\"https:\/\/www.europesays.com\/fr\/wp-content\/uploads\/2025\/06\/iStock-1368514998.jpg\" alt=\"climatiseur climatisation\" width=\"1254\" height=\"836\"  data-\/><\/p>\n<p class=\"istock-credit\" style=\"text-align:center\">Cr\u00e9dit :<br \/>\niStock<\/p>\n<p>Cr\u00e9dits : Lazy_Bear \/ iStockUn seul danger : la diffusion de virus<\/p>\n<p>En propageant l\u2019air, la climatisation est <strong>parfois<br \/>\nresponsable de la propagation de virus<\/strong> pr\u00e9sents dans l\u2019air<br \/>\nsi celui-ci n\u2019est que tr\u00e8s peu renouvel\u00e9. Autrement dit, la machine<br \/>\nn\u2019est pas un agent pathog\u00e8ne en soi mais peut \u00eatre un facteur de<br \/>\ncontamination, un sujet ayant eu son importance dans certains pays<br \/>\nlors de la r\u00e9cente crise du COVID.<\/p>\n<p>En 2022, <a href=\"https:\/\/www.inspq.qc.ca\/publications\/3251\" target=\"_blank\" rel=\"noopener nofollow\">une \u00e9tude<\/a> men\u00e9e par l\u2019Institut<br \/>\nnational de sant\u00e9 publique du Qu\u00e9bec (Canada) a \u00e9galement soulign\u00e9<br \/>\nles <strong>cons\u00e9quences d\u2019un appareil mal utilis\u00e9 ou mal<br \/>\nentretenu<\/strong>. Ces travaux rappelaient que la climatisation<br \/>\ns\u2019utilise dans des conditions impliquant la fermeture de l\u2019espace<br \/>\nint\u00e9rieur. L\u2019objectif ? Llimiter l\u2019introduction d\u2019un air chaud et<br \/>\nhumide susceptible de nuire \u00e0 l\u2019efficacit\u00e9 de l\u2019appareil. Or, ces<br \/>\nconditions peuvent bloquer l\u2019introduction de polluants ext\u00e9rieurs<br \/>\net abaisser le taux d\u2019humidit\u00e9 relative, ce qui est une bonne chose<br \/>\nsur le plan de la sant\u00e9. N\u00e9anmoins, un appareil dont les filtres ne<br \/>\nsont pas r\u00e9guli\u00e8rement chang\u00e9s peut \u00eatre une source d\u2019accumulation<br \/>\nde contaminants de source int\u00e9rieure et de <strong>diffusion de<br \/>\ncontaminants microbiologiques.<\/strong><\/p>\n<p>L\u2019\u00e9tude qu\u00e9becoise \u00e9voquait \u00e9galement le <strong>ph\u00e9nom\u00e8ne de<br \/>\nsurclimatisation<\/strong>, c\u2019est \u00e0 dire lorsque la machine est<br \/>\nr\u00e9gl\u00e9e \u00e0 des temp\u00e9ratures trop basses ou est utilis\u00e9e sur une<br \/>\np\u00e9riode trop longue. La liste des sympt\u00f4mes est assez longue :<br \/>\naugmentation de la fr\u00e9quence cardiaque et des risques de d\u00e9velopper<br \/>\ndes sympt\u00f4mes allergiques, c\u00e9phal\u00e9es, s\u00e9cheresse des muqueuses<br \/>\nnasales, des yeux et de la gorge. Il peut \u00e9galement \u00eatre question<br \/>\nde sympt\u00f4mes de stress thermique d\u00fb au froid. En somme, outre la<br \/>\npossible diffusion de virus, les climatiseurs ne sont<br \/>\n<strong>g\u00e9n\u00e9ralement pas dangereux mais peuvent parfois \u00eatre source<br \/>\nd\u2019inconfort.<\/strong><\/p>\n","protected":false},"excerpt":{"rendered":"Lors des grandes chaleurs, les personnes \u00e9quip\u00e9es actionnent leur climatiseur. Seulement voila, certains individus pensent que ce type&hellip;\n","protected":false},"author":2,"featured_media":208804,"comment_status":"","ping_status":"","sticky":false,"template":"","format":"standard","meta":{"footnotes":""},"categories":[10],"tags":[1011,27,72,71],"class_list":{"0":"post-208803","1":"post","2":"type-post","3":"status-publish","4":"format-standard","5":"has-post-thumbnail","7":"category-sante","8":"tag-fr","9":"tag-france","10":"tag-health","11":"tag-sante"},"share_on_mastodon":{"url":"https:\/\/pubeurope.com\/@fr\/114756397715175798","error":""},"_links":{"self":[{"href":"https:\/\/www.europesays.com\/fr\/wp-json\/wp\/v2\/posts\/208803","targetHints":{"allow":["GET"]}}],"collection":[{"href":"https:\/\/www.europesays.com\/fr\/wp-json\/wp\/v2\/posts"}],"about":[{"href":"https:\/\/www.europesays.com\/fr\/wp-json\/wp\/v2\/types\/post"}],"author":[{"embeddable":true,"href":"https:\/\/www.europesays.com\/fr\/wp-json\/wp\/v2\/users\/2"}],"replies":[{"embeddable":true,"href":"https:\/\/www.europesays.com\/fr\/wp-json\/wp\/v2\/comments?post=208803"}],"version-history":[{"count":0,"href":"https:\/\/www.europesays.com\/fr\/wp-json\/wp\/v2\/posts\/208803\/revisions"}],"wp:featuredmedia":[{"embeddable":true,"href":"https:\/\/www.europesays.com\/fr\/wp-json\/wp\/v2\/media\/208804"}],"wp:attachment":[{"href":"https:\/\/www.europesays.com\/fr\/wp-json\/wp\/v2\/media?parent=208803"}],"wp:term":[{"taxonomy":"category","embeddable":true,"href":"https:\/\/www.europesays.com\/fr\/wp-json\/wp\/v2\/categories?post=208803"},{"taxonomy":"post_tag","embeddable":true,"href":"https:\/\/www.europesays.com\/fr\/wp-json\/wp\/v2\/tags?post=208803"}],"curies":[{"name":"wp","href":"https:\/\/api.w.org\/{rel}","templated":true}]}}