{"id":208807,"date":"2025-06-27T17:01:10","date_gmt":"2025-06-27T17:01:10","guid":{"rendered":"https:\/\/www.europesays.com\/fr\/208807\/"},"modified":"2025-06-27T17:01:10","modified_gmt":"2025-06-27T17:01:10","slug":"clap-de-fin-entre-marion-cotillard-et-guillaume-canet-qui-annoncent-leur-separation","status":"publish","type":"post","link":"https:\/\/www.europesays.com\/fr\/208807\/","title":{"rendered":"Clap de fin entre Marion Cotillard et Guillaume Canet qui annoncent leur s\u00e9paration"},"content":{"rendered":"<p>Les histoires d\u2019amour finissent mal\u2026 en g\u00e9n\u00e9ral. Ce vendredi, <a href=\"https:\/\/www.20minutes.fr\/dossier\/marion_cotillard\" class=\"color-ultramarine c-link\" target=\"_blank\" rel=\"noopener\">Marion Cotillard<\/a> et <a href=\"https:\/\/www.20minutes.fr\/dossier\/guillaume_canet\" class=\"color-ultramarine c-link\" target=\"_blank\" rel=\"noopener\">Guillaume Canet<\/a>, couple star du <a href=\"https:\/\/www.20minutes.fr\/arts-stars\/cinema\/\" class=\"color-ultramarine c-link\" target=\"_blank\" rel=\"noopener\">cin\u00e9ma<\/a> fran\u00e7ais, ont annonc\u00e9 leur s\u00e9paration \u00ab\u00a0d\u2019un commun accord\u00a0\u00bb, dans un communiqu\u00e9 transmis par leur entourage \u00e0 l\u2019AFP.<\/p>\n<p>\u00ab\u00a0Une bienveillance mutuelle\u00a0\u00bb<\/p>\n<p>\u00ab\u00a0Apr\u00e8s 18 ans de vie commune, Marion Cotillard et Guillaume Canet ont d\u00e9cid\u00e9 de se s\u00e9parer d\u2019un commun accord, selon ce communiqu\u00e9. Cette d\u00e9cision a \u00e9t\u00e9 prise dans une bienveillance mutuelle\u00a0\u00bb.<\/p>\n<p>Marion Cotillard, 49 ans, et Guillaume Canet, 52 ans, \u00ab\u00a0parents de deux enfants, partagent ici cette d\u00e9cision afin d\u2019\u00e9viter toutes sp\u00e9culations, rumeurs et interpr\u00e9tations hasardeuses\u00a0\u00bb, poursuit le communiqu\u00e9.<\/p>\n<\/p>\n<p>\u00ab\u00a0En faisant preuve de transparence via ce communiqu\u00e9, Marion Cotillard et Guillaume Canet expriment \u00e9galement la volont\u00e9 que leur vie priv\u00e9e, et surtout celle de leurs deux enfants, soit respect\u00e9e.\u00a0\u00bb<\/p>\n<p>Deux noms du cin\u00e9ma<\/p>\n<p>Marion Cotillard, l\u2019un des visages du septi\u00e8me art fran\u00e7ais \u00e0 l\u2019international, oscaris\u00e9e pour La M\u00f4me en\u00a02008, et Guillaume Canet, l\u2019un des acteurs les plus demand\u00e9s du cin\u00e9ma tricolore, devenu un r\u00e9alisateur \u00e0 succ\u00e8s, ont r\u00e9guli\u00e8rement travaill\u00e9 ensemble.<\/p>\n<p><a href=\"https:\/\/www.20minutes.fr\/arts-stars\/cinema\/\" class=\"c-link c-btn c-btn--primary\" target=\"_blank\" rel=\"noopener\">Notre rubrique Cin\u00e9ma<\/a><\/p>\n<p>Marion Cotillard a notamment tourn\u00e9 dans Les Petits Mouchoirs (2010) et dans Ast\u00e9rix et Ob\u00e9lix\u00a0: L\u2019Empire du Milieu (2023), r\u00e9alis\u00e9s par Guillaume Canet.<\/p>\n","protected":false},"excerpt":{"rendered":"Les histoires d\u2019amour finissent mal\u2026 en g\u00e9n\u00e9ral. Ce vendredi, Marion Cotillard et Guillaume Canet, couple star du cin\u00e9ma&hellip;\n","protected":false},"author":2,"featured_media":208808,"comment_status":"","ping_status":"","sticky":false,"template":"","format":"standard","meta":{"footnotes":""},"categories":[8],"tags":[1376,650,1193,58,59,1011,27,12574,34774,973],"class_list":{"0":"post-208807","1":"post","2":"type-post","3":"status-publish","4":"format-standard","5":"has-post-thumbnail","7":"category-divertissement","8":"tag-amour","9":"tag-cinema","10":"tag-couple","11":"tag-divertissement","12":"tag-entertainment","13":"tag-fr","14":"tag-france","15":"tag-guillaume-canet","16":"tag-marion-cotillard","17":"tag-people"},"share_on_mastodon":{"url":"https:\/\/pubeurope.com\/@fr\/114756407205800796","error":""},"_links":{"self":[{"href":"https:\/\/www.europesays.com\/fr\/wp-json\/wp\/v2\/posts\/208807","targetHints":{"allow":["GET"]}}],"collection":[{"href":"https:\/\/www.europesays.com\/fr\/wp-json\/wp\/v2\/posts"}],"about":[{"href":"https:\/\/www.europesays.com\/fr\/wp-json\/wp\/v2\/types\/post"}],"author":[{"embeddable":true,"href":"https:\/\/www.europesays.com\/fr\/wp-json\/wp\/v2\/users\/2"}],"replies":[{"embeddable":true,"href":"https:\/\/www.europesays.com\/fr\/wp-json\/wp\/v2\/comments?post=208807"}],"version-history":[{"count":0,"href":"https:\/\/www.europesays.com\/fr\/wp-json\/wp\/v2\/posts\/208807\/revisions"}],"wp:featuredmedia":[{"embeddable":true,"href":"https:\/\/www.europesays.com\/fr\/wp-json\/wp\/v2\/media\/208808"}],"wp:attachment":[{"href":"https:\/\/www.europesays.com\/fr\/wp-json\/wp\/v2\/media?parent=208807"}],"wp:term":[{"taxonomy":"category","embeddable":true,"href":"https:\/\/www.europesays.com\/fr\/wp-json\/wp\/v2\/categories?post=208807"},{"taxonomy":"post_tag","embeddable":true,"href":"https:\/\/www.europesays.com\/fr\/wp-json\/wp\/v2\/tags?post=208807"}],"curies":[{"name":"wp","href":"https:\/\/api.w.org\/{rel}","templated":true}]}}