{"id":208811,"date":"2025-06-27T17:03:12","date_gmt":"2025-06-27T17:03:12","guid":{"rendered":"https:\/\/www.europesays.com\/fr\/208811\/"},"modified":"2025-06-27T17:03:12","modified_gmt":"2025-06-27T17:03:12","slug":"le-sp-500-atteint-un-nouveau-record-en-seance-grace-a-laccord-entre-les-etats-unis-et-la-chine","status":"publish","type":"post","link":"https:\/\/www.europesays.com\/fr\/208811\/","title":{"rendered":"le S&#038;P 500 atteint un nouveau record en s\u00e9ance gr\u00e2ce \u00e0 l\u2019accord entre les \u00c9tats-Unis et la Chine"},"content":{"rendered":"<p>L\u2019indice \u00e9largi a d\u00e9pass\u00e9 les 6160 points \u00e0 la Bourse de New York, record datant du mois de f\u00e9vrier, effa\u00e7ant les pertes du d\u00e9but de mandat de Donald Trump.<\/p>\n<p class=\"fig-paragraph\">Le S&amp;P 500 a atteint un nouveau record en s\u00e9ance \u00e0 l\u2019ouverture de la Bourse de New York vendredi, les investisseurs \u00e9tant rassur\u00e9s par la validation d\u2019un\u00a0<a href=\"http:\/\/www.lefigaro.fr\/conjoncture\/terres-rares-les-etats-unis-ont-valide-l-accord-avec-la-chine-dit-trump-20250627\" data-fig-type=\"NewsFlash\" data-gtm-custom-categorie=\"navigation\" data-gtm-custom-action=\"crossclick\" data-gtm-custom-label=\"Contextuel\" data-gtm-event=\"customEventSPE\" data-fig-domain=\"LEFIGARO\" rel=\"nofollow noopener\" target=\"_blank\">accord commercial entre Washington et P\u00e9kin<\/a>, tout en dig\u00e9rant un nouvel indice de l\u2019inflation aux \u00c9tats-Unis. Le S&amp;P 500 a d\u00e9pass\u00e9 son plus haut historique en s\u00e9ance datant du mois de f\u00e9vrier, effa\u00e7ant ainsi l\u2019int\u00e9gralit\u00e9 des pertes caus\u00e9es par\u00a0<a href=\"http:\/\/www.lefigaro.fr\/conjoncture\/il-change-de-discours-tous-les-jours-pourquoi-l-imprevisibilite-de-donald-trump-plombe-l-economie-mondiale-20250412\" data-fig-type=\"NewsFlash\" data-gtm-custom-categorie=\"navigation\" data-gtm-custom-action=\"crossclick\" data-gtm-custom-label=\"Contextuel\" data-gtm-event=\"customEventSPE\" data-fig-domain=\"LEFIGARO\" rel=\"nofollow noopener\" target=\"_blank\">l\u2019incertitude de la politique \u00e9conomique de Donald Trump<\/a>.<\/p>\n<p class=\"fig-paragraph\">L\u2019indice \u00e9largi prenait vers 13H50 GMT 0,34% \u00e0 6162,20 points. L\u2019indice \u00e0 coloration technologique Nasdaq \u00e9voluait lui non loin de son record (+0,32%) et le Dow Jones prenait 0,53%. \u00abTout ce qui favorise le commerce et apaise les craintes de guerres commerciales (&#8230;) rendra le march\u00e9 heureux\u00bb, commente aupr\u00e8s de l\u2019AFP Kim Forrest, de Bokeh Capital Partners.<\/p>\n<p>Accord sur les terres rares<\/p>\n<p class=\"fig-paragraph\">La Maison-Blanche a fait \u00e9tat jeudi d\u2019avanc\u00e9es en mati\u00e8re de n\u00e9gociations commerciales avec la Chine, un responsable ayant pr\u00e9cis\u00e9 que les deux parties avaient valid\u00e9 un accord portant sur l\u2019acc\u00e9l\u00e9ration des\u00a0<a href=\"http:\/\/www.lefigaro.fr\/vox\/economie\/bertille-bayart-terres-rares-l-atout-maitre-de-xi-jinping-20250624\" data-fig-type=\"Article\" data-gtm-custom-categorie=\"navigation\" data-gtm-custom-action=\"crossclick\" data-gtm-custom-label=\"Contextuel\" data-gtm-event=\"customEventSPE\" data-fig-domain=\"LEFIGARO\" rel=\"nofollow noopener\" target=\"_blank\">exp\u00e9ditions de terres rares vers les \u00c9tats-Unis<\/a>. Le minist\u00e8re du Commerce chinois a confirm\u00e9 vendredi matin \u00ables d\u00e9tails\u00bb de l\u2019accord, affirmant que les \u00c9tats-Unis allaient \u00ablever une s\u00e9rie de mesures restrictives\u00bb commerciales visant P\u00e9kin. Cet accord fait suite \u00e0 des pourparlers \u00e0 Gen\u00e8ve en mai, \u00e0 l\u2019issue desquels les deux parties avaient accept\u00e9 de r\u00e9duire temporairement les droits de douane prohibitifs qu\u2019ils imposaient sur leurs produits respectifs.<\/p>\n<p class=\"fig-paragraph\">C\u00f4t\u00e9 indicateurs, l\u2019indice PCE pour le mois de mai, jauge de l\u2019inflation privil\u00e9gi\u00e9e par la banque centrale am\u00e9ricaine (Fed), a montr\u00e9 que la hausse des prix s\u2019\u00e9tait de nouveau acc\u00e9l\u00e9r\u00e9e en mai aux \u00c9tats-Unis, conform\u00e9ment aux attentes des analystes. Les prix ont progress\u00e9 de 2,3% sur un an en mai contre 2,2% le mois pr\u00e9c\u00e9dent (valeur r\u00e9vis\u00e9e \u00e0 la hausse, l\u2019indice avait \u00e9t\u00e9 annonc\u00e9 en progression de 2,1% en avril). Ces donn\u00e9es \u00abne sont pas forc\u00e9ment mauvaises. Le march\u00e9 n\u2019en a pas \u00e9t\u00e9 perturb\u00e9\u00bb, estime Kim Forrest.<\/p>\n<p>Nike s\u2019envole<\/p>\n<p class=\"fig-paragraph\">Toutefois, les d\u00e9penses de consommation s\u2019affichent en repli de 0,1% d\u2019un mois sur l\u2019autre. Les revenus des m\u00e9nages ont quant \u00e0 eux recul\u00e9 de 0,4%. C\u2019est \u00abune surprise pour la plupart des acteurs du march\u00e9\u00bb, souligne dans une note Carl B. Weinberg, de HFE. Dans ce contexte, sur le march\u00e9 obligataire, le rendement des emprunts d\u2019\u00c9tat am\u00e9ricains \u00e0 10 ans se tendait \u00e0 4,27%, contre 4,25% jeudi en cl\u00f4ture.<\/p>\n<p class=\"fig-paragraph\">Au tableau des valeurs, l\u2019\u00e9quipementier sportif\u00a0<a href=\"http:\/\/www.lefigaro.fr\/flash-eco\/nike-tente-de-se-redresser-malgre-des-ventes-toujours-en-baisse-au-quatrieme-trimestre-20250626\" data-fig-type=\"NewsFlash\" data-gtm-custom-categorie=\"navigation\" data-gtm-custom-action=\"crossclick\" data-gtm-custom-label=\"Contextuel\" data-gtm-event=\"customEventSPE\" data-fig-domain=\"LEFIGARO\" rel=\"nofollow noopener\" target=\"_blank\">Nike\u00a0<\/a>s\u2019envolait (+14,84% \u00e0 71,84 dollars) apr\u00e8s avoir publi\u00e9 jeudi soir des r\u00e9sultats en baisse au quatri\u00e8me trimestre de son exercice d\u00e9cal\u00e9, mais meilleurs qu\u2019attendu par les analystes. Entre mars et mai, le groupe de Beaverton (Oregon, nord-ouest) a vu son chiffre d\u2019affaires se replier de 14% sur un an \u00e0 11,1 milliards de dollars. Le consensus des analystes de FactSet avait anticip\u00e9 10,73 milliards.<\/p>\n<p class=\"fig-paragraph\">D\u2019autres sp\u00e9cialistes de l\u2019habillement sportif profitaient de l\u2019\u00e9lan de Nike, tel que Lululemon athletica (+1,45% \u00e0 234,93 dollars) ou le chausseur Deckers Outdoor (+2,46% \u00e0 104,41 dollars), qui contr\u00f4le notamment la marque Hoka de chaussures de course. Le g\u00e9ant am\u00e9ricain du commerce \u00e9lectronique Amazon (+1,82% \u00e0 221,08 dollars) et l\u2019avionneur Boeing (+1,83% \u00e0 206,29 dollars) \u00e9taient tous deux port\u00e9s par la r\u00e9\u00e9valuation \u00e0 la hausse de leur titre par BNP Paribas Exane.<\/p>\n","protected":false},"excerpt":{"rendered":"L\u2019indice \u00e9largi a d\u00e9pass\u00e9 les 6160 points \u00e0 la Bourse de New York, record datant du mois de&hellip;\n","protected":false},"author":2,"featured_media":208812,"comment_status":"","ping_status":"","sticky":false,"template":"","format":"standard","meta":{"footnotes":""},"categories":[6],"tags":[339,340,35,343,345,350,130,344,352,349,33,34,341,313,1011,27,346,342,353,351,347,348,34783,354,6901],"class_list":{"0":"post-208811","1":"post","2":"type-post","3":"status-publish","4":"format-standard","5":"has-post-thumbnail","7":"category-economie","8":"tag-actualite-economique","9":"tag-bourse","10":"tag-business","11":"tag-cac-40","12":"tag-chef-dentreprise","13":"tag-concurrence","14":"tag-consommation","15":"tag-creation-dentreprise","16":"tag-crise","17":"tag-delocalisations","18":"tag-economie","19":"tag-economy","20":"tag-emploi","21":"tag-entreprises","22":"tag-fr","23":"tag-france","24":"tag-grands-patrons","25":"tag-impots","26":"tag-licenciements","27":"tag-monopole","28":"tag-multinationales","29":"tag-privatisation","30":"tag-sp-500","31":"tag-unio","32":"tag-wall-street"},"share_on_mastodon":{"url":"","error":""},"_links":{"self":[{"href":"https:\/\/www.europesays.com\/fr\/wp-json\/wp\/v2\/posts\/208811","targetHints":{"allow":["GET"]}}],"collection":[{"href":"https:\/\/www.europesays.com\/fr\/wp-json\/wp\/v2\/posts"}],"about":[{"href":"https:\/\/www.europesays.com\/fr\/wp-json\/wp\/v2\/types\/post"}],"author":[{"embeddable":true,"href":"https:\/\/www.europesays.com\/fr\/wp-json\/wp\/v2\/users\/2"}],"replies":[{"embeddable":true,"href":"https:\/\/www.europesays.com\/fr\/wp-json\/wp\/v2\/comments?post=208811"}],"version-history":[{"count":0,"href":"https:\/\/www.europesays.com\/fr\/wp-json\/wp\/v2\/posts\/208811\/revisions"}],"wp:featuredmedia":[{"embeddable":true,"href":"https:\/\/www.europesays.com\/fr\/wp-json\/wp\/v2\/media\/208812"}],"wp:attachment":[{"href":"https:\/\/www.europesays.com\/fr\/wp-json\/wp\/v2\/media?parent=208811"}],"wp:term":[{"taxonomy":"category","embeddable":true,"href":"https:\/\/www.europesays.com\/fr\/wp-json\/wp\/v2\/categories?post=208811"},{"taxonomy":"post_tag","embeddable":true,"href":"https:\/\/www.europesays.com\/fr\/wp-json\/wp\/v2\/tags?post=208811"}],"curies":[{"name":"wp","href":"https:\/\/api.w.org\/{rel}","templated":true}]}}