{"id":208818,"date":"2025-06-27T17:07:42","date_gmt":"2025-06-27T17:07:42","guid":{"rendered":"https:\/\/www.europesays.com\/fr\/208818\/"},"modified":"2025-06-27T17:07:42","modified_gmt":"2025-06-27T17:07:42","slug":"une-balade-culturelle-organisee-sur-son-trace","status":"publish","type":"post","link":"https:\/\/www.europesays.com\/fr\/208818\/","title":{"rendered":"une balade culturelle organis\u00e9e sur son trac\u00e9"},"content":{"rendered":"<p>Anne de Beaumont, de Place aux pi\u00e9tons, et Nad\u00e8ge Niquet, d\u2019Histoire et Patrimoine, y croient dur comme fer.<\/p>\n<p>Si pour le moment, l\u2019id\u00e9e d\u2019une \u00ab transversale\u00a0\u00bb entre les gares de Ch\u00e2teaucreux et du Clapier (un axe s\u00e9curis\u00e9 et apais\u00e9, propice aux d\u00e9placements des pi\u00e9tons) n\u2019en est qu\u2019au stade de l\u2019\u00e9bauche, ces deux b\u00e9n\u00e9voles d\u2019associations comptent bien en faire la promotion.<\/p>\n<p>  Des quartiers sur le trajet du projet de la Transversale<\/p>\n<p>Elles le feront ce samedi 28\u00a0juin, en proposant une d\u00e9ambulation patrimoniale, en d\u00e9but d\u2019apr\u00e8s-midi de 12 \u00e0 16 heures, entre la place Fourneyron et le site du Puits Couriot.<\/p>\n<p>\u00ab\u00a0Nous nous sommes rapproch\u00e9es du centre social du Babet et de la maison de quartier du Cr\u00eat-de-Roc, \u00e0 l\u2019occasion de leur <a href=\"https:\/\/www.leprogres.fr\/societe\/2025\/03\/11\/la-f-esta-des-rues-annonce-deja-l-ete\" target=\"_blank\" rel=\"noopener\">Fiesta des rues<\/a>, car ces quartiers sont sur le trajet du projet de la transversale. Cette f\u00eate est aussi l\u2019occasion de rapprocher deux quartiers st\u00e9phanois \u00e9loign\u00e9s g\u00e9ographiquement mais pas socialement. Et l\u2019id\u00e9e d\u2019un axe pi\u00e9ton d\u2019est en ouest leur pla\u00eet bien aussi\u00a0\u00bb, explique Anne de Beaumont.<\/p>\n<p>  Plusieurs haltes patrimoniales sont pr\u00e9vues le long du trajet<\/p>\n<p>Ce sera donc une balade culturelle, ax\u00e9e autour de l\u2019histoire d\u2019une partie de Saint-Etienne, sur le secteur de cet axe est\/ouest si cher \u00e0 Place aux pi\u00e9tons. L\u2019aspect urbanistique ainsi que les d\u00e9placements pi\u00e9tons s\u00e9curis\u00e9s seront \u00e9galement abord\u00e9s.<\/p>\n<p>Cette d\u00e9ambulation sera anim\u00e9e par les membres d\u2019Histoire et Patrimoine, de Place aux pi\u00e9tons et d\u2019une urbaniste. Elle partira de la place Fourneyron, au niveau du haut de la rue de la R\u00e9publique pour rejoindre la gare du Clapier et le Puits Couriot.<\/p>\n<p>Des haltes sont pr\u00e9vues rue de la R\u00e9publique, place Dorian, de l\u2019H\u00f4tel-de-Ville, rue Michel-Rondet, au palais de justice et dans le quartier de Tarentaise, anciennement Le Panassa.<\/p>\n<p>  Les places de l\u2019H\u00f4tel-de-Ville et de Jean-Jaur\u00e8s \u00e9taient des jardins priv\u00e9s qui appartenaient au Clerg\u00e9<\/p>\n<p>\u00ab\u00a0Un gros zoom est pr\u00e9vu place Fourneyron, qui est tr\u00e8s ancienne et date de l\u2019ancienne route de Lyon, qui allait jusqu\u2019au Puy-en-Velay, avant la R\u00e9volution fran\u00e7aise, explique Nad\u00e8ge Niquet. \u00c0 l\u2019\u00e9poque, l\u2019axe nord\/sud n\u2019existait pas et les places de l\u2019H\u00f4tel-de-Ville et de Jean-Jaur\u00e8s \u00e9taient des jardins priv\u00e9s qui appartenaient au Clerg\u00e9.\u00a0\u00bb<\/p>\n<p>  Rouvrir les anciennes traboules, id\u00e9ales pour les pi\u00e9tons<\/p>\n<p>La rue de la R\u00e9publique aussi est tr\u00e8s ancienne et li\u00e9e aux rubaniers. Ces n\u00e9gociants y faisaient leur commerce. La rue de la R\u00e9publique disposait d\u2019une dizaine de traboules qui permettaient de rejoindre facilement la rue des Fr\u00e8res-Chappe, o\u00f9 les passementiers tissaient les rubans. Des traboules qu\u2019Anne de Beaumont aimerait bien voir rouvrir\u00a0: \u00ab\u00a0Ces raccourcis, hors la circulation des v\u00e9hicules, sont id\u00e9als pour les pi\u00e9tons\u00a0\u00bb.<\/p>\n<p>\u00ab\u00a0Vers 16 heures, \u00e0 la fin de cette d\u00e9ambulation, nous rejoindrons les animations de la Fiesta des rues \u00e0 Couriot. Nous y tiendrons un stand d\u2019information sur le projet de la Transversale\u00a0\u00bb, conclut Anne de Beaumont. Cette promenade sera \u00e9galement propos\u00e9e en septembre pour les Journ\u00e9es du patrimoine.<\/p>\n<p class=\"note\">Samedi 28\u00a0juin, Fiesta des rues de 14 \u00e0 23 heures au parc Joseph-Sanguedolce (Puits Couriot). D\u00e9ambulation patrimoniale de 12 heures \u00e0 16 heures au d\u00e9part de la place Fourneyron.<\/p>\n","protected":false},"excerpt":{"rendered":"Anne de Beaumont, de Place aux pi\u00e9tons, et Nad\u00e8ge Niquet, d\u2019Histoire et Patrimoine, y croient dur comme fer.&hellip;\n","protected":false},"author":2,"featured_media":208819,"comment_status":"","ping_status":"","sticky":false,"template":"","format":"standard","meta":{"footnotes":""},"categories":[9653],"tags":[1111,11,2430,3542,7539,436,1777,674,1011,27,937,9588,12,25,4001,7538,71,104,2803,1631],"class_list":{"0":"post-208818","1":"post","2":"type-post","3":"status-publish","4":"format-standard","5":"has-post-thumbnail","7":"category-saint-etienne","8":"tag-actu","9":"tag-actualites","10":"tag-auvergne-rhone-alpes","11":"tag-circulation","12":"tag-edition-loire-sud","13":"tag-environnement","14":"tag-eu","15":"tag-europe","16":"tag-fr","17":"tag-france","18":"tag-histoire","19":"tag-ici-on-agit","20":"tag-news","21":"tag-republique-francaise","22":"tag-saint-etienne","23":"tag-saint-etienne-ville","24":"tag-sante","25":"tag-societe","26":"tag-transport","27":"tag-vie-associative"},"share_on_mastodon":{"url":"https:\/\/pubeurope.com\/@fr\/114756428979771010","error":""},"_links":{"self":[{"href":"https:\/\/www.europesays.com\/fr\/wp-json\/wp\/v2\/posts\/208818","targetHints":{"allow":["GET"]}}],"collection":[{"href":"https:\/\/www.europesays.com\/fr\/wp-json\/wp\/v2\/posts"}],"about":[{"href":"https:\/\/www.europesays.com\/fr\/wp-json\/wp\/v2\/types\/post"}],"author":[{"embeddable":true,"href":"https:\/\/www.europesays.com\/fr\/wp-json\/wp\/v2\/users\/2"}],"replies":[{"embeddable":true,"href":"https:\/\/www.europesays.com\/fr\/wp-json\/wp\/v2\/comments?post=208818"}],"version-history":[{"count":0,"href":"https:\/\/www.europesays.com\/fr\/wp-json\/wp\/v2\/posts\/208818\/revisions"}],"wp:featuredmedia":[{"embeddable":true,"href":"https:\/\/www.europesays.com\/fr\/wp-json\/wp\/v2\/media\/208819"}],"wp:attachment":[{"href":"https:\/\/www.europesays.com\/fr\/wp-json\/wp\/v2\/media?parent=208818"}],"wp:term":[{"taxonomy":"category","embeddable":true,"href":"https:\/\/www.europesays.com\/fr\/wp-json\/wp\/v2\/categories?post=208818"},{"taxonomy":"post_tag","embeddable":true,"href":"https:\/\/www.europesays.com\/fr\/wp-json\/wp\/v2\/tags?post=208818"}],"curies":[{"name":"wp","href":"https:\/\/api.w.org\/{rel}","templated":true}]}}