{"id":208820,"date":"2025-06-27T17:08:09","date_gmt":"2025-06-27T17:08:09","guid":{"rendered":"https:\/\/www.europesays.com\/fr\/208820\/"},"modified":"2025-06-27T17:08:09","modified_gmt":"2025-06-27T17:08:09","slug":"athletisme-championnats-auvergne-rhone-alpes-repetition-generale-a-saint-etienne","status":"publish","type":"post","link":"https:\/\/www.europesays.com\/fr\/208820\/","title":{"rendered":"Athl\u00e9tisme. Championnats Auvergne-Rh\u00f4ne-Alpes : r\u00e9p\u00e9tition g\u00e9n\u00e9rale \u00e0 Saint-Etienne"},"content":{"rendered":"<p>H\u00e9l\u00e8ne Krzepisz, la pr\u00e9sidente du Coquelicot 42, et toute son \u00e9quipe sont dans les starting-blocks. Dans trois semaines, quelque 2\u00a0300 athl\u00e8tes et leur entourage vont franchir les portes du Parc des sports de l\u2019Etivalli\u00e8re pour les championnats de France Avenir, qui regroupent les cat\u00e9gories espoirs, juniors et cadets. Autant dire que la pression monte du c\u00f4t\u00e9 du stade Henri-Lux.<\/p>\n<p>Ainsi, les R\u00e9gionaux de ce week-end, qui absorbent \u00e9galement les seniors et les masters, se pr\u00e9sentent comme une grande r\u00e9p\u00e9tition g\u00e9n\u00e9rale \u00e0 bien des \u00e9gards. En termes d\u2019organisation tout d\u2019abord pour le club st\u00e9phanois, support de la&#8230;<\/p>\n","protected":false},"excerpt":{"rendered":"H\u00e9l\u00e8ne Krzepisz, la pr\u00e9sidente du Coquelicot 42, et toute son \u00e9quipe sont dans les starting-blocks. Dans trois semaines,&hellip;\n","protected":false},"author":2,"featured_media":208821,"comment_status":"","ping_status":"","sticky":false,"template":"","format":"standard","meta":{"footnotes":""},"categories":[9653],"tags":[1111,11,4132,2430,7539,1777,674,1011,27,12,25,4001,7538,517],"class_list":{"0":"post-208820","1":"post","2":"type-post","3":"status-publish","4":"format-standard","5":"has-post-thumbnail","7":"category-saint-etienne","8":"tag-actu","9":"tag-actualites","10":"tag-athletisme","11":"tag-auvergne-rhone-alpes","12":"tag-edition-loire-sud","13":"tag-eu","14":"tag-europe","15":"tag-fr","16":"tag-france","17":"tag-news","18":"tag-republique-francaise","19":"tag-saint-etienne","20":"tag-saint-etienne-ville","21":"tag-sport"},"share_on_mastodon":{"url":"https:\/\/pubeurope.com\/@fr\/114756432925302221","error":""},"_links":{"self":[{"href":"https:\/\/www.europesays.com\/fr\/wp-json\/wp\/v2\/posts\/208820","targetHints":{"allow":["GET"]}}],"collection":[{"href":"https:\/\/www.europesays.com\/fr\/wp-json\/wp\/v2\/posts"}],"about":[{"href":"https:\/\/www.europesays.com\/fr\/wp-json\/wp\/v2\/types\/post"}],"author":[{"embeddable":true,"href":"https:\/\/www.europesays.com\/fr\/wp-json\/wp\/v2\/users\/2"}],"replies":[{"embeddable":true,"href":"https:\/\/www.europesays.com\/fr\/wp-json\/wp\/v2\/comments?post=208820"}],"version-history":[{"count":0,"href":"https:\/\/www.europesays.com\/fr\/wp-json\/wp\/v2\/posts\/208820\/revisions"}],"wp:featuredmedia":[{"embeddable":true,"href":"https:\/\/www.europesays.com\/fr\/wp-json\/wp\/v2\/media\/208821"}],"wp:attachment":[{"href":"https:\/\/www.europesays.com\/fr\/wp-json\/wp\/v2\/media?parent=208820"}],"wp:term":[{"taxonomy":"category","embeddable":true,"href":"https:\/\/www.europesays.com\/fr\/wp-json\/wp\/v2\/categories?post=208820"},{"taxonomy":"post_tag","embeddable":true,"href":"https:\/\/www.europesays.com\/fr\/wp-json\/wp\/v2\/tags?post=208820"}],"curies":[{"name":"wp","href":"https:\/\/api.w.org\/{rel}","templated":true}]}}