{"id":208822,"date":"2025-06-27T17:09:11","date_gmt":"2025-06-27T17:09:11","guid":{"rendered":"https:\/\/www.europesays.com\/fr\/208822\/"},"modified":"2025-06-27T17:09:11","modified_gmt":"2025-06-27T17:09:11","slug":"la-descente-aux-enfers-dun-marginal","status":"publish","type":"post","link":"https:\/\/www.europesays.com\/fr\/208822\/","title":{"rendered":"la descente aux enfers d\u2019un marginal"},"content":{"rendered":"<p>Geoffrey G\u00e9rard est une pub vivante contre les addictions, en g\u00e9n\u00e9ral, et contre l\u2019alcoolisme, en particulier. Issu d\u2019un milieu modeste mais aimant et structur\u00e9, ce Nanc\u00e9ien de 35 ans aurait pu avoir une vie ordinaire. Il se voyait travailler dans une boulangerie, comme sa m\u00e8re.<\/p>\n<p>Au lieu de cela, il est parti en vrille et se retrouve ce vendredi dans le box de la cour criminelle d\u00e9partementale de Nancy. Il a&#8230;<\/p>\n","protected":false},"excerpt":{"rendered":"Geoffrey G\u00e9rard est une pub vivante contre les addictions, en g\u00e9n\u00e9ral, et contre l\u2019alcoolisme, en particulier. Issu d\u2019un&hellip;\n","protected":false},"author":2,"featured_media":208823,"comment_status":"","ping_status":"","sticky":false,"template":"","format":"standard","meta":{"footnotes":""},"categories":[9635],"tags":[1111,11,271,272,1704,1777,674,274,1011,27,775,3457,1702,1703,12,3456,25],"class_list":{"0":"post-208822","1":"post","2":"type-post","3":"status-publish","4":"format-standard","5":"has-post-thumbnail","7":"category-nancy","8":"tag-actu","9":"tag-actualites","10":"tag-crime","11":"tag-delit-et-contravention","12":"tag-edition-nancy-et-agglomeration","13":"tag-eu","14":"tag-europe","15":"tag-faits-divers-justice","16":"tag-fr","17":"tag-france","18":"tag-grand-est","19":"tag-meurthe-et-moselle","20":"tag-nancy","21":"tag-nancy-ville-54b","22":"tag-news","23":"tag-region-lorraine","24":"tag-republique-francaise"},"share_on_mastodon":{"url":"https:\/\/pubeurope.com\/@fr\/114756436944386694","error":""},"_links":{"self":[{"href":"https:\/\/www.europesays.com\/fr\/wp-json\/wp\/v2\/posts\/208822","targetHints":{"allow":["GET"]}}],"collection":[{"href":"https:\/\/www.europesays.com\/fr\/wp-json\/wp\/v2\/posts"}],"about":[{"href":"https:\/\/www.europesays.com\/fr\/wp-json\/wp\/v2\/types\/post"}],"author":[{"embeddable":true,"href":"https:\/\/www.europesays.com\/fr\/wp-json\/wp\/v2\/users\/2"}],"replies":[{"embeddable":true,"href":"https:\/\/www.europesays.com\/fr\/wp-json\/wp\/v2\/comments?post=208822"}],"version-history":[{"count":0,"href":"https:\/\/www.europesays.com\/fr\/wp-json\/wp\/v2\/posts\/208822\/revisions"}],"wp:featuredmedia":[{"embeddable":true,"href":"https:\/\/www.europesays.com\/fr\/wp-json\/wp\/v2\/media\/208823"}],"wp:attachment":[{"href":"https:\/\/www.europesays.com\/fr\/wp-json\/wp\/v2\/media?parent=208822"}],"wp:term":[{"taxonomy":"category","embeddable":true,"href":"https:\/\/www.europesays.com\/fr\/wp-json\/wp\/v2\/categories?post=208822"},{"taxonomy":"post_tag","embeddable":true,"href":"https:\/\/www.europesays.com\/fr\/wp-json\/wp\/v2\/tags?post=208822"}],"curies":[{"name":"wp","href":"https:\/\/api.w.org\/{rel}","templated":true}]}}