{"id":208826,"date":"2025-06-27T17:11:11","date_gmt":"2025-06-27T17:11:11","guid":{"rendered":"https:\/\/www.europesays.com\/fr\/208826\/"},"modified":"2025-06-27T17:11:11","modified_gmt":"2025-06-27T17:11:11","slug":"ca-narrive-quune-fois-dans-la-vie-les-militaires-de-la-dga-defileront-le-14-juillet-a-paris","status":"publish","type":"post","link":"https:\/\/www.europesays.com\/fr\/208826\/","title":{"rendered":"\u00ab\u00a0\u00c7a n\u2019arrive qu\u2019une fois dans la vie\u00a0\u00bb: les militaires de la DGA d\u00e9fileront le 14 juillet \u00e0 Paris"},"content":{"rendered":"<p>Une longue langue d\u2019asphalte coinc\u00e9e entre deux champs parsem\u00e9s de meules de foin\u2026 Difficile de s\u2019imaginer sur les Champs Elys\u00e9es.<\/p>\n<p>Depuis deux semaines, c\u2019est pourtant ce que font les militaires de la Direction g\u00e9n\u00e9rale de l\u2019armement qui s\u2019entra\u00eenent sur la base nature Fran\u00e7ois L\u00e9otard de Fr\u00e9jus en vue du d\u00e9fil\u00e9 du 14 juillet \u00e0 Paris.<\/p>\n<p>Dans un ultime virage \u00e0 droite, ils vont m\u00eame jusqu\u2019\u00e0 simuler le salut au pr\u00e9sident de la R\u00e9publique, le chef des arm\u00e9es qui, comme \u00e0 chaque F\u00eate nationale, sera dans la tribune officiel au bas de la plus belle avenue du monde.<\/p>\n<p>En qu\u00eate de coh\u00e9sion<\/p>\n<p>\u00ab\u00a0Garde \u00e0 vous! Pour les gendarmes, portez armes! Prendre les dispositions pr\u00e9paratoires au d\u00e9fil\u00e9. Quatre grands pas en avant, marche!\u00a0\u00bb A la t\u00eate du d\u00e9tachement qui compte quelque 80 personnels de l\u2019ensemble des 18 sites de la DGA, l\u2019ing\u00e9nieur en chef de l\u2019armement Claire (1), en poste \u00e0 DGA Techniques Navales \u00e0 Toulon, n\u2019est pas une habitu\u00e9e du pas cadenc\u00e9.<\/p>\n<p>\u00ab\u00a0Je n\u2019ai jamais d\u00e9fil\u00e9 de ma vie. Ma seule pratique remonte \u00e0 l\u2019an dernier quand je r\u00e9p\u00e9tais ici m\u00eame en tant que rempla\u00e7ante. Mais finalement, j\u2019avais regard\u00e9 le d\u00e9fil\u00e9 depuis les tribunes\u2026\u00a0\u00bb, raconte celle qui, le 1er juillet prochain, prendra la direction du programme des sous-marins nucl\u00e9aires lanceurs d\u2019engins de 3e g\u00e9n\u00e9ration.<\/p>\n<p>              <img ci-src=\"https:\/\/www.varmatin.com\/marine\/protec\/DATA_ART_15784335-haPv8gA7.jpg?vh=8b7b51&amp;ci_seal=d582bd0ac9\" alt=\"\"\/><br \/>\n        Pour \u00eatre fin pr\u00eats \u00e0 d\u00e9filer \u00e0 Paris le 14 juillet prochain, quelque 80 personnels de la Direction g\u00e9n\u00e9rale de l\u2019armement, pour l\u2019essentiel des ing\u00e9nieurs, s\u2019entra\u00eenent actuellement sur la base nature de Fr\u00e9jus. Et c\u2019est l\u2019ing\u00e9nieur en chef de l\u2019armement Claire qui, cette ann\u00e9e, conduira le d\u00e9tachement. (Photo ABJ \/ Var-matin). <strong>Photo ABJ.<\/strong> <\/p>\n<p>Une exp\u00e9rience inachev\u00e9e en quelque sorte mais qui lui est bien utile aujourd\u2019hui. \u00ab\u00a0\u00c0 un peu plus de deux semaines du d\u00e9fil\u00e9, je suis plus sereine que l\u2019an dernier\u00a0\u00bb, confie-t-elle entre deux r\u00e9p\u00e9titions.<\/p>\n<p>Le d\u00e9fi est pourtant de taille: \u00ab\u00a0Cela ne fait que trois ans que la DGA participe au d\u00e9fil\u00e9 militaire du 14 juillet \u00e0 Paris. Les personnels s\u00e9lectionn\u00e9s sont des ing\u00e9nieurs de l\u2019armement, des ing\u00e9nieurs des \u00e9tudes et techniques de l\u2019armement, ou encore des commissaires d\u2019ancrage armement. Aucun de nous n\u2019est habitu\u00e9 \u00e0 d\u00e9filer. Toute la difficult\u00e9 consiste donc \u00e0 cr\u00e9er de la coh\u00e9sion entre nous pour que notre passage sur les Champs Elys\u00e9es soit r\u00e9ussi \u00ab\u00a0, explique l\u2019ing\u00e9nieur en chef de l\u2019armement Claire, qui se dit \u00ab\u00a0tr\u00e8s fi\u00e8re et excit\u00e9e \u00e0 l\u2019id\u00e9e de d\u00e9filer pour mon pays et devant le Pr\u00e9sident\u00a0\u00bb.<\/p>\n<p>Beaucoup d\u2019\u00e9nergie et d\u2019attention<\/p>\n<p>Elle n\u2019est pas la seule dans ce cas. Parmi les 80 personnes qui r\u00e9p\u00e8tent ce mercredi matin \u00e0 Fr\u00e9jus &#8211; \u00ab\u00a0Que des volontaires\u00a0\u00bb, pr\u00e9cise Claire -, l\u2019ing\u00e9nieur en chef des \u00e9tudes et techniques de l\u2019armement St\u00e9phanie (1) ressent \u00ab\u00a0beaucoup de fiert\u00e9 de repr\u00e9senter la DGA lors du d\u00e9fil\u00e9 militaire\u00a0\u00bb.<\/p>\n<p>Elle non plus n\u2019a aucune exp\u00e9rience de \u00ab\u00a0l\u2019ordre serr\u00e9\u00a0\u00bb, si ce n\u2019est pendant son ann\u00e9e d\u2019acculturation aupr\u00e8s des forces, dans un r\u00e9giment de l\u2019arm\u00e9e de l\u2019Air \u00e0 Orl\u00e9ans. Mais pour rien au monde elle n\u2019aurait voulu rater cette opportunit\u00e9.<\/p>\n<p>\u00ab\u00a0D\u00e9filer sur les Champs Elys\u00e9es est un \u00e9v\u00e9nement \u00e0 caract\u00e8re exceptionnel. \u00c7a n\u2019arrive qu\u2019une fois dans la vie\u00a0\u00bb. Alors l\u2019ing\u00e9nieur en chef St\u00e9phanie prend les r\u00e9p\u00e9titions tr\u00e8s au s\u00e9rieux. \u00ab\u00a0L\u2019entra\u00eenement est assez difficile parce qu\u2019on ne se conna\u00eet pas, on n\u2019a pas d\u2019automatisme. \u00c7a demande beaucoup d\u2019\u00e9nergie, surtout avec la chaleur. Et aussi \u00e9norm\u00e9ment d\u2019attention. Mais c\u2019est un super catalyseur de coh\u00e9sion\u00a0\u00bb.<\/p>\n<p>Un investissement de tous les instants qui commence \u00e0 payer. L\u2019ing\u00e9nieur St\u00e9phanie l\u2019assure: \u00ab\u00a0On a progress\u00e9 par rapport \u00e0 la premi\u00e8re semaine\u00a0\u00bb.<\/p>\n<p>1. Pour des questions de s\u00e9curit\u00e9, seul le pr\u00e9nom des militaires est communiqu\u00e9.<\/p>\n","protected":false},"excerpt":{"rendered":"Une longue langue d\u2019asphalte coinc\u00e9e entre deux champs parsem\u00e9s de meules de foin\u2026 Difficile de s\u2019imaginer sur les&hellip;\n","protected":false},"author":2,"featured_media":208827,"comment_status":"","ping_status":"","sticky":false,"template":"","format":"standard","meta":{"footnotes":""},"categories":[9619],"tags":[1111,11,554,1777,674,1011,27,6128,12,882,25,2310],"class_list":{"0":"post-208826","1":"post","2":"type-post","3":"status-publish","4":"format-standard","5":"has-post-thumbnail","7":"category-toulon","8":"tag-actu","9":"tag-actualites","10":"tag-defense","11":"tag-eu","12":"tag-europe","13":"tag-fr","14":"tag-france","15":"tag-marine","16":"tag-news","17":"tag-provence-alpes-cote-dazur","18":"tag-republique-francaise","19":"tag-toulon"},"share_on_mastodon":{"url":"https:\/\/pubeurope.com\/@fr\/114756444717058955","error":""},"_links":{"self":[{"href":"https:\/\/www.europesays.com\/fr\/wp-json\/wp\/v2\/posts\/208826","targetHints":{"allow":["GET"]}}],"collection":[{"href":"https:\/\/www.europesays.com\/fr\/wp-json\/wp\/v2\/posts"}],"about":[{"href":"https:\/\/www.europesays.com\/fr\/wp-json\/wp\/v2\/types\/post"}],"author":[{"embeddable":true,"href":"https:\/\/www.europesays.com\/fr\/wp-json\/wp\/v2\/users\/2"}],"replies":[{"embeddable":true,"href":"https:\/\/www.europesays.com\/fr\/wp-json\/wp\/v2\/comments?post=208826"}],"version-history":[{"count":0,"href":"https:\/\/www.europesays.com\/fr\/wp-json\/wp\/v2\/posts\/208826\/revisions"}],"wp:featuredmedia":[{"embeddable":true,"href":"https:\/\/www.europesays.com\/fr\/wp-json\/wp\/v2\/media\/208827"}],"wp:attachment":[{"href":"https:\/\/www.europesays.com\/fr\/wp-json\/wp\/v2\/media?parent=208826"}],"wp:term":[{"taxonomy":"category","embeddable":true,"href":"https:\/\/www.europesays.com\/fr\/wp-json\/wp\/v2\/categories?post=208826"},{"taxonomy":"post_tag","embeddable":true,"href":"https:\/\/www.europesays.com\/fr\/wp-json\/wp\/v2\/tags?post=208826"}],"curies":[{"name":"wp","href":"https:\/\/api.w.org\/{rel}","templated":true}]}}