{"id":208832,"date":"2025-06-27T17:14:19","date_gmt":"2025-06-27T17:14:19","guid":{"rendered":"https:\/\/www.europesays.com\/fr\/208832\/"},"modified":"2025-06-27T17:14:19","modified_gmt":"2025-06-27T17:14:19","slug":"une-saison-exceptionnelle-de-retour-en-d1-et-qualifie-en-demi-finale-montpellier-a-ete-la-revelation-du-championnat-de-france","status":"publish","type":"post","link":"https:\/\/www.europesays.com\/fr\/208832\/","title":{"rendered":"\u00ab\u00a0Une saison exceptionnelle\u00a0\u00bb, de retour en D1 et qualifi\u00e9 en demi-finale, Montpellier a \u00e9t\u00e9 la r\u00e9v\u00e9lation du championnat de France"},"content":{"rendered":"<p>\n                                                                Battu par le futur champion Laval aux portes de la finale, le MMF a retrouv\u00e9 les hautes sph\u00e8res du futsal fran\u00e7ais. Il devra confirmer d\u00e8s la saison prochaine avec le m\u00eame effectif et le m\u00eame entra\u00eeneur.\n                            <\/p>\n<p>\u00ab\u00a0Une saison exceptionnelle\u00a0\u00bb, dixit le pr\u00e9sident du Montpellier M\u00e9diterran\u00e9e Futsal, Ali Arab. De retour dans l\u2019\u00e9lite nationale apr\u00e8s plusieurs saisons de reconstruction, le MMF a surpris son monde en d\u00e9crochant une place en phases finales.<\/p>\n<p>Et puisqu\u2019il s\u2019est pris au jeu, le club h\u00e9raultais peut m\u00eame nourrir un l\u00e9ger regret d\u2019avoir \u00e9t\u00e9 doubl\u00e9 sur le fil \u00e0 la troisi\u00e8me lors de la derni\u00e8re journ\u00e9e par Goal FC, futur finaliste.<\/p>\n<p>Finalement quatri\u00e8mes, les Montpelli\u00e9rains ont d\u00fb affronter le futur champion en demi-finale (d\u00e9faites 5-1 et 6-3)\u00a0: \u00ab\u00a0C\u2019est dommage d\u2019avoir \u00e9chou\u00e9 aux portes de la finale mais Laval \u00e9tait intouchable, ce qui n\u2019\u00e9tait pas le cas les autres \u00e9quipes. On a vu un manque de maturit\u00e9 de cet effectif de 23 ans de moyenne d\u2019\u00e2ge sur des moments clefs en fin de saison r\u00e9guli\u00e8re. Il nous a manqu\u00e9 un petit point.\u00a0\u00bb<\/p>\n<p>\u00ab\u00a0Enrichissante et compliqu\u00e9e\u00a0\u00bb<\/p>\n<p>Mais Montpellier ne peut pas faire la fine bouche. Promus en D1 avec un groupe tr\u00e8s jeune dont aucun joueur n\u2019avait jamais jou\u00e9 au plus haut niveau fran\u00e7ais, les hommes de l\u2019entra\u00eeneur Mohamed Nezlioui, \u00e9lu meilleur coach de la saison par le diffuseur Futsal Zone, peuvent \u00eatre satisfaits du travail accompli\u00a0: \u00ab\u00a0Cette saison a \u00e9t\u00e9 \u00e0 la fois enrichissante et compliqu\u00e9e, il a fallu redoubler d\u2019efforts mais on a \u00e9t\u00e9 r\u00e9compens\u00e9s, explique le technicien arriv\u00e9 l\u2019\u00e9t\u00e9 dernier dans l\u2019H\u00e9rault.\u00a0Elle va faire grandir tout le monde\u00a0: les joueurs, l\u2019entra\u00eeneur et le club. Beaucoup de joueurs se sont r\u00e9v\u00e9l\u00e9s. Aucun n\u2019avait jou\u00e9 dans ce championnat, on termine quatri\u00e8me en produisant du beau jeu\u2026 Je savais ce qu\u2019ils valaient, leurs qualit\u00e9s et leurs d\u00e9fauts.\u00a0\u00bb<\/p>\n<p>Au bout d\u2019un mois et demi de vacances, le staff et l\u2019effectif du MMF reprendront le chemin de l\u2019entra\u00eenement le 28\u00a0juillet pour une reprise du championnat d\u00e9but septembre. \u00ab\u00a0Tous les joueurs se sont engag\u00e9s \u00e0 jouer pour Montpellier la saison prochaine, annonce le pr\u00e9sident Ali Arab. On ne parlera plus de manque de maturit\u00e9 puisqu\u2019ils auront un an de v\u00e9cu en commun. On aura un ou deux renforts. On va aussi renforcer le staff avec l\u2019arriv\u00e9e d\u2019un entra\u00eeneur adjoint choisi par Mohamed Nezlioui.\u00a0\u00bb<\/p>\n<p>\u00ab\u00a0Gardons l\u2019humilit\u00e9\u00a0\u00bb<\/p>\n<p>Et le dirigeant pr\u00e9vient\u00a0: \u00ab\u00a0La saison prochaine, on se battra peut-\u00eatre pour se maintenir, \u00e7a va vite dans le futsal. Gardons l\u2019humilit\u00e9 qui nous caract\u00e9rise. On est pass\u00e9 \u00e0 la DNCG qui a valid\u00e9 notre budget avec un encadrement normal de la masse salariale. On a encore une grosse marge de progression sur la structuration du club. D\u00e8s la saison prochaine, nous allons travailler avec Mazoki Consulting, sp\u00e9cialiste dans le marketing sportif, avec Cap Sant\u00e9 pour la partie m\u00e9dicale et nous avons un nouveau partenariat avec Adidas pour la partie \u00e9quipementier. Il y aura des embauches sur la partie administrative. Le club apprend \u00e0 \u00eatre professionnel, il se structure.\u00a0\u00bb<\/p>\n","protected":false},"excerpt":{"rendered":"Battu par le futur champion Laval aux portes de la finale, le MMF a retrouv\u00e9 les hautes sph\u00e8res&hellip;\n","protected":false},"author":2,"featured_media":208833,"comment_status":"","ping_status":"","sticky":false,"template":"","format":"standard","meta":{"footnotes":""},"categories":[9599],"tags":[1111,11,1777,674,1011,27,2208,12,2680,25],"class_list":{"0":"post-208832","1":"post","2":"type-post","3":"status-publish","4":"format-standard","5":"has-post-thumbnail","7":"category-montpellier","8":"tag-actu","9":"tag-actualites","10":"tag-eu","11":"tag-europe","12":"tag-fr","13":"tag-france","14":"tag-montpellier","15":"tag-news","16":"tag-occitanie","17":"tag-republique-francaise"},"share_on_mastodon":{"url":"https:\/\/pubeurope.com\/@fr\/114756456595025864","error":""},"_links":{"self":[{"href":"https:\/\/www.europesays.com\/fr\/wp-json\/wp\/v2\/posts\/208832","targetHints":{"allow":["GET"]}}],"collection":[{"href":"https:\/\/www.europesays.com\/fr\/wp-json\/wp\/v2\/posts"}],"about":[{"href":"https:\/\/www.europesays.com\/fr\/wp-json\/wp\/v2\/types\/post"}],"author":[{"embeddable":true,"href":"https:\/\/www.europesays.com\/fr\/wp-json\/wp\/v2\/users\/2"}],"replies":[{"embeddable":true,"href":"https:\/\/www.europesays.com\/fr\/wp-json\/wp\/v2\/comments?post=208832"}],"version-history":[{"count":0,"href":"https:\/\/www.europesays.com\/fr\/wp-json\/wp\/v2\/posts\/208832\/revisions"}],"wp:featuredmedia":[{"embeddable":true,"href":"https:\/\/www.europesays.com\/fr\/wp-json\/wp\/v2\/media\/208833"}],"wp:attachment":[{"href":"https:\/\/www.europesays.com\/fr\/wp-json\/wp\/v2\/media?parent=208832"}],"wp:term":[{"taxonomy":"category","embeddable":true,"href":"https:\/\/www.europesays.com\/fr\/wp-json\/wp\/v2\/categories?post=208832"},{"taxonomy":"post_tag","embeddable":true,"href":"https:\/\/www.europesays.com\/fr\/wp-json\/wp\/v2\/tags?post=208832"}],"curies":[{"name":"wp","href":"https:\/\/api.w.org\/{rel}","templated":true}]}}