{"id":208834,"date":"2025-06-27T17:15:10","date_gmt":"2025-06-27T17:15:10","guid":{"rendered":"https:\/\/www.europesays.com\/fr\/208834\/"},"modified":"2025-06-27T17:15:10","modified_gmt":"2025-06-27T17:15:10","slug":"voici-les-rendez-vous-du-dernier-weekend-de-juin","status":"publish","type":"post","link":"https:\/\/www.europesays.com\/fr\/208834\/","title":{"rendered":"voici les rendez-vous du dernier weekend de juin"},"content":{"rendered":"<p>            Par<br \/>\n        <strong><br \/>\n            <a href=\"https:\/\/actu.fr\/auteur\/fmass\" title=\"Consulter tous les articles de Fabien Massin\" rel=\"nofollow noopener\" target=\"_blank\">Fabien Massin<\/a><br \/>\n        <\/strong><\/p>\n<p>        Publi\u00e9 le<\/p>\n<p>            27 juin 2025 \u00e0 18h28        <\/p>\n<p>Envie de chiner en ce dernier weekend de juin en <a href=\"https:\/\/actu.fr\/normandie\/seine-maritime_76\" rel=\"nofollow noopener\" target=\"_blank\">Seine-Maritime<\/a> ? Voici quelques <a href=\"https:\/\/actu.fr\/tag\/foires-a-tout\" rel=\"nofollow noopener\" target=\"_blank\">foires \u00e0 tout<\/a> et <a href=\"https:\/\/actu.fr\/tag\/vide-greniers\" rel=\"nofollow noopener\" target=\"_blank\">vide-greniers<\/a> \u00e0 noter dans votre agenda des samedi 28 et dimanche 29 avril 2025\u00a0<\/p>\n<p>Les rendez-vous de samedi<\/p>\n<p class=\" wall-content\"><strong>\u2022 Buchy :<\/strong> vide-greniers dans la Grande-Rue.\u00a0<\/p>\n<p class=\" wall-content\"><strong>\u2022 Compainville :<\/strong> brocante et f\u00eate du village \u00e0 la salle des f\u00eates, de 6h \u00e0 minuit. Entr\u00e9e gratuite, de 100 \u00e0 200 exposants.\u00a0<\/p>\n<p class=\" wall-content\"><strong>\u2022 Le Havre :<\/strong> puces nautiques quai \u00c9ric-Tabarly, de 10h \u00e0 18h. Entr\u00e9e gratuite, moins de 50 exposants.\u00a0<\/p>\n<p class=\" wall-content\"><strong>\u2022 Le Tr\u00e9port :<\/strong> braderie au chapiteau de la plage, de 9h \u00e0 18. Entr\u00e9e gratuite.<\/p>\n<p class=\" wall-content\"><strong>\u2022 Notre-Dame-de-Bondeville :<\/strong> foire \u00e0 tout au \u00a0complexe sportif Marcel Sauvage, de 8h \u00e0 17h30. Entr\u00e9e gratuite, moins de 50 exposants.\u00a0<\/p>\n<p>Vid\u00e9os : en ce moment sur Actu<\/p>\n<p class=\" wall-content\"><strong>\u2022 Paluel :<\/strong> foire \u00e0 tout route du tennis, de 8h \u00e0 18h. Entr\u00e9e gratuite, de 50 \u00e0 100 exposants.\u00a0<\/p>\n<p class=\" wall-content\"><strong>\u2022 Rouen :<\/strong> vide-greniers dans le jardin de l\u2019ehpad Korian le Jardin, de 10h \u00e0 17h. Entr\u00e9e gratuite, moins de 50 exposants.\u00a0<\/p>\n<p class=\" wall-content\"><strong>\u2022 Rouen :<\/strong> braderie de livres d\u2019occasion du secours populaire, aux Docks 76, de 10h \u00e0 20h. Entr\u00e9e gratuite.\u00a0<\/p>\n<p class=\" wall-content\"><strong>\u2022 Rouen :<\/strong> foire \u00e0 tout place Joffre, de 5h30 \u00e0 18h. Entr\u00e9e gratuite, de 50 \u00e0 100 exposants.\u00a0<\/p>\n<p class=\" wall-content\"><strong>\u2022 Y\u00e9bleron :<\/strong> vide-greniers au 770, route de Saint-Maclou, de 10h \u00e0 18h. Entr\u00e9e gratuite, moins de 50 exposants.\u00a0<\/p>\n<p>Les rendez-vous de dimanche<\/p>\n<p class=\" wall-content\"><strong>\u2022 Bacqueville-en-Caux :<\/strong> foire \u00e0 tout place du G\u00e9n\u00e9ral-de-Gaulle, de 8h \u00e0 18h. Entr\u00e9e gratuite, entre 50 et 100 exposants.\u00a0<\/p>\n<p class=\" wall-content\"><strong>\u2022 Beaumont-le-Hareng :<\/strong> brocante devant la mairie. Entr\u00e9e gratuite, entre 50 et 100 exposants.\u00a0<\/p>\n<p class=\" wall-content\"><strong>\u2022 Bellencombre :<\/strong> brocante au stade de foot, de 5h30 \u00e0 18h. Entre 100 et 200 exposants.\u00a0<\/p>\n<p class=\" wall-content\"><strong>\u2022 Bois-Guillaume :<\/strong> foire \u00e0 tout au parc des cosmonautes, de 6h30 \u00e0 17h. Entr\u00e9e gratuite, entre 200 et 300 exposants.\u00a0<\/p>\n<p class=\" wall-content\"><strong>\u2022 Bolbec :<\/strong> vide-greniers esplanade du Val-au-Gr\u00e8s, de 8h \u00e0 18h. Entr\u00e9e 1 euro, entre 50 et 100 exposants.\u00a0<\/p>\n<p class=\" wall-content\"><strong>\u2022 Buchy :<\/strong> vide-greniers dans la Grande-Rue.\u00a0<\/p>\n<p class=\" wall-content\"><strong>\u2022 Cliponville :<\/strong> vide-greniers au stade de foot, de 9h \u00e0 18h. Entr\u00e9e gratuite, moins de 50 exposants.\u00a0<\/p>\n<p class=\" wall-content\"><strong>\u2022 Croix-Mare :<\/strong> foire \u00e0 tout impasse du stade, de 8h \u00e0 18h. Entr\u00e9e gratuite, entre 200 et 300 exposants.\u00a0<\/p>\n<p class=\" wall-content\"><strong>\u2022 Dieppe :<\/strong> bourse de collections \u00e0 la maison des associations, de 9h \u00e0 midi. Entr\u00e9e gratuite, moins de 50 exposants.\u00a0<\/p>\n<p class=\" wall-content\"><strong>\u2022 Envermeu :<\/strong> brocante au stade de foot, de 9h \u00e0 18h. Entr\u00e9e gratuite, de 50 \u00e0 100 exposants.\u00a0<\/p>\n<p class=\" wall-content\"><strong>\u2022 Eslettes :<\/strong> foire \u00e0 tout \u00e0 la ZAC du Pollen, de 8h \u00e0 18h. Entr\u00e9e gratuite, de 50 \u00e0 100 exposants.\u00a0<\/p>\n<p class=\" wall-content\"><strong>\u2022 Eu :<\/strong> vide-greniers sur les parkings du lyc\u00e9e Anguier, de 7h \u00e0 17h. Entr\u00e9e gratuite, moins de 50 exposants.\u00a0<\/p>\n<p class=\" wall-content\"><strong>\u2022 F\u00e9camp :<\/strong> vide-greniers au 198, avenue du Mar\u00e9chal-de Lattre-de-Tassigny, de 8h \u00e0 18h. Entr\u00e9e gratuite.\u00a0<\/p>\n<p class=\" wall-content\"><strong>\u2022 Fesques :<\/strong> foire \u00e0 tout \u00e0 la salle des f\u00eates, de 6h \u00e0 18h. Entr\u00e9e gratuite, moins de 50 exposants.\u00a0<\/p>\n<p class=\" wall-content\"><strong>\u2022 Froberville :<\/strong> vide-greniers \u00e0 l\u2019aire de pique-nique route d\u2019\u00c9tretat, de 8h \u00e0 17h. Entr\u00e9e 1 euro, moins de 50 exposants.\u00a0<\/p>\n<p class=\" wall-content\"><strong>\u2022 H\u00e9ronchelles :<\/strong> foire \u00e0 tout \u00e0 c\u00f4t\u00e9 de l\u2019\u00e9glise, de 7h \u00e0 18h. Entr\u00e9e gratuite, moins de 50 exposants.\u00a0<\/p>\n<p class=\" wall-content\"><strong>\u2022 La Remu\u00e9e :<\/strong> vide-greniers \u00e0 la salle omnisports, de 7h30 \u00e0 18h. Entr\u00e9e 1 euro, de 50 \u00e0 100 exposants.\u00a0<\/p>\n<p class=\" wall-content\"><strong>\u2022 Le Havre :<\/strong> vide-greniers \u00e0 la salle des f\u00eates de Bl\u00e9ville, de 8h \u00e0 18h. Entr\u00e9e 1 euro, entre 50 et 100 exposants.\u00a0<\/p>\n<p class=\" wall-content\"><strong>\u2022 Le Havre :<\/strong> braderie impasse des Ormeaux, de 9h \u00e0 17h. Entr\u00e9e gratuite, moins de 50 exposants.\u00a0<\/p>\n<p class=\" wall-content\"><strong>\u2022 Le Tr\u00e9port :<\/strong> braderie au chapiteau de la plage, de 9h \u00e0 18. Entr\u00e9e gratuite.<\/p>\n<p class=\" wall-content\"><strong>\u2022 Les Authieux-sur-le-port-Saint-Ouen :<\/strong> vide-greniers au 1022, rue des Canadiens, \u00e0 partir de 6h. Entr\u00e9e gratuite, de 50 \u00e0 100 exposants.\u00a0<\/p>\n<p class=\" wall-content\"><strong>\u2022 Longueville-sur-Scie :<\/strong> foire \u00e0 tout au stade, de 7h \u00e0 18h. Entr\u00e9e gratuite, entre 100 et 200 exposants.\u00a0<\/p>\n<p class=\" wall-content\"><strong>\u2022 Maul\u00e9vrier-Sainte-Gertrude :<\/strong> foire \u00e0 la salle des f\u00eates, de 7h \u00e0 17h. Entr\u00e9e gratuite, entre 50 \u00e0 100 exposants.\u00a0<\/p>\n<p class=\" wall-content\"><strong>\u2022 Montmain :<\/strong> foire \u00e0 tout rue de la mairie, de 8h \u00e0 17h. Entr\u00e9e gratuite, moins de 50 exposants.\u00a0<\/p>\n<p class=\" wall-content\"><strong>\u2022 Ocqueville :<\/strong> vide-greniers route de la c\u00f4te d\u2019Alb\u00e2tre. Entr\u00e9e gratuite, entre 50 et 100 exposants.\u00a0<\/p>\n<p class=\" wall-content\"><strong>\u2022 Offranville :<\/strong> brocante place Dasnias de 7h \u00e0 18h. Entr\u00e9e gratuite.\u00a0<\/p>\n<p class=\" wall-content\"><strong>\u2022 R\u00e9tonval :<\/strong> foire \u00e0 tout dans la rue principale, de 7h \u00e0 18h. Entr\u00e9e gratuite, entre 50 \u00e0 100 exposants.\u00a0<\/p>\n<p class=\" wall-content\"><strong>\u2022 Rouen :<\/strong> braderie de livres d\u2019occasion du secours populaire, aux Docks 76, de 10h \u00e0 20h. Entr\u00e9e gratuite.\u00a0<\/p>\n<p class=\" wall-content\"><strong>\u2022 Rouen :<\/strong> vide-greniers rue des Bons-Enfants, de 8h \u00e0 18h. Entr\u00e9e gratuite, entre 50 \u00e0 100 exposants.\u00a0<\/p>\n<p class=\" wall-content\"><strong>\u2022 Saint-Jacques-sur-Darn\u00e9tal :<\/strong> foire \u00e0 tout parc de la mairie, de 6h \u00e0 18h. Entr\u00e9e gratuite, entre 50 \u00e0 100 exposants.\u00a0<\/p>\n<p class=\" wall-content\"><strong>\u2022 Smermesnil :<\/strong> foire \u00e0 tout route de l\u2019\u00e9glise, de 8h \u00e0 18h.\u00a0<\/p>\n<p class=\" wall-content\"><strong>\u2022 Terres-de-Caux :<\/strong> vide-greniers sur le parking du coll\u00e8ge, de 6h \u00e0 18h. Entr\u00e9e 1 euro, entre 100 \u00e0 200 exposants.\u00a0<\/p>\n<p class=\" wall-content\"><strong>\u2022 Turretot :<\/strong> vide-greniers place du village, de 8h \u00e0 17h. Entr\u00e9e 1 euro, entre 100 et 200 exposants.<\/p>\n<p class=\" wall-content\"><strong>\u2022 Val-de-la-Haye :<\/strong> foire \u00e0 tout rue Henri-Chiv\u00e9, de 9h \u00e0 17h. Entr\u00e9e gratuite, entre 50 et 100 exposants.\u00a0<\/p>\n<p class=\" wall-content\"><strong>\u2022 Yvetot :<\/strong> foire \u00e0 tout sur le champ de foire, de 7h \u00e0 17h30. Entr\u00e9e gratuite, entre 100 et 200 exposants.\u00a0<\/p>\n<p>Vous souhaitez annoncer un \u00e9v\u00e9nement festif ou associatif, une initiative locale ? Rendez-vous sur notre plateforme <a href=\"https:\/\/www.infolocale.fr\/decouvrir\/actu\/\" rel=\"nofollow noopener\" target=\"_blank\">Infolocale<\/a>.<\/p>\n<p class=\" wall-content\">Suivez toute l\u2019actualit\u00e9 de vos villes et m\u00e9dias favoris en vous inscrivant \u00e0 <a href=\"https:\/\/moncompte.actu.fr\" title=\"D\u00e9couvez Mon Actu\" rel=\"nofollow noopener\" data-trk=\"{&quot;cta&quot;:{&quot;action&quot;:&quot;https:\\\/\\\/moncompte.actu.fr&quot;,&quot;category&quot;:&quot;mon compte&quot;,&quot;from&quot;:&quot;article footer&quot;,&quot;name&quot;:&quot;Mon actu&quot;,&quot;type&quot;:&quot;cta&quot;}}\" target=\"_blank\">Mon Actu<\/a>.<\/p>\n<ul class=\"ac-article-tag wall-content\">\n<li><a href=\"https:\/\/actu.fr\/tag\/foires-a-tout\" data-trk=\"{&quot;cta&quot;:{&quot;action&quot;:&quot;Foires \\u00e0 tout&quot;,&quot;category&quot;:&quot;tag&quot;,&quot;from&quot;:&quot;article footer&quot;,&quot;name&quot;:&quot;Foires \\u00e0 tout&quot;,&quot;type&quot;:&quot;cta&quot;}}\" rel=\"nofollow noopener\" target=\"_blank\">#Foires \u00e0 tout<\/a><\/li>\n<li><a href=\"https:\/\/actu.fr\/tag\/vide-greniers\" data-trk=\"{&quot;cta&quot;:{&quot;action&quot;:&quot;Vide-greniers&quot;,&quot;category&quot;:&quot;tag&quot;,&quot;from&quot;:&quot;article footer&quot;,&quot;name&quot;:&quot;Vide-greniers&quot;,&quot;type&quot;:&quot;cta&quot;}}\" rel=\"nofollow noopener\" target=\"_blank\">#Vide-greniers<\/a><\/li>\n<\/ul>\n","protected":false},"excerpt":{"rendered":"Par Fabien Massin Publi\u00e9 le 27 juin 2025 \u00e0 18h28 Envie de chiner en ce dernier weekend de&hellip;\n","protected":false},"author":2,"featured_media":208835,"comment_status":"","ping_status":"","sticky":false,"template":"","format":"standard","meta":{"footnotes":""},"categories":[9587],"tags":[1111,11,1777,674,10087,1011,27,1652,12,5161,25,9590,3365],"class_list":{"0":"post-208834","1":"post","2":"type-post","3":"status-publish","4":"format-standard","5":"has-post-thumbnail","7":"category-rouen","8":"tag-actu","9":"tag-actualites","10":"tag-eu","11":"tag-europe","12":"tag-foires-a-tout","13":"tag-fr","14":"tag-france","15":"tag-loisirs-culture","16":"tag-news","17":"tag-normandie","18":"tag-republique-francaise","19":"tag-rouen","20":"tag-vide-greniers"},"share_on_mastodon":{"url":"https:\/\/pubeurope.com\/@fr\/114756460596870402","error":""},"_links":{"self":[{"href":"https:\/\/www.europesays.com\/fr\/wp-json\/wp\/v2\/posts\/208834","targetHints":{"allow":["GET"]}}],"collection":[{"href":"https:\/\/www.europesays.com\/fr\/wp-json\/wp\/v2\/posts"}],"about":[{"href":"https:\/\/www.europesays.com\/fr\/wp-json\/wp\/v2\/types\/post"}],"author":[{"embeddable":true,"href":"https:\/\/www.europesays.com\/fr\/wp-json\/wp\/v2\/users\/2"}],"replies":[{"embeddable":true,"href":"https:\/\/www.europesays.com\/fr\/wp-json\/wp\/v2\/comments?post=208834"}],"version-history":[{"count":0,"href":"https:\/\/www.europesays.com\/fr\/wp-json\/wp\/v2\/posts\/208834\/revisions"}],"wp:featuredmedia":[{"embeddable":true,"href":"https:\/\/www.europesays.com\/fr\/wp-json\/wp\/v2\/media\/208835"}],"wp:attachment":[{"href":"https:\/\/www.europesays.com\/fr\/wp-json\/wp\/v2\/media?parent=208834"}],"wp:term":[{"taxonomy":"category","embeddable":true,"href":"https:\/\/www.europesays.com\/fr\/wp-json\/wp\/v2\/categories?post=208834"},{"taxonomy":"post_tag","embeddable":true,"href":"https:\/\/www.europesays.com\/fr\/wp-json\/wp\/v2\/tags?post=208834"}],"curies":[{"name":"wp","href":"https:\/\/api.w.org\/{rel}","templated":true}]}}