{"id":208836,"date":"2025-06-27T17:16:10","date_gmt":"2025-06-27T17:16:10","guid":{"rendered":"https:\/\/www.europesays.com\/fr\/208836\/"},"modified":"2025-06-27T17:16:10","modified_gmt":"2025-06-27T17:16:10","slug":"une-association-sindigne-dun-spectacle-de-rapaces-pres-de-rouen-laffaire-degenere-jusqua-la-gendarmerie","status":"publish","type":"post","link":"https:\/\/www.europesays.com\/fr\/208836\/","title":{"rendered":"Une association s&rsquo;indigne d&rsquo;un spectacle de rapaces pr\u00e8s de Rouen, l&rsquo;affaire d\u00e9g\u00e9n\u00e8re jusqu&rsquo;\u00e0 la gendarmerie"},"content":{"rendered":"<p>            Par<br \/>\n        <strong><br \/>\n            <a href=\"https:\/\/actu.fr\/auteur\/jessie-leclerc\" title=\"Consulter tous les articles de Jessie Leclerc\" rel=\"nofollow noopener\" target=\"_blank\">Jessie Leclerc<\/a><br \/>\n        <\/strong><\/p>\n<p>        Publi\u00e9 le<\/p>\n<p>            27 juin 2025 \u00e0 18h42        <\/p>\n<p>Alors que la <strong>F\u00eate Viking de Jumi\u00e8ges<\/strong>, <a href=\"https:\/\/actu.fr\/normandie\/rouen_76540\" rel=\"nofollow noopener\" target=\"_blank\">pr\u00e8s de Rouen (Seine-Maritime)<\/a>, promet deux jours d\u2019animations immersives dans les ruines de l\u2019abbaye, une controverse \u00e9clate autour des <strong>spectacles de rapaces<\/strong>. L\u2019association PAZ d\u00e9nonce leur tenue jug\u00e9e contraire au bien-\u00eatre animal. Une affaire qui a fini par franchir les portes de la gendarmerie. On vous explique.<\/p>\n<p>Un week-end dans l\u2019\u00e9poque Viking<\/p>\n<p class=\" wall-content\">Cette grande f\u00eate des 28 et 29\u00a0juin 2025 est organis\u00e9e par le comit\u00e9 des f\u00eates Jumi\u00e9-Joies en F\u00eate et le D\u00e9partement de la Seine-Maritime, en partenariat avec la commune de Jumi\u00e8ges et l\u2019association Les Enfants de Rollon.<\/p>\n<p class=\" wall-content\"><a href=\"https:\/\/www.instagram.com\/p\/DLNHKz7oHrq\/embed\" title=\"Ouvrir le lien sur Instagram\" rel=\"nofollow noopener\" target=\"_blank\">Visualiser le contenu sur Instagram<\/a><\/p>\n<p class=\" wall-content\">Un week-end riche en animations\u2009: reconstitutions, ateliers, march\u00e9, combats de b\u00e9hourds, banquet\u2026 et, au c\u0153ur de la pol\u00e9mique, <strong>trois spectacles de fauconnerie<\/strong> par jour.<\/p>\n<p>\u00ab\u2009Ce genre de spectacle est d\u00e9pass\u00e9\u2009\u00bb<\/p>\n<p class=\" wall-content\">Si la loi autorise jusqu\u2019en 2028 la pr\u00e9sentation publique d\u2019animaux sauvages, PAZ appelle \u00e0 y renoncer d\u00e8s maintenant. \u00ab\u2009Ce genre de spectacle est d\u00e9pass\u00e9 et <strong>ne devrait plus exister en 2025<\/strong>. Plus de deux tiers des f\u00eates m\u00e9di\u00e9vales avaient d\u00e9j\u00e0 arr\u00eat\u00e9 en 2023\u2009\u00bb, affirme Amandine Sanvisens, fondatrice de l\u2019association nationale.<\/p>\n<p class=\" wall-content\">\u00ab\u2009D\u00e9j\u00e0, \u00e7a n\u2019a rien \u00e0 faire l\u00e0 historiquement, car <strong>il n\u2019y en avait pas au Moyen \u00c2ge<\/strong>. Seuls les tr\u00e8s riches poss\u00e9daient des rapaces, pour la chasse uniquement. Et il peut y avoir de tr\u00e8s belles f\u00eates m\u00e9di\u00e9vales, <a href=\"https:\/\/actu.fr\/normandie\/rouen_76540\/y-aura-t-il-des-animaux-sauvages-aux-fetes-jeanne-d-arc-a-rouen-la-mairie-repond_60953075.html\" rel=\"nofollow noopener\" target=\"_blank\">sans animaux sauvages, comme \u00e0 Rouen<\/a>.\u2009\u00bb<\/p>\n<p>\u00ab\u2009Des animaux exhib\u00e9s\u2009\u00bb<\/p>\n<p class=\" wall-content\">Un des probl\u00e8mes avanc\u00e9 concerne le transport des animaux\u2009: \u00ab\u2009Les compagnies font parfois plusieurs centaines de kilom\u00e8tres, c\u2019est tr\u00e8s \u00e9puisant.\u2009\u00bb<\/p>\n<p class=\" wall-content\"><a href=\"https:\/\/www.instagram.com\/p\/DLZt2L1IH_9\/embed\" title=\"Ouvrir le lien sur Instagram\" rel=\"nofollow noopener\" target=\"_blank\">Visualiser le contenu sur Instagram<\/a><\/p>\n<p class=\" wall-content\">Elle d\u00e9plore aussi les conditions d\u2019entra\u00eenement des oiseaux, \u00ab\u2009souvent priv\u00e9s de nourriture pour ob\u00e9ir\u2009\u00bb ainsi que le <strong>non-respect de leurs besoins sp\u00e9cifiques<\/strong>. \u00ab\u2009Ces spectacles utilisent parfois des animaux nocturnes, comme des chouettes, que l\u2019on force \u00e0 rester \u00e9veill\u00e9es la journ\u00e9e\u2009\u00bb, s\u2019indigne-t-elle.<\/p>\n<p class=\" wall-content\">Selon elle, m\u00eame entre deux repr\u00e9sentations, les oiseaux sont \u00ab\u2009exhib\u00e9s, une situation jug\u00e9e anxiog\u00e8ne et incompatible avec leurs besoins naturels\u2009\u00bb.<\/p>\n<p>Des organisateurs \u00ab\u2009convaincus du bien-\u00eatre animal\u2009\u00bb<\/p>\n<p class=\" wall-content\">Face \u00e0 ces accusations, les organisateurs assurent avoir pris toutes les pr\u00e9cautions n\u00e9cessaires\u2009: \u00ab\u2009On comprend, on s\u2019est pos\u00e9 la question au moment de l\u2019organisation\u2009\u00bb.<\/p>\n<p class=\" wall-content\">\u00ab\u2009On a \u00e9chang\u00e9 sur le sujet et s\u00e9lectionn\u00e9 un prestataire qui nous a <a href=\"https:\/\/actu.fr\/normandie\/montivilliers_76447\/besoin-d-un-conseil-pour-votre-chien-ou-chat-pres-du-havre-une-emission-de-radio-dediee-aux-animaux_62216988.html\" rel=\"nofollow noopener\" target=\"_blank\">convaincus du bien-\u00eatre animal<\/a>. Il a fait plus de 200\u00a0km pour venir jusqu\u2019ici au pr\u00e9alable pour<strong> v\u00e9rifier que l\u2019accueil se ferait dans de bonnes conditions\u2009<\/strong>\u00bb, d\u00e9fend Micha\u00ebl Bidaux, tr\u00e9sorier du comit\u00e9 Jumi\u00e9-Joies en f\u00eate et adjoint au Maire.<\/p>\n<blockquote class=\"ac-article-quote wall-content\">\n<p>Les animaux ne seront pas sur le barnum, mais expos\u00e9s en clairi\u00e8re dans la for\u00eat \u00e0 l&rsquo;ombre avec 100 litres l&rsquo;eau par jour.<\/p>\n<p>    <strong>Micha\u00ebl Bidaux<\/strong><br \/>\n         Tr\u00e9sorier du comit\u00e9 Jumi\u00e8-Joies en f\u00eate, et adjoint au Maire de Jumi\u00e8ges en charge des finances    <\/p><\/blockquote>\n<p class=\" wall-content\">Il affirme que les animaux seront prot\u00e9g\u00e9s dans un p\u00e9rim\u00e8tre s\u00e9curis\u00e9 et que l\u2019organisation tient compte \u00e9galement de la faune locale, comme les chauves-souris pr\u00e9sentes sur le site.<\/p>\n<p class=\" wall-content\">Mais pour l\u2019association PAZ, c\u2019est un \u00e9cran de fum\u00e9e\u2009:<\/p>\n<blockquote class=\"ac-article-quote wall-content\">\n<p>En dehors des spectacles, les rapaces ne volent pas et sont maintenus attach\u00e9s. Ils doivent pourtant pouvoir chasser, voler librement sans contrainte, \u00eatre dans leur environnement naturel : montagne, for\u00eat&#8230;<\/p>\n<p>    <strong>Amandine Sanvisens<\/strong><br \/>\n        Fondatrice de l&rsquo;association PAZ    <\/p><\/blockquote>\n<p class=\" wall-content\">De leur c\u00f4t\u00e9, les organisateurs sont convaincus tout faire pour que les oiseaux se sentent bien. \u00ab\u2009Les animaux peuvent \u00eatre stress\u00e9s, mais ils ne sont pas <a href=\"https:\/\/actu.fr\/normandie\/rouen_76540\/pres-de-rouen-25-chiens-et-17-chats-sauves-de-la-caravane-de-l-horreur-c-est-choquant_61982377.html\" rel=\"nofollow noopener\" target=\"_blank\">mal trait\u00e9s<\/a>\u2009\u00bb, tiennent \u00e0 pr\u00e9ciser Micha\u00ebl Bidaux.<\/p>\n<p>\u00ab\u2009Propos injurieux\u2009\u00bb\u2009: une affaire port\u00e9e devant la gendarmerie<\/p>\n<p class=\" wall-content\">L\u2019affaire prend une autre tournure lorsqu\u2019un des membres de l\u2019organisation re\u00e7oit <strong>un appel virulent<\/strong>, qui proviendrait de l\u2019association PAZ. \u00ab\u2009La personne a \u00e9t\u00e9 tr\u00e8s probl\u00e9matique, elle a tenu des propos injurieux et dit \u2018On va vous taper\u2019\u2009\u00bb.<\/p>\n<p class=\" wall-content\">Sans pour autant porter plainte, la mairie et le comit\u00e9 en ont<strong> inform\u00e9 la gendarmerie<\/strong>. L\u2019association assure pourtant ne pas \u00eatre \u00e0 l\u2019origine de cette altercation. \u00ab\u2009Je n\u2019en ai pas entendu parler. Je ne sais pas de quoi il s\u2019agit, mais nous ne tol\u00e9rons pas \u00e7a\u2009\u00bb, explique Amandine Sanvisens.<\/p>\n<p class=\" wall-content\">\u00ab\u2009Je d\u00e9plore ceci. Nous n\u2019\u00e9changeons que par mail ou visioconf\u00e9rence, dans l\u2019unique but de sensibiliser de fa\u00e7on calme et constructive.\u2009\u00bb<\/p>\n<p class=\" wall-content\">En tout cas une chose est s\u00fbre, les organisateurs ne comptent pas faire marche arri\u00e8re\u2009: \u00ab\u2009<strong>Ces spectacles plaisent au public<\/strong>, ils sont particuli\u00e8rement attendus. Le prestataire choisi est s\u00e9rieux et soucieux du bien-\u00eatre de ses animaux. Il n\u2019y a pas de probl\u00e8me.\u2009\u00bb<\/p>\n<p>Suivez l\u2019actualit\u00e9 de Rouen <a href=\"https:\/\/www.whatsapp.com\/channel\/0029VaKfnf99hXF2ddApFB1D\" rel=\"nofollow noopener\" target=\"_blank\">sur notre cha\u00eene WhatsApp<\/a> et <a href=\"https:\/\/www.tiktok.com\/@76actu.fr?lang=fr\" rel=\"nofollow noopener\" target=\"_blank\">sur notre compte TikTok<\/a><\/p>\n<p class=\" wall-content\">Suivez toute l\u2019actualit\u00e9 de vos villes et m\u00e9dias favoris en vous inscrivant \u00e0 <a href=\"https:\/\/moncompte.actu.fr\" title=\"D\u00e9couvez Mon Actu\" rel=\"nofollow noopener\" data-trk=\"{&quot;cta&quot;:{&quot;action&quot;:&quot;https:\\\/\\\/moncompte.actu.fr&quot;,&quot;category&quot;:&quot;mon compte&quot;,&quot;from&quot;:&quot;article footer&quot;,&quot;name&quot;:&quot;Mon actu&quot;,&quot;type&quot;:&quot;cta&quot;}}\" target=\"_blank\">Mon Actu<\/a>.<\/p>\n<p>                    <script async src=\"\/\/www.instagram.com\/embed.js\"><\/script><script async src=\"\/\/www.tiktok.com\/embed.js\"><\/script><\/p>\n","protected":false},"excerpt":{"rendered":"Par Jessie Leclerc Publi\u00e9 le 27 juin 2025 \u00e0 18h42 Alors que la F\u00eate Viking de Jumi\u00e8ges, pr\u00e8s&hellip;\n","protected":false},"author":2,"featured_media":208837,"comment_status":"","ping_status":"","sticky":false,"template":"","format":"standard","meta":{"footnotes":""},"categories":[9587],"tags":[1111,11,1867,1777,674,1011,27,3381,12,5161,25,9590,104,853],"class_list":{"0":"post-208836","1":"post","2":"type-post","3":"status-publish","4":"format-standard","5":"has-post-thumbnail","7":"category-rouen","8":"tag-actu","9":"tag-actualites","10":"tag-animaux","11":"tag-eu","12":"tag-europe","13":"tag-fr","14":"tag-france","15":"tag-gendarmerie","16":"tag-news","17":"tag-normandie","18":"tag-republique-francaise","19":"tag-rouen","20":"tag-societe","21":"tag-spectacles"},"share_on_mastodon":{"url":"https:\/\/pubeurope.com\/@fr\/114756464406403759","error":""},"_links":{"self":[{"href":"https:\/\/www.europesays.com\/fr\/wp-json\/wp\/v2\/posts\/208836","targetHints":{"allow":["GET"]}}],"collection":[{"href":"https:\/\/www.europesays.com\/fr\/wp-json\/wp\/v2\/posts"}],"about":[{"href":"https:\/\/www.europesays.com\/fr\/wp-json\/wp\/v2\/types\/post"}],"author":[{"embeddable":true,"href":"https:\/\/www.europesays.com\/fr\/wp-json\/wp\/v2\/users\/2"}],"replies":[{"embeddable":true,"href":"https:\/\/www.europesays.com\/fr\/wp-json\/wp\/v2\/comments?post=208836"}],"version-history":[{"count":0,"href":"https:\/\/www.europesays.com\/fr\/wp-json\/wp\/v2\/posts\/208836\/revisions"}],"wp:featuredmedia":[{"embeddable":true,"href":"https:\/\/www.europesays.com\/fr\/wp-json\/wp\/v2\/media\/208837"}],"wp:attachment":[{"href":"https:\/\/www.europesays.com\/fr\/wp-json\/wp\/v2\/media?parent=208836"}],"wp:term":[{"taxonomy":"category","embeddable":true,"href":"https:\/\/www.europesays.com\/fr\/wp-json\/wp\/v2\/categories?post=208836"},{"taxonomy":"post_tag","embeddable":true,"href":"https:\/\/www.europesays.com\/fr\/wp-json\/wp\/v2\/tags?post=208836"}],"curies":[{"name":"wp","href":"https:\/\/api.w.org\/{rel}","templated":true}]}}