{"id":208838,"date":"2025-06-27T17:17:12","date_gmt":"2025-06-27T17:17:12","guid":{"rendered":"https:\/\/www.europesays.com\/fr\/208838\/"},"modified":"2025-06-27T17:17:12","modified_gmt":"2025-06-27T17:17:12","slug":"le-cri-du-coeur-du-local-des-femmes","status":"publish","type":"post","link":"https:\/\/www.europesays.com\/fr\/208838\/","title":{"rendered":"le cri du c\u0153ur du Local des femmes"},"content":{"rendered":"<p>\u00ab\u00a0Ce local, c\u2019est un lien avec la soci\u00e9t\u00e9 qu\u2019on avait perdu\u00a0\u00bb, souffle Nora, habitu\u00e9e du Local des femmes depuis plus de dix ans. Pour elle comme pour tant d\u2019autres, ce lieu est synonyme de refuge face aux violences de la rue, de l\u2019administration, de l\u2019exil. Dans cet appartement, r\u00e9am\u00e9nag\u00e9 par l\u2019association Femmes SDF, les sourires illuminent les visages. Un lit, une douche, de quoi manger un peu\u00a0: autant de services&#8230;<\/p>\n","protected":false},"excerpt":{"rendered":"\u00ab\u00a0Ce local, c\u2019est un lien avec la soci\u00e9t\u00e9 qu\u2019on avait perdu\u00a0\u00bb, souffle Nora, habitu\u00e9e du Local des femmes&hellip;\n","protected":false},"author":2,"featured_media":208839,"comment_status":"","ping_status":"","sticky":false,"template":"","format":"standard","meta":{"footnotes":""},"categories":[9566],"tags":[1111,11,2430,112,1777,674,1011,27,2731,2732,12,25,801,104,1631],"class_list":{"0":"post-208838","1":"post","2":"type-post","3":"status-publish","4":"format-standard","5":"has-post-thumbnail","7":"category-grenoble","8":"tag-actu","9":"tag-actualites","10":"tag-auvergne-rhone-alpes","11":"tag-edition-grenoble-agglomeration","12":"tag-eu","13":"tag-europe","14":"tag-fr","15":"tag-france","16":"tag-grenoble","17":"tag-grenoble-bassin","18":"tag-news","19":"tag-republique-francaise","20":"tag-social","21":"tag-societe","22":"tag-vie-associative"},"share_on_mastodon":{"url":"https:\/\/pubeurope.com\/@fr\/114756468388938193","error":""},"_links":{"self":[{"href":"https:\/\/www.europesays.com\/fr\/wp-json\/wp\/v2\/posts\/208838","targetHints":{"allow":["GET"]}}],"collection":[{"href":"https:\/\/www.europesays.com\/fr\/wp-json\/wp\/v2\/posts"}],"about":[{"href":"https:\/\/www.europesays.com\/fr\/wp-json\/wp\/v2\/types\/post"}],"author":[{"embeddable":true,"href":"https:\/\/www.europesays.com\/fr\/wp-json\/wp\/v2\/users\/2"}],"replies":[{"embeddable":true,"href":"https:\/\/www.europesays.com\/fr\/wp-json\/wp\/v2\/comments?post=208838"}],"version-history":[{"count":0,"href":"https:\/\/www.europesays.com\/fr\/wp-json\/wp\/v2\/posts\/208838\/revisions"}],"wp:featuredmedia":[{"embeddable":true,"href":"https:\/\/www.europesays.com\/fr\/wp-json\/wp\/v2\/media\/208839"}],"wp:attachment":[{"href":"https:\/\/www.europesays.com\/fr\/wp-json\/wp\/v2\/media?parent=208838"}],"wp:term":[{"taxonomy":"category","embeddable":true,"href":"https:\/\/www.europesays.com\/fr\/wp-json\/wp\/v2\/categories?post=208838"},{"taxonomy":"post_tag","embeddable":true,"href":"https:\/\/www.europesays.com\/fr\/wp-json\/wp\/v2\/tags?post=208838"}],"curies":[{"name":"wp","href":"https:\/\/api.w.org\/{rel}","templated":true}]}}