{"id":208840,"date":"2025-06-27T17:18:11","date_gmt":"2025-06-27T17:18:11","guid":{"rendered":"https:\/\/www.europesays.com\/fr\/208840\/"},"modified":"2025-06-27T17:18:11","modified_gmt":"2025-06-27T17:18:11","slug":"le-gros-lot-pour-grenoble","status":"publish","type":"post","link":"https:\/\/www.europesays.com\/fr\/208840\/","title":{"rendered":"le gros lot pour Grenoble"},"content":{"rendered":"<p>C\u2019est l\u2019un des projets phares de la majorit\u00e9 municipale d\u2019<a href=\"https:\/\/www.ledauphine.com\/p\/eric-piolle\" target=\"_blank\" rel=\"nofollow noopener\">Eric Piolle<\/a> depuis 2020\u00a0: <a href=\"https:\/\/www.ledauphine.com\/education\/2024\/05\/20\/isere-grenoble-place(s)-aux-enfants-la-ville-en-veut-devant-toutes-les-ecoles\" target=\"_blank\" rel=\"nofollow noopener\">pi\u00e9tonniser les abords des groupes scolaires.<\/a> Et cette initiative, qui a fait couler pas mal d\u2019encre et <a href=\"https:\/\/www.ledauphine.com\/faits-divers-justice\/2021\/10\/22\/isere-pietonnisation-des-abords-des-ecoles-de-grenoble-le-tribunal-suspend-le-dispositif-place(s)-aux-enfants\" target=\"_blank\" rel=\"nofollow noopener\">occup\u00e9 le tribunal administratif,<\/a> vaut aujourd\u2019hui \u00e0 Grenoble un prix continental\u00a0: le \u201cLocal Sustainability Award\u201d. Il a \u00e9t\u00e9 d\u00e9cern\u00e9, le 25\u00a0juin \u00e0 Rotterdam, \u00e0 l\u2019adjoint au maire Gilles Namur, devant les deux finalistes Barcelone et Vilnius.<\/p>\n<p>  4,8\u00a0M\u20ac d\u2019investissement \u00e0 ce jour<\/p>\n<p>Dans un communiqu\u00e9, la Ville rappelle que \u00ab\u00a0les Place(s) aux Enfants de la Ville de Grenoble, cr\u00e9\u00e9es en partenariat avec Grenoble Alpes M\u00e9tropole et l\u2019association Rue de l\u2019avenir, visent \u00e0 transformer les rues devant les \u00e9coles en des espaces publics s\u00e9curis\u00e9s, lib\u00e9r\u00e9s des voitures, que les enfants peuvent se r\u00e9approprier, et o\u00f9 les pollutions de l\u2019air et sonores sont r\u00e9duites. Les sols sont d\u00e9simperm\u00e9abilis\u00e9s au maximum pour favoriser l\u2019infiltration de l\u2019eau et r\u00e9duire les fortes chaleurs en \u00e9t\u00e9, et une borne-fontaine est install\u00e9e syst\u00e9matiquement pour que toutes et tous aient acc\u00e8s \u00e0 une eau potable aux abords des \u00e9coles. Aujourd\u2019hui, 13 Place(s) aux enfants sont termin\u00e9es, 18 le seront d\u00e8s l\u2019ann\u00e9e prochaine, 138 arbres ont \u00e9t\u00e9 plant\u00e9s, 6\u00a0000\u00a0m\u00b2 ont \u00e9t\u00e9 d\u00e9simperm\u00e9abilis\u00e9s et v\u00e9g\u00e9talis\u00e9s et plus de 3\u00a0000 enfants b\u00e9n\u00e9ficient de ces espaces de respiration dans toute la ville. Le budget est de 4,8\u00a0millions d\u2019euros \u00e0 ce jour (43\u00a0% pour la Ville et 57 pour la M\u00e9tropole).\u00a0\u00bb<\/p>\n<p>Toujours dans ce communiqu\u00e9, la Ville r\u00e9v\u00e8le une \u00e9tude men\u00e9e par des \u00e9tudiants de l\u2019\u00e9cole d\u2019architecture, montrant que \u00ab\u00a0plus de 30\u00a0% des parents emm\u00e8nent leurs enfants \u00e0 l\u2019\u00e9cole en marchant ou \u00e0 v\u00e9lo, 78\u00a0% des parents se sentent en s\u00e9curit\u00e9 sur ces rues contre 49\u00a0% auparavant et 83\u00a0% estiment que les rues sont plus belles.\u00a0\u00bb<\/p>\n","protected":false},"excerpt":{"rendered":"C\u2019est l\u2019un des projets phares de la majorit\u00e9 municipale d\u2019Eric Piolle depuis 2020\u00a0: pi\u00e9tonniser les abords des groupes&hellip;\n","protected":false},"author":2,"featured_media":208841,"comment_status":"","ping_status":"","sticky":false,"template":"","format":"standard","meta":{"footnotes":""},"categories":[9566],"tags":[1111,11,2430,3542,112,436,1777,674,1011,27,2731,2732,108,12,316,1800,25,2803],"class_list":{"0":"post-208840","1":"post","2":"type-post","3":"status-publish","4":"format-standard","5":"has-post-thumbnail","7":"category-grenoble","8":"tag-actu","9":"tag-actualites","10":"tag-auvergne-rhone-alpes","11":"tag-circulation","12":"tag-edition-grenoble-agglomeration","13":"tag-environnement","14":"tag-eu","15":"tag-europe","16":"tag-fr","17":"tag-france","18":"tag-grenoble","19":"tag-grenoble-bassin","20":"tag-isere","21":"tag-news","22":"tag-politique","23":"tag-pollution","24":"tag-republique-francaise","25":"tag-transport"},"share_on_mastodon":{"url":"https:\/\/pubeurope.com\/@fr\/114756472277184433","error":""},"_links":{"self":[{"href":"https:\/\/www.europesays.com\/fr\/wp-json\/wp\/v2\/posts\/208840","targetHints":{"allow":["GET"]}}],"collection":[{"href":"https:\/\/www.europesays.com\/fr\/wp-json\/wp\/v2\/posts"}],"about":[{"href":"https:\/\/www.europesays.com\/fr\/wp-json\/wp\/v2\/types\/post"}],"author":[{"embeddable":true,"href":"https:\/\/www.europesays.com\/fr\/wp-json\/wp\/v2\/users\/2"}],"replies":[{"embeddable":true,"href":"https:\/\/www.europesays.com\/fr\/wp-json\/wp\/v2\/comments?post=208840"}],"version-history":[{"count":0,"href":"https:\/\/www.europesays.com\/fr\/wp-json\/wp\/v2\/posts\/208840\/revisions"}],"wp:featuredmedia":[{"embeddable":true,"href":"https:\/\/www.europesays.com\/fr\/wp-json\/wp\/v2\/media\/208841"}],"wp:attachment":[{"href":"https:\/\/www.europesays.com\/fr\/wp-json\/wp\/v2\/media?parent=208840"}],"wp:term":[{"taxonomy":"category","embeddable":true,"href":"https:\/\/www.europesays.com\/fr\/wp-json\/wp\/v2\/categories?post=208840"},{"taxonomy":"post_tag","embeddable":true,"href":"https:\/\/www.europesays.com\/fr\/wp-json\/wp\/v2\/tags?post=208840"}],"curies":[{"name":"wp","href":"https:\/\/api.w.org\/{rel}","templated":true}]}}