{"id":208844,"date":"2025-06-27T17:20:09","date_gmt":"2025-06-27T17:20:09","guid":{"rendered":"https:\/\/www.europesays.com\/fr\/208844\/"},"modified":"2025-06-27T17:20:09","modified_gmt":"2025-06-27T17:20:09","slug":"deplacement-a-rennes-en-entame-clasicos-les-21-septembre-et-8-fevrier-fin-plutot-abordable","status":"publish","type":"post","link":"https:\/\/www.europesays.com\/fr\/208844\/","title":{"rendered":"d\u00e9placement \u00e0 Rennes en entame, Clasicos les 21 septembre et 8 f\u00e9vrier, fin plut\u00f4t abordable"},"content":{"rendered":"<p>Ce n&rsquo;est pas le calendrier qui influe sur la r\u00e9ussite ou l&rsquo;\u00e9chec d&rsquo;une saison, mais, en jetant un \u0153il au programme des 34 journ\u00e9es de Ligue 1, une chose est acquise : l&rsquo;OM devra \u00eatre pr\u00eat d\u00e8s la reprise du championnat. Les six premiers rendez-vous seront en effet cors\u00e9s, m\u00eame <a href=\"https:\/\/www.laprovence.com\/article\/sports\/2191687248615\/football-lyon-relegue-en-ligue-2-par-la-dncg\" target=\"_blank\" rel=\"noopener\">si la rel\u00e9gation de Lyon en Ligue 2<\/a> ajoute une incertitude sur l&rsquo;identit\u00e9 du troisi\u00e8me adversaire.<\/p>\n<p>Les hommes de Roberto De Zerbi entameront leur exercice par un d\u00e9placement \u00e0 Rennes, recevront le Paris FC, iront sur la pelouse de l&rsquo;OL (<a href=\"https:\/\/www.laprovence.com\/article\/sports\/6585489243184914\/football-lolympique-lyonnais-va-faire-appel-de-sa-retrogradation-incomprehensible-en-ligue-2\" target=\"_blank\" rel=\"noopener\">si son appel est fructueux<\/a>) ou Reims (s&rsquo;il est rep\u00each\u00e9), affronteront au V\u00e9lodrome Lorient et le PSG (ce qui n&rsquo;est pas forc\u00e9ment une mauvaise chose vu la participation des \u00e9quipiers d&rsquo;Ousmane Demb\u00e9l\u00e9 au Mondial des clubs), puis voyageront \u00e0 Strasbourg. On a connu entame plus simple, sans compter l&rsquo;entr\u00e9e en lice en Ligue des champions.<\/p>\n<p>Un encha\u00eenement Lille &#8211; 6e journ\u00e9e de Ligue des champions &#8211; Monaco<\/p>\n<p>L&rsquo;OM s&rsquo;est battu toute la saison derni\u00e8re pour y arriver, et la participation \u00e0 la C1 va changer la donne\u00a0: plus questions de semaines \u00e0 rallonge sans match, et les mardis ou mercredis (voire le jeudi pour la 1re journ\u00e9e) seront vampiris\u00e9s par la plus belle des comp\u00e9titions de clubs, au moins jusqu&rsquo;au 28\u00a0janvier, date de la huiti\u00e8me et ultime rencontre de poule. L&rsquo;effectif, <a href=\"https:\/\/www.laprovence.com\/article\/om\/4388658131203414\/mercato-cj-egan-riley-est-officiellement-la-deuxieme-recrue-estivale-de-lom\" target=\"_blank\" rel=\"noopener\">encore en co<\/a><a href=\"https:\/\/www.laprovence.com\/article\/om\/4388658131203414\/mercato-cj-egan-riley-est-officiellement-la-deuxieme-recrue-estivale-de-lom\" target=\"_blank\" rel=\"noopener\">nstruction<\/a>, devra \u00eatre fourni et solide pour r\u00e9ussir les neuf encha\u00eenements (8 concernent la C1, un autre\u00a0la Ligue 1, avec la 10e journ\u00e9e en semaine, sans compter la coupe de France et le Troph\u00e9e des champions, pas encore fix\u00e9) de trois rencontres dans la m\u00eame semaine.<\/p>\n<p>Contrairement \u00e0 la derni\u00e8re saison, quand les <a href=\"https:\/\/www.laprovence.com\/article\/om\/26154615439818\/mercato-apres-leonardo-balerdi-lom-place-mason-greenwood-au-coeur-du-projet-pour-la-saison-prochaine\" target=\"_blank\" rel=\"noopener\">Mason Greenwood<\/a>, <a href=\"https:\/\/www.laprovence.com\/article\/om\/3276883258555614\/mercato-lom-a-encore-lavantage-sur-lavenir-dadrien-rabiot\" target=\"_blank\" rel=\"noopener\">Adrien Rabiot<\/a>, <a href=\"https:\/\/www.laprovence.com\/article\/om\/1802975373009915\/mercato-om-pourquoi-les-dirigeants-olympiens-se-montrent-inflexibles-sur-l-avenir-de-leonardo-balerdi\" target=\"_blank\" rel=\"noopener\">Leonardo Balerdi<\/a> ou Pierre-Emile Hojbjerg \u00e9taient quasiment toujours align\u00e9s, sauf blessure, 100% des titulaires ne pourront pas \u00eatre reconduits \u00e0 chaque fois. D&rsquo;autant plus que De Zerbi est plut\u00f4t un adepte du turn-over quand son \u00e9quipe joue l&rsquo;Europe : \u00e0 Brighton en 2023-24, 19 joueurs comptaient plus de 20 apparitions entre le championnat, les coupes et la Ligue Europa. Contre 14 lors de son premier exercice \u00e0 Marseille.<\/p>\n<p>Une bonne gestion sera utile quand il faudra recevoir le PSG juste apr\u00e8s l&rsquo;entr\u00e9e en lice en C1, se d\u00e9placer \u00e0 Strasbourg puis \u00e0 Metz avec la 2e journ\u00e9e entre les deux, disputer un derby du sud \u00e0 Nice avant la 5e lev\u00e9e de la poule unique, ou se pr\u00e9senter face \u00e0 trois cols hors cat\u00e9gorie entre le 5 et le 14\u00a0d\u00e9cembre\u00a0: d\u00e9placement \u00e0 Lille, 6e journ\u00e9e de Ligue des champions, r\u00e9ception de Monaco.<\/p>\n<p>Une fin plut\u00f4t abordable<\/p>\n<p>Avant d&rsquo;en savoir plus sur l&rsquo;avenir europ\u00e9en de l&rsquo;OM (sachant que Paris, Brest ou Monaco s&rsquo;\u00e9taient qualifi\u00e9s pour les barrages et Lille directement en 8es de finale), que tous les supporters esp\u00e8rent florissant, la phase retour offrira un programme plut\u00f4t \u00e9quilibr\u00e9. \u00c0 noter, en particulier, deux d\u00e9placements \u00e0 Paris cons\u00e9cutifs (1er et 8\u00a0f\u00e9vrier), un nouvel encha\u00eenement Lille-Monaco (27e et 28e journ\u00e9es, entrecoup\u00e9 d&rsquo;une tr\u00eave internationale fin mars) et un sprint final loin d&rsquo;\u00eatre effrayant avec trois rencontres au V\u00e9lodrome (Metz, Nice et Rennes) et trois \u00e0 l&rsquo;ext\u00e9rieur (Lorient, Nantes et Le Havre).<\/p>\n<p>Le HAC et le Stade rennais, comme en mai dernier, seront d&rsquo;ailleurs les affiches des deux derni\u00e8res journ\u00e9es. <a href=\"https:\/\/www.laprovence.com\/article\/om\/1713301767599615\/le-havre-om-cette-qualification-est-lun-des-succes-les-plus-importants-de-ma-carriere-affirme-de-zerbi\" target=\"_blank\" rel=\"noopener\">Cela avait port\u00e9 bonheur aux \u00e9quipiers d&rsquo;Amine Gouiri il y a quelques mois<\/a>.<\/p>\n","protected":false},"excerpt":{"rendered":"Ce n&rsquo;est pas le calendrier qui influe sur la r\u00e9ussite ou l&rsquo;\u00e9chec d&rsquo;une saison, mais, en jetant un&hellip;\n","protected":false},"author":2,"featured_media":208845,"comment_status":"","ping_status":"","sticky":false,"template":"","format":"standard","meta":{"footnotes":""},"categories":[2821],"tags":[17,1111,11,829,525,34786,11925,34785,1777,674,1011,27,4056,151,12,149,584,25],"class_list":{"0":"post-208844","1":"post","2":"type-post","3":"status-publish","4":"format-standard","5":"has-post-thumbnail","7":"category-rennes","8":"tag-17","9":"tag-actu","10":"tag-actualites","11":"tag-bretagne","12":"tag-calendrier","13":"tag-clasicos","14":"tag-deplacement","15":"tag-entame","16":"tag-eu","17":"tag-europe","18":"tag-fr","19":"tag-france","20":"tag-lom","21":"tag-les","22":"tag-news","23":"tag-om","24":"tag-rennes","25":"tag-republique-francaise"},"share_on_mastodon":{"url":"https:\/\/pubeurope.com\/@fr\/114756480242203700","error":""},"_links":{"self":[{"href":"https:\/\/www.europesays.com\/fr\/wp-json\/wp\/v2\/posts\/208844","targetHints":{"allow":["GET"]}}],"collection":[{"href":"https:\/\/www.europesays.com\/fr\/wp-json\/wp\/v2\/posts"}],"about":[{"href":"https:\/\/www.europesays.com\/fr\/wp-json\/wp\/v2\/types\/post"}],"author":[{"embeddable":true,"href":"https:\/\/www.europesays.com\/fr\/wp-json\/wp\/v2\/users\/2"}],"replies":[{"embeddable":true,"href":"https:\/\/www.europesays.com\/fr\/wp-json\/wp\/v2\/comments?post=208844"}],"version-history":[{"count":0,"href":"https:\/\/www.europesays.com\/fr\/wp-json\/wp\/v2\/posts\/208844\/revisions"}],"wp:featuredmedia":[{"embeddable":true,"href":"https:\/\/www.europesays.com\/fr\/wp-json\/wp\/v2\/media\/208845"}],"wp:attachment":[{"href":"https:\/\/www.europesays.com\/fr\/wp-json\/wp\/v2\/media?parent=208844"}],"wp:term":[{"taxonomy":"category","embeddable":true,"href":"https:\/\/www.europesays.com\/fr\/wp-json\/wp\/v2\/categories?post=208844"},{"taxonomy":"post_tag","embeddable":true,"href":"https:\/\/www.europesays.com\/fr\/wp-json\/wp\/v2\/tags?post=208844"}],"curies":[{"name":"wp","href":"https:\/\/api.w.org\/{rel}","templated":true}]}}