{"id":208846,"date":"2025-06-27T17:21:10","date_gmt":"2025-06-27T17:21:10","guid":{"rendered":"https:\/\/www.europesays.com\/fr\/208846\/"},"modified":"2025-06-27T17:21:10","modified_gmt":"2025-06-27T17:21:10","slug":"un-calendrier-pour-avancer-dici-2030","status":"publish","type":"post","link":"https:\/\/www.europesays.com\/fr\/208846\/","title":{"rendered":"un calendrier pour avancer d\u2019ici 2030"},"content":{"rendered":"<p><a href=\"https:\/\/www.dna.fr\/politique\/2023\/05\/27\/le-tram-nord-remet-sur-les-rails-le-projet-de-gare-a-360\" target=\"_blank\" rel=\"noopener\">\u00ab\u00a0Le serpent de mer\u00a0\u00bb<\/a> \u2013 tel que qualifi\u00e9 par Alain Jund \u2013 avance. La Ville et l\u2019Eurom\u00e9tropole (EMS) viennent de pr\u00e9ciser le programme et les modalit\u00e9s du projet de gare \u00e0 360\u00b0 de Strasbourg, en validant <a href=\"https:\/\/www.dna.fr\/economie\/2023\/11\/06\/gare-a-360-degres-une-mariee-trop-belle\" target=\"_blank\" rel=\"noopener\">un deuxi\u00e8me avenant au protocole d\u2019accord<\/a> qui le pilote (*).<\/p>\n<p>D\u2019ici 2030, le parking<\/p>\n<p>\u00ab\u00a0Deux phases\u00a0\u00bb sont inscrites au calendrier, a pr\u00e9sent\u00e9 ce lundi 23\u00a0juin en conseil municipal le conseiller de la Ville, par ailleurs vice-pr\u00e9sident de l\u2019EMS en charge des transports. \u00ab\u00a0D\u2019ici 2030-2032, <a href=\"https:\/\/www.dna.fr\/transport\/2024\/05\/30\/gare-un-parking-silo-directement-connecte-a-la-m-35-en-2027\" target=\"_blank\" rel=\"noopener\">un parking de 500 \u00e0 700 places<\/a> et les premiers arr\u00eats de cars interurbains seront \u00e9tablis \u00e0 l\u2019arri\u00e8re de la gare, en m\u00eame temps qu\u2019un cheminement transitoire vers l\u2019avant\u00a0; <a href=\"https:\/\/www.dna.fr\/economie\/2023\/07\/13\/l-ancien-tunnel-de-la-poste-rehabilite-pour-le-projet-de-nouvelle-gare\" target=\"_blank\" rel=\"noopener\">le tunnel de la Poste rouvert<\/a> , donnant un quatri\u00e8me acc\u00e8s au b\u00e2timent\u00a0\u00bb, a rappel\u00e9 [en substance] l\u2019\u00e9lu.<\/p>\n<p>D\u2019ici 2045, le franchissement<\/p>\n<p>D\u2019ici 2045-2050 ensuite, devrait \u00eatre construit \u00ab\u00a0un \u201cfranchissement\u201d arri\u00e8re-avant, pour lequel trois hypoth\u00e8ses sont \u00e9tudi\u00e9es\u00a0\u00bb et \u00ab\u00a0le nombre de voies pass\u00e9 de 9 \u00e0 19-20\u00a0\u00bb, mais \u00e9galement \u00ab\u00a0toute&#8230;<\/p>\n","protected":false},"excerpt":{"rendered":"\u00ab\u00a0Le serpent de mer\u00a0\u00bb \u2013 tel que qualifi\u00e9 par Alain Jund \u2013 avance. La Ville et l\u2019Eurom\u00e9tropole (EMS)&hellip;\n","protected":false},"author":2,"featured_media":208847,"comment_status":"","ping_status":"","sticky":false,"template":"","format":"standard","meta":{"footnotes":""},"categories":[2820],"tags":[1111,11,4749,1984,33,2880,1777,674,107,1011,27,775,1116,3539,12,316,25,640,2879,2803],"class_list":{"0":"post-208846","1":"post","2":"type-post","3":"status-publish","4":"format-standard","5":"has-post-thumbnail","7":"category-strasbourg","8":"tag-actu","9":"tag-actualites","10":"tag-btp-et-chantiers","11":"tag-conseil-municipal","12":"tag-economie","13":"tag-edition-strasbourg","14":"tag-eu","15":"tag-europe","16":"tag-fil-info","17":"tag-fr","18":"tag-france","19":"tag-grand-est","20":"tag-immobilier","21":"tag-les-ecologistes","22":"tag-news","23":"tag-politique","24":"tag-republique-francaise","25":"tag-strasbourg","26":"tag-strasbourg-ville","27":"tag-transport"},"share_on_mastodon":{"url":"https:\/\/pubeurope.com\/@fr\/114756484038395035","error":""},"_links":{"self":[{"href":"https:\/\/www.europesays.com\/fr\/wp-json\/wp\/v2\/posts\/208846","targetHints":{"allow":["GET"]}}],"collection":[{"href":"https:\/\/www.europesays.com\/fr\/wp-json\/wp\/v2\/posts"}],"about":[{"href":"https:\/\/www.europesays.com\/fr\/wp-json\/wp\/v2\/types\/post"}],"author":[{"embeddable":true,"href":"https:\/\/www.europesays.com\/fr\/wp-json\/wp\/v2\/users\/2"}],"replies":[{"embeddable":true,"href":"https:\/\/www.europesays.com\/fr\/wp-json\/wp\/v2\/comments?post=208846"}],"version-history":[{"count":0,"href":"https:\/\/www.europesays.com\/fr\/wp-json\/wp\/v2\/posts\/208846\/revisions"}],"wp:featuredmedia":[{"embeddable":true,"href":"https:\/\/www.europesays.com\/fr\/wp-json\/wp\/v2\/media\/208847"}],"wp:attachment":[{"href":"https:\/\/www.europesays.com\/fr\/wp-json\/wp\/v2\/media?parent=208846"}],"wp:term":[{"taxonomy":"category","embeddable":true,"href":"https:\/\/www.europesays.com\/fr\/wp-json\/wp\/v2\/categories?post=208846"},{"taxonomy":"post_tag","embeddable":true,"href":"https:\/\/www.europesays.com\/fr\/wp-json\/wp\/v2\/tags?post=208846"}],"curies":[{"name":"wp","href":"https:\/\/api.w.org\/{rel}","templated":true}]}}