{"id":208848,"date":"2025-06-27T17:22:13","date_gmt":"2025-06-27T17:22:13","guid":{"rendered":"https:\/\/www.europesays.com\/fr\/208848\/"},"modified":"2025-06-27T17:22:13","modified_gmt":"2025-06-27T17:22:13","slug":"a-strasbourg-un-jumelage-polemique-avec-un-camp-palestinien","status":"publish","type":"post","link":"https:\/\/www.europesays.com\/fr\/208848\/","title":{"rendered":"\u00c0 Strasbourg, un jumelage pol\u00e9mique avec un camp palestinien"},"content":{"rendered":"<p><strong>R\u00c9CIT<\/strong> &#8211; La maire \u00e9cologiste Jeanne Barseghian a d\u00e9cid\u00e9 du rapprochement de la ville avec le camp d\u2019A\u00efda, tout en gelant les relations avec la ville isra\u00e9lienne de Ramat Gan, ce qui a suscit\u00e9 la col\u00e8re de la communaut\u00e9 juive et des oppositions.<\/p>\n<p class=\"fig-paragraph\">Depuis le d\u00e9but de son mandat, la maire de Strasbourg,\u00a0<a href=\"http:\/\/www.lefigaro.fr\/politique\/municipales-2026-a-strasbourg-l-ecologiste-jeanne-barseghian-attaquee-de-toute-part-20250321\" data-fig-type=\"Article\" data-gtm-custom-categorie=\"navigation\" data-gtm-custom-action=\"crossclick\" data-gtm-custom-label=\"Contextuel\" data-gtm-event=\"customEventSPE\" data-fig-domain=\"LEFIGARO\" rel=\"nofollow noopener\" target=\"_blank\">Jeanne Barseghian<\/a>\u00a0(Les \u00c9cologistes) avait tent\u00e9 de m\u00e9nager la communaut\u00e9 juive de la ville, une des plus importantes de France. \u00c0 moins d\u2019un an des municipales, elle a sem\u00e9 le trouble dans cet \u00e9lectorat, heurt\u00e9 par le gel des relations avec la ville isra\u00e9lienne de Ramat Gan, en r\u00e9action \u00e0 la politique de\u00a0<a href=\"http:\/\/www.lefigaro.fr\/international\/pour-benyamin-netanyahou-la-guerre-avec-l-iran-s-acheve-en-demi-teinte-20250625\" data-fig-type=\"Article\" data-gtm-custom-categorie=\"navigation\" data-gtm-custom-action=\"crossclick\" data-gtm-custom-label=\"Contextuel\" data-gtm-event=\"customEventSPE\" data-fig-domain=\"LEFIGARO\" rel=\"nofollow noopener\" target=\"_blank\">Benyamin Netanyahou<\/a>. En lan\u00e7ant concomitamment un nouveau jumelage avec un camp palestinien, Barseghian, en plus de resserrer ses liens avec sa majorit\u00e9, rend possible un \u00e9ventuel rapprochement avec LFI, l\u2019an prochain.<\/p>\n<p class=\"fig-body-link\">\n            \u00c0 lire aussi<br \/>\n        <a class=\"fig-body-link__link fig-premium-mark\" href=\"http:\/\/www.lefigaro.fr\/actualite-france\/c-est-du-pur-cynisme-un-partenariat-entre-la-ville-de-strasbourg-et-un-camp-palestinien-fait-polemique-20250526\" data-fig-type=\"Article\" data-gtm-custom-categorie=\"navigation\" data-gtm-custom-action=\"crossclick\" data-gtm-custom-label=\"Contextuel\" data-gtm-event=\"customEventSPE\" data-fig-domain=\"LEFIGARO\" rel=\"nofollow noopener\" target=\"_blank\">\u00ab\u00a0C\u2019est du pur cynisme\u00a0\u00bb\u00a0: un partenariat entre la ville de Strasbourg et un camp palestinien fait pol\u00e9mique<br \/>\n    <\/a>\n<\/p>\n<p class=\"fig-paragraph\">En recevant il y a un mois une d\u00e9l\u00e9gation du camp de r\u00e9fugi\u00e9s d\u2019A\u00efda, dans la banlieue de\u00a0<a href=\"http:\/\/www.lefigaro.fr\/vox\/religion\/est-il-vraiment-ne-a-nazareth-a-quelle-date-le-cas-jesus-passe-au-crible-de-l-histoire-20241224\" data-fig-type=\"Article\" data-gtm-custom-categorie=\"navigation\" data-gtm-custom-action=\"crossclick\" data-gtm-custom-label=\"Contextuel\" data-gtm-event=\"customEventSPE\" data-fig-domain=\"LEFIGARO\" rel=\"nofollow noopener\" target=\"_blank\">Bethl\u00e9em<\/a>, la maire avait accept\u00e9 le keffieh et relay\u00e9 sur les r\u00e9seaux sociaux la carte \u00ab\u00a0Palestine\u00a0\u00bb, offerts par ses h\u00f4tes. Barseghian avait qualifi\u00e9 le futur jumelage d\u2019\u00ab\u00a0engagement pour la paix\u00a0\u00bb. Ce qui lui valut, \u00e0 la fois les applaudissements des\u00a0<a href=\"https:\/\/www.lefigaro.fr\/elections\/europeennes\/europeennes-une-activiste-propalestinienne-sur-la-liste-lfi-20240307\" data-fig-type=\"Article\" data-gtm-custom-categorie=\"navigation\" data-gtm-custom-action=\"crossclick\" data-gtm-custom-label=\"Contextuel\" data-gtm-event=\"customEventSPE\" data-fig-domain=\"LEFIGARO\" rel=\"nofollow noopener\" target=\"_blank\">activistes propalestiniens\u00a0<\/a>et les critiques de ses oppositions. Autant\u2026<\/p>\n<p class=\"fig-premium-paywall__infos\">\n        Cet article est r\u00e9serv\u00e9 aux abonn\u00e9s.        Il vous reste 70% \u00e0 d\u00e9couvrir.\n    <\/p>\n<p>                <img  data- alt=\"Le Figaro\" class=\"fig-img--complete fig-img\"\/><\/p>\n<p class=\"fig-premium-paywall__title\">Vente Flash : derniers jours<\/p>\n<p class=\"fig-premium-paywall__subtitle\">3,99\u20ac par mois pendant 12 mois. Sans engagement.<\/p>\n<p class=\"fig-premium-paywall__connect\">\n                D\u00e9j\u00e0 abonn\u00e9\u00a0?                <a class=\"fig-premium-paywall__connect-link\" href=\"https:\/\/connect.lefigaro.fr\/login?client=horizon_web&amp;type=main&amp;redirect_uri=https%3A%2F%2Fwww.lefigaro.fr%2Fpolitique%2Fa-strasbourg-un-jumelage-polemique-avec-un-camp-palestinien-20250627\" data-js-gtm=\"{&quot;customCategorie&quot;: &quot;conversion&quot;, &quot;customAction&quot;: &quot;before_Landing_Connexion_paywall_auto&quot;, &quot;customLabel&quot;: &quot;bGVmaWdhcm8uZnJfXzFmMDUzNTZlLWY5MjgtNmQyYy1iYzkzLTJkZWY4YzY1NmY5N19fQXJ0aWNsZQ==_\u00c0 Strasbourg, un jumelage pol\u00e9mique avec un camp palestinien_421&quot;, &quot;customIDSPE&quot;: &quot;bGVmaWdhcm8uZnJfXzFmMDUzNTZlLWY5MjgtNmQyYy1iYzkzLTJkZWY4YzY1NmY5N19fQXJ0aWNsZQ==&quot;, &quot;event&quot;: &quot;customEventSPE&quot;}\" rel=\"nofollow noopener\" target=\"_blank\"><br \/>\n                    Connectez-vous<br \/>\n                <\/a>\n            <\/p>\n","protected":false},"excerpt":{"rendered":"R\u00c9CIT &#8211; La maire \u00e9cologiste Jeanne Barseghian a d\u00e9cid\u00e9 du rapprochement de la ville avec le camp d\u2019A\u00efda,&hellip;\n","protected":false},"author":2,"featured_media":208849,"comment_status":"","ping_status":"","sticky":false,"template":"","format":"standard","meta":{"footnotes":""},"categories":[2820],"tags":[1111,11,426,427,422,423,1777,674,1011,27,418,775,424,425,420,421,12,419,316,429,25,640,428],"class_list":{"0":"post-208848","1":"post","2":"type-post","3":"status-publish","4":"format-standard","5":"has-post-thumbnail","7":"category-strasbourg","8":"tag-actu","9":"tag-actualites","10":"tag-candidat","11":"tag-candidats","12":"tag-depute","13":"tag-deputes","14":"tag-eu","15":"tag-europe","16":"tag-fr","17":"tag-france","18":"tag-gouvernement","19":"tag-grand-est","20":"tag-institution","21":"tag-institutions","22":"tag-loi","23":"tag-lois","24":"tag-news","25":"tag-opposition","26":"tag-politique","27":"tag-ps","28":"tag-republique-francaise","29":"tag-strasbourg","30":"tag-ump"},"share_on_mastodon":{"url":"https:\/\/pubeurope.com\/@fr\/114756487976177689","error":""},"_links":{"self":[{"href":"https:\/\/www.europesays.com\/fr\/wp-json\/wp\/v2\/posts\/208848","targetHints":{"allow":["GET"]}}],"collection":[{"href":"https:\/\/www.europesays.com\/fr\/wp-json\/wp\/v2\/posts"}],"about":[{"href":"https:\/\/www.europesays.com\/fr\/wp-json\/wp\/v2\/types\/post"}],"author":[{"embeddable":true,"href":"https:\/\/www.europesays.com\/fr\/wp-json\/wp\/v2\/users\/2"}],"replies":[{"embeddable":true,"href":"https:\/\/www.europesays.com\/fr\/wp-json\/wp\/v2\/comments?post=208848"}],"version-history":[{"count":0,"href":"https:\/\/www.europesays.com\/fr\/wp-json\/wp\/v2\/posts\/208848\/revisions"}],"wp:featuredmedia":[{"embeddable":true,"href":"https:\/\/www.europesays.com\/fr\/wp-json\/wp\/v2\/media\/208849"}],"wp:attachment":[{"href":"https:\/\/www.europesays.com\/fr\/wp-json\/wp\/v2\/media?parent=208848"}],"wp:term":[{"taxonomy":"category","embeddable":true,"href":"https:\/\/www.europesays.com\/fr\/wp-json\/wp\/v2\/categories?post=208848"},{"taxonomy":"post_tag","embeddable":true,"href":"https:\/\/www.europesays.com\/fr\/wp-json\/wp\/v2\/tags?post=208848"}],"curies":[{"name":"wp","href":"https:\/\/api.w.org\/{rel}","templated":true}]}}