{"id":20885,"date":"2025-04-12T23:53:10","date_gmt":"2025-04-12T23:53:10","guid":{"rendered":"https:\/\/www.europesays.com\/fr\/20885\/"},"modified":"2025-04-12T23:53:10","modified_gmt":"2025-04-12T23:53:10","slug":"une-manifestation-insolite-et-musicale-va-defiler-dans-rouen-ce-samedi","status":"publish","type":"post","link":"https:\/\/www.europesays.com\/fr\/20885\/","title":{"rendered":"Une manifestation insolite (et musicale) va d\u00e9filer dans Rouen ce samedi"},"content":{"rendered":"<p>            Par<br \/>\n        <strong><br \/>\n            <a href=\"https:\/\/actu.fr\/auteur\/fmass\" title=\"Consulter tous les articles de Fabien Massin\" rel=\"nofollow noopener\" target=\"_blank\">Fabien Massin<\/a><br \/>\n        <\/strong><\/p>\n<p>        Publi\u00e9 le<\/p>\n<p>            12 avr. 2025 \u00e0 11h00        <\/p>\n<p>Il va y avoir de l\u2019ambiance, samedi 12 avril apr\u00e8s-midi dans les rues de <a href=\"https:\/\/actu.fr\/normandie\/rouen_76540\" rel=\"nofollow noopener\" target=\"_blank\">Rouen (Seine-Maritime)<\/a>. La raison ? Le monde de la <strong>free-party et de la musique techno<\/strong>\u00a0va manifester dans l\u2019apr\u00e8s-midi, \u00e0 partir de 13 heures au d\u00e9part de la rive gauche.\u00a0<\/p>\n<p>Cinq chars musicaux dans les rues<\/p>\n<p class=\" wall-content\">\u00ab\u00a0Cette mobilisation vise \u00e0 d\u00e9noncer la<strong> r\u00e9pression et les mesures liberticides<\/strong> prises \u00e0 l\u2019encontre de notre mouvement, ainsi qu\u2019\u00e0 d\u00e9fendre nos espaces de libert\u00e9 et d\u2019expression culturelle, explique Esteban Armao, porte-parole du mouvement \u00e0 Rouen. \u00c0 travers cette initiative, nous souhaitons exposer nos revendications au plus grand nombre et avoir l\u2019occasion de d\u00e9fendre nos valeurs face \u00e0 la stigmatisation et aux restrictions croissantes qui menacent notre sc\u00e8ne.\u00a0\u00bb<\/p>\n<blockquote class=\"ac-article-quote wall-content\">\n<p>Au-del\u00e0 des violences polici\u00e8res et des arr\u00eat\u00e9s liberticides des pr\u00e9fectures que nous d\u00e9non\u00e7ons, nous voulons mettre en avant une culture qui est invisibilis\u00e9e, malgr\u00e9 le nombre important de personnes qui appr\u00e9cie cette musique. Et nous sommes pr\u00eats au dialogue avec les autorit\u00e9s et les \u00e9lus. Nous sommes pr\u00eats \u00e0 mettre de l&rsquo;eau dans notre vin s&rsquo;il le faut.\u00a0<\/p>\n<p>    <strong>Esteban Armao<\/strong>\n            <\/p><\/blockquote>\n<p class=\" wall-content\">Cette ann\u00e9e, des mobilisations sont organis\u00e9es simultan\u00e9ment dans plusieurs villes de France. \u00c0 Rouen, rendez-vous est donn\u00e9 \u00e0 13 heures place Carnot, rive gauche, pour un d\u00e9part du cort\u00e8ge \u00e0 14 heures.<strong> Cinq chars animeront la manifestation festive<\/strong>, qui s\u2019ach\u00e8vera vers 17 heures \u00e0 l\u2019h\u00f4tel de ville.<\/p>\n<p class=\" wall-content\">L\u00e0, les organisateurs aimeraient lancer des d\u00e9bats avec toute personne qui le voudra, pourquoi pas des \u00e9lus ou des acteurs du monde de la culture.\u00a0<\/p>\n<p>Vid\u00e9os : en ce moment sur ActuSuivez l\u2019actualit\u00e9 de Rouen sur notre <a href=\"https:\/\/www.whatsapp.com\/channel\/0029VaKfnf99hXF2ddApFB1D\" rel=\"nofollow noopener\" target=\"_blank\">cha\u00eene WhatsApp<\/a> et sur notre <a href=\"https:\/\/www.tiktok.com\/@76actu.fr?lang=fr\" rel=\"nofollow noopener\" target=\"_blank\">compte TikTok<\/a><\/p>\n<p class=\" wall-content\">Suivez toute l\u2019actualit\u00e9 de vos villes et m\u00e9dias favoris en vous inscrivant \u00e0 <a href=\"https:\/\/moncompte.actu.fr\" title=\"D\u00e9couvez Mon Actu\" rel=\"nofollow noopener\" data-trk=\"{&quot;cta&quot;:{&quot;action&quot;:&quot;https:\\\/\\\/moncompte.actu.fr&quot;,&quot;category&quot;:&quot;mon compte&quot;,&quot;from&quot;:&quot;article footer&quot;,&quot;name&quot;:&quot;Mon actu&quot;,&quot;type&quot;:&quot;cta&quot;}}\" target=\"_blank\">Mon Actu<\/a>.<\/p>\n<p>                    <script async src=\"\/\/www.tiktok.com\/embed.js\"><\/script><\/p>\n","protected":false},"excerpt":{"rendered":"Par Fabien Massin Publi\u00e9 le 12 avr. 2025 \u00e0 11h00 Il va y avoir de l\u2019ambiance, samedi 12&hellip;\n","protected":false},"author":2,"featured_media":20886,"comment_status":"","ping_status":"","sticky":false,"template":"","format":"standard","meta":{"footnotes":""},"categories":[2],"tags":[11,1011,27,1757,12],"class_list":{"0":"post-20885","1":"post","2":"type-post","3":"status-publish","4":"format-standard","5":"has-post-thumbnail","7":"category-actualites","8":"tag-actualites","9":"tag-fr","10":"tag-france","11":"tag-insolite","12":"tag-news"},"share_on_mastodon":{"url":"https:\/\/pubeurope.com\/@fr\/114327689804386917","error":""},"_links":{"self":[{"href":"https:\/\/www.europesays.com\/fr\/wp-json\/wp\/v2\/posts\/20885","targetHints":{"allow":["GET"]}}],"collection":[{"href":"https:\/\/www.europesays.com\/fr\/wp-json\/wp\/v2\/posts"}],"about":[{"href":"https:\/\/www.europesays.com\/fr\/wp-json\/wp\/v2\/types\/post"}],"author":[{"embeddable":true,"href":"https:\/\/www.europesays.com\/fr\/wp-json\/wp\/v2\/users\/2"}],"replies":[{"embeddable":true,"href":"https:\/\/www.europesays.com\/fr\/wp-json\/wp\/v2\/comments?post=20885"}],"version-history":[{"count":0,"href":"https:\/\/www.europesays.com\/fr\/wp-json\/wp\/v2\/posts\/20885\/revisions"}],"wp:featuredmedia":[{"embeddable":true,"href":"https:\/\/www.europesays.com\/fr\/wp-json\/wp\/v2\/media\/20886"}],"wp:attachment":[{"href":"https:\/\/www.europesays.com\/fr\/wp-json\/wp\/v2\/media?parent=20885"}],"wp:term":[{"taxonomy":"category","embeddable":true,"href":"https:\/\/www.europesays.com\/fr\/wp-json\/wp\/v2\/categories?post=20885"},{"taxonomy":"post_tag","embeddable":true,"href":"https:\/\/www.europesays.com\/fr\/wp-json\/wp\/v2\/tags?post=20885"}],"curies":[{"name":"wp","href":"https:\/\/api.w.org\/{rel}","templated":true}]}}