{"id":208854,"date":"2025-06-27T17:25:18","date_gmt":"2025-06-27T17:25:18","guid":{"rendered":"https:\/\/www.europesays.com\/fr\/208854\/"},"modified":"2025-06-27T17:25:18","modified_gmt":"2025-06-27T17:25:18","slug":"hokusai-nuit-du-van-voici-nos-idees-sorties-pour-ce-week-end-a-nantes","status":"publish","type":"post","link":"https:\/\/www.europesays.com\/fr\/208854\/","title":{"rendered":"Hokusai, Nuit du VAN&#8230; Voici nos id\u00e9es sorties pour ce week-end \u00e0 Nantes"},"content":{"rendered":"<p>            Par<br \/>\n        <strong><br \/>\n            <a href=\"https:\/\/actu.fr\/auteur\/laure-gentil\" title=\"Consulter tous les articles de Laure Gentil\" rel=\"nofollow noopener\" target=\"_blank\">Laure Gentil<\/a><br \/>\n        <\/strong><\/p>\n<p>        Publi\u00e9 le<\/p>\n<p>            27 juin 2025 \u00e0 18h39        <\/p>\n<p>C\u2019est le <strong>week-end<\/strong> et vous ne savez pas quoi faire\u2009? La ville de <strong>Nantes<\/strong> regorge d\u2019\u00e9v\u00e8nements culturels et d\u2019animations qui r\u00e9ussiront \u00e0 vous occuper. Comme tous les vendredis, la r\u00e9daction d\u2019actu Nantes\u00a0s\u00e9lectionne des activit\u00e9s \u00e0 ne pas manquer. Voici nos id\u00e9es pour ce <strong>samedi\u00a028 et dimanche 29\u00a0juin 2025.<\/strong><\/p>\n<p>La Nuit du VAN<\/p>\n<p class=\" wall-content\">La Nuit du VAN est de retour \u00e0 Nantes, <strong>samedi 28\u00a0juin 2025<\/strong>. Le parcours estival sera ouvert \u00e0 partir de 10\u2009h et jusqu\u2019\u00e0 22\u2009h pour les nouveaut\u00e9s de la saison.<\/p>\n<p class=\" wall-content\">La Nuit du VAN d\u00e9butera v\u00e9ritablement\u00a0\u00e0 18\u2009h, place Royale avec\u00a0l\u2019<strong>inauguration du parcours estival\u00a0et la d\u00e9couverte de\u00a0Latest Version, de Willem de Haan<\/strong>, qui propose\u00a0une nouvelle version de la fontaine avec <a href=\"https:\/\/actu.fr\/pays-de-la-loire\/nantes_44109\/voyage-a-nantes-pourquoi-les-statues-de-la-fontaine-place-royale-vont-etre-remplacees_62574787.html\" rel=\"nofollow noopener\" target=\"_blank\">des figures hyperr\u00e9alistes de Nantaises et Nantais<\/a>.<\/p>\n<p class=\" wall-content\">De 18\u2009h \u00e0 19\u2009h, la<strong> Galerie des\u00a0Machines de l\u2019\u00eele<\/strong>\u00a0sera\u00a0en acc\u00e8s libre, avec des d\u00e9couvertes comment\u00e9es du Grand \u00c9l\u00e9phant et la sortie de la Grande Fourmi.<\/p>\n<p class=\" wall-content\">Il y aura aussi des concerts, des projections de films et \u00e0 18\u2009h\u200930, l\u2019ambiance sera assur\u00e9e par\u00a0The Green Line Marching Band x Jasmine Vegas\u00a0qui entamera une premi\u00e8re d\u00e9ambulation, place Royale, place Graslin, cours Cambronne et square Daviais.<\/p>\n<p class=\" wall-content\"><strong>Trois food halls<\/strong> sont aussi organis\u00e9s en partenariat avec Les Tables de Nantes, de 18\u2009h\u200930 \u00e0 22\u2009h.<\/p>\n<p><a href=\"https:\/\/actu.fr\/pays-de-la-loire\/nantes_44109\/food-hall-geant-concerts-cine-en-plein-air-la-nuit-du-van-est-de-retour-voici-le-programme_62823106.html\" rel=\"nofollow noopener\" target=\"_blank\">Plus d\u2019informations sur la programmation de la Nuit du VAN en cliquant ici.<\/a>Les Folies Douces<\/p>\n<p class=\" wall-content\">Samedi et dimanche,<strong> Philippe des Palli\u00e8res<\/strong>, le cr\u00e9ateur du jeu les Loups-Garous de Thiercelieux ouvre ses <a href=\"https:\/\/actu.fr\/pays-de-la-loire\/thouare-sur-loire_44204\/auberge-loup-garou-expositions-des-folies-douces-vont-ouvrir-pres-de-nantes_62788785.html\" rel=\"nofollow noopener\" target=\"_blank\">Folies Douces<\/a> \u00e0 Thouar\u00e9-sur-Loire, pr\u00e8s de Nantes. Concerts, jeux, brocantes, expositions\u2026 C\u2019est \u00e0 ne pas rater.<\/p>\n<p>Exposition Hokusai<\/p>\n<p class=\" wall-content\">Ce samedi 28\u00a0juin,<a href=\"https:\/\/actu.fr\/pays-de-la-loire\/nantes_44109\/a-nantes-le-peintre-japonais-hokusai-mis-a-l-honneur-au-chateau-dans-une-expo-hors-du-commun_62836497.html\" rel=\"nofollow noopener\" target=\"_blank\"> <strong>l\u2019exposition Hokusai<\/strong> <\/a>ouvre ses portes <strong>au ch\u00e2teau des Ducs de Bretagne.<\/strong> Si vous n\u2019avez pas pu r\u00e9server un cr\u00e9neau pour la visiter pas de panique.<\/p>\n<p class=\" wall-content\">Samedi et dimanche, le ch\u00e2teau propose de d\u00e9couvrir la culture japonaise avec des c\u00e9r\u00e9monies du th\u00e9, des essayages du Yukata (le kimono d\u2019\u00e9t\u00e9), une d\u00e9monstration d\u2019Ikebana (art floral traditionnel), des initiations aux origamis et \u00e0 la calligraphie japonaise mais aussi tambours taru-kinuta, spectacle de danse Yosakoi et concerts de Koto.<\/p>\n<p>Infos pratiques\u2009: entr\u00e9e libre dans la limite des places disponibles.<a href=\"https:\/\/www.chateaunantes.fr\/evenements\/un-week-end-japonais\/\" rel=\"nofollow noopener\" target=\"_blank\"> Cliquez ici pour plus d\u2019informations sur la programmation.<\/a><\/p>\n<p class=\" wall-content\">Suivez toute l\u2019actualit\u00e9 de vos villes et m\u00e9dias favoris en vous inscrivant \u00e0 <a href=\"https:\/\/moncompte.actu.fr\" title=\"D\u00e9couvez Mon Actu\" rel=\"nofollow noopener\" data-trk=\"{&quot;cta&quot;:{&quot;action&quot;:&quot;https:\\\/\\\/moncompte.actu.fr&quot;,&quot;category&quot;:&quot;mon compte&quot;,&quot;from&quot;:&quot;article footer&quot;,&quot;name&quot;:&quot;Mon actu&quot;,&quot;type&quot;:&quot;cta&quot;}}\" target=\"_blank\">Mon Actu<\/a>.<\/p>\n","protected":false},"excerpt":{"rendered":"Par Laure Gentil Publi\u00e9 le 27 juin 2025 \u00e0 18h39 C\u2019est le week-end et vous ne savez pas&hellip;\n","protected":false},"author":2,"featured_media":208855,"comment_status":"","ping_status":"","sticky":false,"template":"","format":"standard","meta":{"footnotes":""},"categories":[2818],"tags":[1111,11,1063,1777,674,1011,27,1652,766,12,2636,25],"class_list":{"0":"post-208854","1":"post","2":"type-post","3":"status-publish","4":"format-standard","5":"has-post-thumbnail","7":"category-nantes","8":"tag-actu","9":"tag-actualites","10":"tag-animations","11":"tag-eu","12":"tag-europe","13":"tag-fr","14":"tag-france","15":"tag-loisirs-culture","16":"tag-nantes","17":"tag-news","18":"tag-pays-de-la-loire","19":"tag-republique-francaise"},"share_on_mastodon":{"url":"https:\/\/pubeurope.com\/@fr\/114756499821111921","error":""},"_links":{"self":[{"href":"https:\/\/www.europesays.com\/fr\/wp-json\/wp\/v2\/posts\/208854","targetHints":{"allow":["GET"]}}],"collection":[{"href":"https:\/\/www.europesays.com\/fr\/wp-json\/wp\/v2\/posts"}],"about":[{"href":"https:\/\/www.europesays.com\/fr\/wp-json\/wp\/v2\/types\/post"}],"author":[{"embeddable":true,"href":"https:\/\/www.europesays.com\/fr\/wp-json\/wp\/v2\/users\/2"}],"replies":[{"embeddable":true,"href":"https:\/\/www.europesays.com\/fr\/wp-json\/wp\/v2\/comments?post=208854"}],"version-history":[{"count":0,"href":"https:\/\/www.europesays.com\/fr\/wp-json\/wp\/v2\/posts\/208854\/revisions"}],"wp:featuredmedia":[{"embeddable":true,"href":"https:\/\/www.europesays.com\/fr\/wp-json\/wp\/v2\/media\/208855"}],"wp:attachment":[{"href":"https:\/\/www.europesays.com\/fr\/wp-json\/wp\/v2\/media?parent=208854"}],"wp:term":[{"taxonomy":"category","embeddable":true,"href":"https:\/\/www.europesays.com\/fr\/wp-json\/wp\/v2\/categories?post=208854"},{"taxonomy":"post_tag","embeddable":true,"href":"https:\/\/www.europesays.com\/fr\/wp-json\/wp\/v2\/tags?post=208854"}],"curies":[{"name":"wp","href":"https:\/\/api.w.org\/{rel}","templated":true}]}}