{"id":208858,"date":"2025-06-27T17:27:14","date_gmt":"2025-06-27T17:27:14","guid":{"rendered":"https:\/\/www.europesays.com\/fr\/208858\/"},"modified":"2025-06-27T17:27:14","modified_gmt":"2025-06-27T17:27:14","slug":"quel-plan-pour-dynamiser-le-commerce-bordelais","status":"publish","type":"post","link":"https:\/\/www.europesays.com\/fr\/208858\/","title":{"rendered":"Quel plan pour dynamiser le commerce bordelais ?"},"content":{"rendered":"<p class=\"legende\">\n\t\t\t\t\t\t\t\t\tPierre Hurmic veut cr\u00e9er un climat de confiance au sein du commerce bordelais. Cr\u00e9dit : DM\n\t\t\t\t\t\t\t\t<\/p>\n<p class=\"excerpt\">Sociologie changeante, mont\u00e9e de l\u2019e-commerce, \u00e9volution des modes de consommation\u2026 Le commerce de centre-ville doit se r\u00e9inventer. \u00c0 Bordeaux, municipalit\u00e9 et CCI se projettent \u00e0 10 ans et d\u00e9voilent un plan pr\u00e9sent\u00e9 comme tr\u00e8s ambitieux et collectif.<\/p>\n<p>Cet article premium vous int\u00e9resse ?<\/p>\n<p>Rejoignez nos 1000 adh\u00e9rents<\/p>\n<p>\n\t\t\t\t\t\t\t\t\t\t\t\t\t\tGagnez en visibilit\u00e9 et profitez d\u2019un r\u00e9seau de plusieurs centaines d\u2019adh\u00e9rents.\n\t\t\t\t\t\t\t\t\t\t\t\t\t<\/p>\n","protected":false},"excerpt":{"rendered":"Pierre Hurmic veut cr\u00e9er un climat de confiance au sein du commerce bordelais. Cr\u00e9dit : DM Sociologie changeante,&hellip;\n","protected":false},"author":2,"featured_media":208859,"comment_status":"","ping_status":"","sticky":false,"template":"","format":"standard","meta":{"footnotes":""},"categories":[2817],"tags":[1111,11,1997,1777,674,1011,27,12,2219,5645,25],"class_list":{"0":"post-208858","1":"post","2":"type-post","3":"status-publish","4":"format-standard","5":"has-post-thumbnail","7":"category-bordeaux","8":"tag-actu","9":"tag-actualites","10":"tag-bordeaux","11":"tag-eu","12":"tag-europe","13":"tag-fr","14":"tag-france","15":"tag-news","16":"tag-nouvelle-aquitaine","17":"tag-placco-placeco","18":"tag-republique-francaise"},"share_on_mastodon":{"url":"https:\/\/pubeurope.com\/@fr\/114756507682411985","error":""},"_links":{"self":[{"href":"https:\/\/www.europesays.com\/fr\/wp-json\/wp\/v2\/posts\/208858","targetHints":{"allow":["GET"]}}],"collection":[{"href":"https:\/\/www.europesays.com\/fr\/wp-json\/wp\/v2\/posts"}],"about":[{"href":"https:\/\/www.europesays.com\/fr\/wp-json\/wp\/v2\/types\/post"}],"author":[{"embeddable":true,"href":"https:\/\/www.europesays.com\/fr\/wp-json\/wp\/v2\/users\/2"}],"replies":[{"embeddable":true,"href":"https:\/\/www.europesays.com\/fr\/wp-json\/wp\/v2\/comments?post=208858"}],"version-history":[{"count":0,"href":"https:\/\/www.europesays.com\/fr\/wp-json\/wp\/v2\/posts\/208858\/revisions"}],"wp:featuredmedia":[{"embeddable":true,"href":"https:\/\/www.europesays.com\/fr\/wp-json\/wp\/v2\/media\/208859"}],"wp:attachment":[{"href":"https:\/\/www.europesays.com\/fr\/wp-json\/wp\/v2\/media?parent=208858"}],"wp:term":[{"taxonomy":"category","embeddable":true,"href":"https:\/\/www.europesays.com\/fr\/wp-json\/wp\/v2\/categories?post=208858"},{"taxonomy":"post_tag","embeddable":true,"href":"https:\/\/www.europesays.com\/fr\/wp-json\/wp\/v2\/tags?post=208858"}],"curies":[{"name":"wp","href":"https:\/\/api.w.org\/{rel}","templated":true}]}}