{"id":208864,"date":"2025-06-27T17:30:14","date_gmt":"2025-06-27T17:30:14","guid":{"rendered":"https:\/\/www.europesays.com\/fr\/208864\/"},"modified":"2025-06-27T17:30:14","modified_gmt":"2025-06-27T17:30:14","slug":"un-trou-de-20-metres-de-profondeur-dans-un-jardin","status":"publish","type":"post","link":"https:\/\/www.europesays.com\/fr\/208864\/","title":{"rendered":"un trou de 20 m\u00e8tres de profondeur dans un jardin"},"content":{"rendered":"<p>            Par<br \/>\n        <strong><br \/>\n            <a href=\"https:\/\/actu.fr\/auteur\/lea-afonso\" title=\"Consulter tous les articles de L\u00e9a Afonso\" rel=\"nofollow noopener\" target=\"_blank\">L\u00e9a Afonso<\/a><br \/>\n        <\/strong><\/p>\n<p>        Publi\u00e9 le<\/p>\n<p>            27 juin 2025 \u00e0 18h57        <\/p>\n<p><a href=\"https:\/\/actu.fr\/occitanie\/toulouse_31555\/toulouse-elle-a-eu-le-temps-de-dire-j-entends-un-crac-avant-que-tout-s-effondre-dans-sa-maison_62802510.html\" rel=\"nofollow noopener\" target=\"_blank\">\u00c0 peine une semaine apr\u00e8s l\u2019affaissement du sol d\u2019une maison<\/a> dans le quartier Bonnefoy \u00e0 <a href=\"https:\/\/actu.fr\/toulouse\/\" rel=\"nofollow noopener\" target=\"_blank\">Toulouse<\/a>, un nouvel incident survient \u00e0 quelques centaines de m\u00e8tres de-l\u00e0 ce vendredi 27\u00a0juin 2025. Un <strong>trou de 20\u00a0m\u00e8tres de profondeur<\/strong> a \u00e9t\u00e9 cr\u00e9\u00e9 dans le jardin d\u2019une habitation. Tiss\u00e9o et les secours sont sur place.<\/p>\n<p>    <a href=\"https:\/\/www.google.com\/maps\/embed?pb=!1m18!1m12!1m3!1d4996.203954275271!2d1.4529553838535818!3d43.61665188336199!2m3!1f0!2f0!3f0!3m2!1i1024!2i768!4f13.1!3m3!1m2!1s0x12aebcb96c744c7d%3A0x7f6ac670c40a2212!2sRue%20du%20G%C3%A9n%C3%A9ral%20Taupin%2C%2031500%20Toulouse!5e0!3m2!1sfr!2sfr!4v1751042979601!5m2!1sfr!2sfr\" title=\"Ouvrie le lien\" rel=\"nofollow noopener\" target=\"_blank\">Cliquez ici pour visualiser le contenu<\/a><\/p>\n<p>Un trou de 20\u00a0m\u00e8tres de profondeur<\/p>\n<p class=\" wall-content\">\u00ab\u2009Le passage du tunnelier a \u00e0 nouveau cr\u00e9\u00e9 un trou a priori de 20\u00a0m de profondeur dans le quartier Bonnefoy (plus pr\u00e9cis\u00e9ment rue du g\u00e9n\u00e9ral Taupin)\u2009\u00bb, informe une lectrice \u00e0 Actu Toulouse. Effectivement, aux alentours de <strong>16\u2009h\u200930<\/strong> ce vendredi, le <strong>jardin d\u2019une habitation<\/strong> s\u2019est <strong>effondr\u00e9<\/strong>, creusant une cavit\u00e9 de plusieurs m\u00e8tres de profondeur. Les faits se sont d\u00e9roul\u00e9s \u00ab\u2009vers le 41 ou 43 de la <strong>rue du g\u00e9n\u00e9ral Taupin\u2009<\/strong>\u00bb, affirme la m\u00eame source.<\/p>\n<p>Les secours sont sur place<\/p>\n<p class=\" wall-content\"><strong>Tiss\u00e9o confirme<\/strong> ce nouveau drame situ\u00e9 \u00e0 proximit\u00e9 du passage du tunnelier qui creuse la ligne C du m\u00e9tro \u00e0 Toulouse. \u00ab\u2009Nos \u00e9quipes sont mobilis\u00e9es sur place et \u00e9changent avec les riverains pour mettre les solutions ad\u00e9quates en place\u2009\u00bb, annonce Tiss\u00e9o.<\/p>\n<p class=\" wall-content\">Au niveau du trou, les moyens sont d\u00e8s \u00e0 pr\u00e9sent mis en \u0153uvre, \u00ab\u2009deux b\u00e9tonneuses notamment\u2009\u00bb sont sur place, assure l\u2019habitante du quartier.<\/p>\n<p>Vid\u00e9os : en ce moment sur Actu<\/p>\n<p class=\" wall-content\">Plus d\u2019informations \u00e0 suivre\u2026<\/p>\n<p class=\" wall-content\">Suivez toute l\u2019actualit\u00e9 de vos villes et m\u00e9dias favoris en vous inscrivant \u00e0 <a href=\"https:\/\/moncompte.actu.fr\" title=\"D\u00e9couvez Mon Actu\" rel=\"nofollow noopener\" data-trk=\"{&quot;cta&quot;:{&quot;action&quot;:&quot;https:\\\/\\\/moncompte.actu.fr&quot;,&quot;category&quot;:&quot;mon compte&quot;,&quot;from&quot;:&quot;article footer&quot;,&quot;name&quot;:&quot;Mon actu&quot;,&quot;type&quot;:&quot;cta&quot;}}\" target=\"_blank\">Mon Actu<\/a>.<\/p>\n","protected":false},"excerpt":{"rendered":"Par L\u00e9a Afonso Publi\u00e9 le 27 juin 2025 \u00e0 18h57 \u00c0 peine une semaine apr\u00e8s l\u2019affaissement du sol&hellip;\n","protected":false},"author":2,"featured_media":208865,"comment_status":"","ping_status":"","sticky":false,"template":"","format":"standard","meta":{"footnotes":""},"categories":[2816],"tags":[1111,11,1777,674,1011,27,12,2680,25,104,5400,2312,1352],"class_list":{"0":"post-208864","1":"post","2":"type-post","3":"status-publish","4":"format-standard","5":"has-post-thumbnail","7":"category-toulouse","8":"tag-actu","9":"tag-actualites","10":"tag-eu","11":"tag-europe","12":"tag-fr","13":"tag-france","14":"tag-news","15":"tag-occitanie","16":"tag-republique-francaise","17":"tag-societe","18":"tag-tisseo","19":"tag-toulouse","20":"tag-urbanisme"},"share_on_mastodon":{"url":"https:\/\/pubeurope.com\/@fr\/114756519490626491","error":""},"_links":{"self":[{"href":"https:\/\/www.europesays.com\/fr\/wp-json\/wp\/v2\/posts\/208864","targetHints":{"allow":["GET"]}}],"collection":[{"href":"https:\/\/www.europesays.com\/fr\/wp-json\/wp\/v2\/posts"}],"about":[{"href":"https:\/\/www.europesays.com\/fr\/wp-json\/wp\/v2\/types\/post"}],"author":[{"embeddable":true,"href":"https:\/\/www.europesays.com\/fr\/wp-json\/wp\/v2\/users\/2"}],"replies":[{"embeddable":true,"href":"https:\/\/www.europesays.com\/fr\/wp-json\/wp\/v2\/comments?post=208864"}],"version-history":[{"count":0,"href":"https:\/\/www.europesays.com\/fr\/wp-json\/wp\/v2\/posts\/208864\/revisions"}],"wp:featuredmedia":[{"embeddable":true,"href":"https:\/\/www.europesays.com\/fr\/wp-json\/wp\/v2\/media\/208865"}],"wp:attachment":[{"href":"https:\/\/www.europesays.com\/fr\/wp-json\/wp\/v2\/media?parent=208864"}],"wp:term":[{"taxonomy":"category","embeddable":true,"href":"https:\/\/www.europesays.com\/fr\/wp-json\/wp\/v2\/categories?post=208864"},{"taxonomy":"post_tag","embeddable":true,"href":"https:\/\/www.europesays.com\/fr\/wp-json\/wp\/v2\/tags?post=208864"}],"curies":[{"name":"wp","href":"https:\/\/api.w.org\/{rel}","templated":true}]}}