{"id":20887,"date":"2025-04-12T23:55:17","date_gmt":"2025-04-12T23:55:17","guid":{"rendered":"https:\/\/www.europesays.com\/fr\/20887\/"},"modified":"2025-04-12T23:55:17","modified_gmt":"2025-04-12T23:55:17","slug":"une-violente-bagarre-eclate-entre-jeunes-a-rennes","status":"publish","type":"post","link":"https:\/\/www.europesays.com\/fr\/20887\/","title":{"rendered":"une violente bagarre \u00e9clate entre jeunes \u00e0 Rennes"},"content":{"rendered":"<p>            Par<br \/>\n        <strong><br \/>\n            <a href=\"https:\/\/actu.fr\/auteur\/clemence-pays02-actu-fr\" title=\"Consulter tous les articles de Cl\u00e9mence Pays\" target=\"_blank\" rel=\"noopener\">Cl\u00e9mence Pays<\/a><br \/>\n        <\/strong><\/p>\n<p>        Publi\u00e9 le<\/p>\n<p>            12 avr. 2025 \u00e0 14h57        <\/p>\n<p>Une rixe a \u00e9clat\u00e9 entre de nombreux jeunes, \u00e0 Rennes, vendredi 11\u00a0avril 2025, en d\u00e9but de soir\u00e9e, avenue des Pays-Bas, dans le quartier du <a href=\"https:\/\/actu.fr\/tag\/le-blosne\" target=\"_blank\" rel=\"noopener\">Blosne<\/a>. Selon <a href=\"https:\/\/www.rennes-infos-autrement.fr\/apres-un-match-de-foot-une-violente-bagarre-entre-une-centaine-de-jeunes\/\" target=\"_blank\" rel=\"noopener\">Rennes Infos Autrement<\/a>, une <strong>centaine de jeunes, tous mineurs,<\/strong> se sont affront\u00e9s violemment.<\/p>\n<p class=\" wall-content\">Des faits qu\u2019<a href=\"https:\/\/actu.fr\/rennes\/\" target=\"_blank\" rel=\"noopener\">actu Rennes<\/a> a pu confirmer aupr\u00e8s d\u2019une source proche du dossier. D\u2019apr\u00e8s nos informations, cette bagarre aurait \u00e9t\u00e9 men\u00e9e par une bande issue du quartier de <a href=\"https:\/\/actu.fr\/tag\/villejean\" target=\"_blank\" rel=\"noopener\">Villejean<\/a> contre celle du Triangle.<\/p>\n<p class=\" wall-content\">Une cinquantaine d\u2019entre eux \u00e9tait munie de <strong>b\u00e2tons<\/strong> et de<strong> battes de base-ball.<\/strong><\/p>\n<p>Pas d\u2019interpellation<\/p>\n<p class=\" wall-content\">La police de Rennes est intervenue sur place pour mettre fin \u00e0 la bagarre. Une fois les forces de l\u2019ordre pr\u00e9sente, les jeunes se sont dispers\u00e9s. <strong>Aucune interpellation<\/strong> n\u2019a \u00e9t\u00e9 men\u00e9e.<\/p>\n<p class=\" wall-content\">Cet affrontement serait survenu apr\u00e8s <strong>un match de football<\/strong> disput\u00e9 entre les protagonistes.<\/p>\n<p>Vid\u00e9os : en ce moment sur Actu<\/p>\n<p class=\" wall-content\">Suivez toute l\u2019actualit\u00e9 de vos villes et m\u00e9dias favoris en vous inscrivant \u00e0 <a href=\"https:\/\/moncompte.actu.fr\" title=\"D\u00e9couvez Mon Actu\" rel=\"nofollow noopener\" data-trk=\"{&quot;cta&quot;:{&quot;action&quot;:&quot;https:\\\/\\\/moncompte.actu.fr&quot;,&quot;category&quot;:&quot;mon compte&quot;,&quot;from&quot;:&quot;article footer&quot;,&quot;name&quot;:&quot;Mon actu&quot;,&quot;type&quot;:&quot;cta&quot;}}\" target=\"_blank\">Mon Actu<\/a>.<\/p>\n","protected":false},"excerpt":{"rendered":"Par Cl\u00e9mence Pays Publi\u00e9 le 12 avr. 2025 \u00e0 14h57 Une rixe a \u00e9clat\u00e9 entre de nombreux jeunes,&hellip;\n","protected":false},"author":2,"featured_media":20888,"comment_status":"","ping_status":"","sticky":false,"template":"","format":"standard","meta":{"footnotes":""},"categories":[2821],"tags":[1111,11,829,1777,674,118,1011,27,7905,12,1072,584,25,5375],"class_list":{"0":"post-20887","1":"post","2":"type-post","3":"status-publish","4":"format-standard","5":"has-post-thumbnail","7":"category-rennes","8":"tag-actu","9":"tag-actualites","10":"tag-bretagne","11":"tag-eu","12":"tag-europe","13":"tag-faits-divers","14":"tag-fr","15":"tag-france","16":"tag-le-blosne","17":"tag-news","18":"tag-police","19":"tag-rennes","20":"tag-republique-francaise","21":"tag-villejean"},"share_on_mastodon":{"url":"https:\/\/pubeurope.com\/@fr\/114327697814996839","error":""},"_links":{"self":[{"href":"https:\/\/www.europesays.com\/fr\/wp-json\/wp\/v2\/posts\/20887","targetHints":{"allow":["GET"]}}],"collection":[{"href":"https:\/\/www.europesays.com\/fr\/wp-json\/wp\/v2\/posts"}],"about":[{"href":"https:\/\/www.europesays.com\/fr\/wp-json\/wp\/v2\/types\/post"}],"author":[{"embeddable":true,"href":"https:\/\/www.europesays.com\/fr\/wp-json\/wp\/v2\/users\/2"}],"replies":[{"embeddable":true,"href":"https:\/\/www.europesays.com\/fr\/wp-json\/wp\/v2\/comments?post=20887"}],"version-history":[{"count":0,"href":"https:\/\/www.europesays.com\/fr\/wp-json\/wp\/v2\/posts\/20887\/revisions"}],"wp:featuredmedia":[{"embeddable":true,"href":"https:\/\/www.europesays.com\/fr\/wp-json\/wp\/v2\/media\/20888"}],"wp:attachment":[{"href":"https:\/\/www.europesays.com\/fr\/wp-json\/wp\/v2\/media?parent=20887"}],"wp:term":[{"taxonomy":"category","embeddable":true,"href":"https:\/\/www.europesays.com\/fr\/wp-json\/wp\/v2\/categories?post=20887"},{"taxonomy":"post_tag","embeddable":true,"href":"https:\/\/www.europesays.com\/fr\/wp-json\/wp\/v2\/tags?post=20887"}],"curies":[{"name":"wp","href":"https:\/\/api.w.org\/{rel}","templated":true}]}}