{"id":208870,"date":"2025-06-27T17:33:13","date_gmt":"2025-06-27T17:33:13","guid":{"rendered":"https:\/\/www.europesays.com\/fr\/208870\/"},"modified":"2025-06-27T17:33:13","modified_gmt":"2025-06-27T17:33:13","slug":"le-camp-de-roms-sous-le-metro-de-la-rose-evacue","status":"publish","type":"post","link":"https:\/\/www.europesays.com\/fr\/208870\/","title":{"rendered":"le camp de Roms sous le m\u00e9tro de la Rose \u00e9vacu\u00e9"},"content":{"rendered":"<p>Install\u00e9 sous le m\u00e9tro depuis plusieurs mois, le camp de Roms de la rue des Glycines, \u00e0 la Rose (13e), a \u00e9t\u00e9 \u00e9vacu\u00e9 ce jeudi 26\u00a0juin au petit matin. C\u2019est la pr\u00e9fecture des Bouches-du-Rh\u00f4ne qui a proc\u00e9d\u00e9 \u00e0 <a href=\"https:\/\/laprovence.com\/article\/edition-marseille\/2667688\/camps-de-roms-le-vrai-casse-tete-des-expulsions.html\" target=\"_blank\" rel=\"noopener\">l\u2019\u00e9vacuation de l\u2019occupation illicite<\/a> de cette parcelle en gestion m\u00e9tropolitaine.<\/p>\n<p>L\u2019acte a \u00e9t\u00e9 pris \u00ab\u00a0en application d\u2019un arr\u00eat\u00e9 municipal portant mise en demeure d\u2019\u00e9vacuation pour assurer le bon ordre, la s\u00fbret\u00e9 et la salubrit\u00e9 publique, pris au regard des conditions de vie indignes pour les occupants qui occupaient des baraquements de fortune sans acc\u00e8s \u00e0 l\u2019eau potable ni \u00e0 l\u2019\u00e9lectricit\u00e9\u00a0\u00bb, explique la pr\u00e9fecture.<\/p>\n<p>\u00ab\u00a0Mettre les enfants \u00e0 l\u2019abri\u00a0\u00bb<\/p>\n<p>Il y a quelques semaines, l\u2019adjoint au maire en charge de la s\u00e9curit\u00e9, Yannick Ohanessian (PS), avait pris un arr\u00eat\u00e9 de mise en demeure d\u2019\u00e9vacuation pour assurer \u00ab\u00a0le bon ordre, la s\u00fbret\u00e9 et la salubrit\u00e9 publique\u00a0\u00bb, apr\u00e8s constatation de cette occupation illicite par la police municipale les 11, 20 et 21\u00a0mai derniers.<\/p>\n<p>C\u2019est cet arr\u00eat\u00e9 qu\u2019avait tendu<a href=\"https:\/\/www.laprovence.com\/article\/politique\/2762485054235914\/affaire-des-fausses-procurations-cazzola-et-pasquini-dvg-ont-rendu-leurs-delegations-au-maire-de-marseille\" target=\"_blank\" rel=\"noopener\"> Marguerite Pasquini, conseill\u00e8re municipale (DVG),<\/a> aux pr\u00e9sents lors de l\u2019assembl\u00e9e g\u00e9n\u00e9rale du CIQ de la Rose le 16\u00a0juin dernier, alors que les participants s\u2019interrogeaient sur cette \u00e9vacuation promise qui tardait \u00e0 \u00eatre ordonn\u00e9e.<\/p>\n<p><img alt=\"Le campement \u00e9vacu\u00e9, les riverains esp\u00e8rent que l'espace restera s\u00e9curis\u00e9.\" loading=\"lazy\" decoding=\"async\" data-nimg=\"fill\" class=\" TwicCore_img__i9TC1 undefined  undefined\" style=\"position:absolute;height:100%;width:100%;left:0;top:0;right:0;bottom:0;color:transparent;background-size:cover;background-position:50% 50%;background-repeat:no-repeat;background-image:url(&quot;data:image\/svg+xml;charset=utf-8,%3Csvg xmlns='http:\/\/www.w3.org\/2000\/svg' %3E%3Cfilter id='b' color-interpolation-filters='sRGB'%3E%3CfeGaussianBlur stdDeviation='20'\/%3E%3CfeColorMatrix values='1 0 0 0 0 0 1 0 0 0 0 0 1 0 0 0 0 0 100 -1' result='s'\/%3E%3CfeFlood x='0' y='0' width='100%25' height='100%25'\/%3E%3CfeComposite operator='out' in='s'\/%3E%3CfeComposite in2='SourceGraphic'\/%3E%3CfeGaussianBlur stdDeviation='20'\/%3E%3C\/filter%3E%3Cimage width='100%25' height='100%25' x='0' y='0' preserveAspectRatio='none' style='filter: url(%23b);' href='https:\/\/pictures.laprovence.com\/cdn-cgi\/image\/blur=250\/media\/melody\/2025\/06\/27\/le-campement-evacue-les-riverains-esperent-que-l-espace-restera-securise-1751042506_1b030fe6be586c1330fe6be584f330v_.jpg'\/%3E%3C\/svg%3E&quot;)\"   src=\"https:\/\/www.europesays.com\/fr\/wp-content\/uploads\/2025\/06\/le-campement-evacue-les-riverains-esperent-que-l-espace-restera-securise-1751042506_1b030fe6be586c13.jpeg\"\/>Le campement \u00e9vacu\u00e9, les riverains esp\u00e8rent que l&rsquo;espace restera s\u00e9curis\u00e9. La Provence \/ L.M.<\/p>\n<p>C\u2019est d\u00e9sormais chose faite, ce qui \u00ab\u00a0ravit les habitants de la Rose\u00a0\u00bb, souligne Fran\u00e7oise Magnino, la nouvelle pr\u00e9sidente du CIQ, \u00e9lue le 23\u00a0juin. \u00ab\u00a0Nous \u00e9tions surtout soucieux de mettre les enfants \u00e0 l\u2019abri, qu\u2019ils soient suivis par la protection maternelle infantile. Et puis nous \u00e9tions inquiets du risque d\u2019incendie qui aurait pu toucher le campement et le m\u00e9tro juste au-dessus.\u00a0\u00bb<\/p>\n<p>L\u2019\u00e9vacuation de ce jeudi s\u2019est d\u00e9roul\u00e9e \u00ab\u00a0sans incident et dans le souci permanent du respect de la dignit\u00e9 des personnes. Une solution de mise \u00e0 l\u2019abri en h\u00f4tel a \u00e9t\u00e9 propos\u00e9e aux deux familles pr\u00e9sentes\u00a0\u00bb, pr\u00e9cise la pr\u00e9fecture.\u00a0Afin de proposer des solutions aux familles ayant quitt\u00e9 les lieux, \u00ab\u00a0plusieurs dispositifs subventionn\u00e9s par l\u2019\u00c9tat seront maintenus pour assurer un suivi social des familles par des professionnels de l\u2019accompagnement tant sur les champs de l\u2019acc\u00e8s au droit, de la sant\u00e9, du logement, du travail, que de l\u2019\u00e9ducation.\u00a0\u00bb<\/p>\n<p>Un premier camp \u00e9vacu\u00e9 en\u00a02022<\/p>\n<p>En\u00a02020, un camp de Roms avait vu le jour entre la L2 et la station de m\u00e9tro de Frais-Vallon, chemin des Jonquilles (13e). Il avait compt\u00e9 jusqu\u2019\u00e0 80\u00a0membres qui ne furent plus qu\u2019une quinzaine au lendemain d\u2019<a href=\"https:\/\/laprovence.com\/actu\/en-direct\/6588072\/marseille-un-camp-de-roms-ravage-par-un-incendie-a-frais-vallon.html\" target=\"_blank\" rel=\"noopener\">un incendie survenu en d\u00e9cembre\u00a02021<\/a>. Les riverains avaient alors manifest\u00e9 devant la pr\u00e9fecture et la pr\u00e9f\u00e8te de police avait pris un arr\u00eat\u00e9 d\u2019\u00e9vacuation, ex\u00e9cut\u00e9 en janvier\u00a02022 sur des motifs d\u2019ordre public.<\/p>\n<p><img alt=\"Le camp se situait \u00e0 deux pas du parc Scholl Chaumel, renatur\u00e9, \u00e9quip\u00e9 de jeux et livr\u00e9 il y a deux mois derri\u00e8re l'avenue de la Rose.\" loading=\"lazy\" decoding=\"async\" data-nimg=\"fill\" class=\" TwicCore_img__i9TC1 undefined  undefined\" style=\"position:absolute;height:100%;width:100%;left:0;top:0;right:0;bottom:0;color:transparent;background-size:cover;background-position:50% 50%;background-repeat:no-repeat;background-image:url(&quot;data:image\/svg+xml;charset=utf-8,%3Csvg xmlns='http:\/\/www.w3.org\/2000\/svg' %3E%3Cfilter id='b' color-interpolation-filters='sRGB'%3E%3CfeGaussianBlur stdDeviation='20'\/%3E%3CfeColorMatrix values='1 0 0 0 0 0 1 0 0 0 0 0 1 0 0 0 0 0 100 -1' result='s'\/%3E%3CfeFlood x='0' y='0' width='100%25' height='100%25'\/%3E%3CfeComposite operator='out' in='s'\/%3E%3CfeComposite in2='SourceGraphic'\/%3E%3CfeGaussianBlur stdDeviation='20'\/%3E%3C\/filter%3E%3Cimage width='100%25' height='100%25' x='0' y='0' preserveAspectRatio='none' style='filter: url(%23b);' href='https:\/\/pictures.laprovence.com\/cdn-cgi\/image\/blur=250\/media\/melody\/2025\/06\/27\/le-camp-se-situait-a-deux-pas-du-parc-scholl-chaumel-renature-equipe-de-jeux-et-livre-il-y-a-deux-mo-1751042507_eb550fe6be58670650fe6be58f4650v_.jpg'\/%3E%3C\/svg%3E&quot;)\"   src=\"https:\/\/www.europesays.com\/fr\/wp-content\/uploads\/2025\/06\/le-camp-se-situait-a-deux-pas-du-parc-scholl-chaumel-renature-equipe-de-jeux-et-livre-il-y-a-deux-mo.jpeg\"\/>Le camp se situait \u00e0 deux pas du parc Scholl Chaumel, renatur\u00e9, \u00e9quip\u00e9 de jeux et livr\u00e9 il y a deux mois derri\u00e8re l&rsquo;avenue de la Rose. La Provence \/ L.M.<\/p>\n<p>Les riverains de la Rose esp\u00e8rent d\u00e9sormais que l\u2019espace sera pr\u00e9serv\u00e9, d\u2019autant qu\u2019il se situe \u00e0 mi-chemin entre<a href=\"https:\/\/laprovence.com\/article\/region\/26466898426711\/gestion-de-la-ville-ou-de-la-metropole-a-marseille-le-parc-scholl-chaumel-englouti-sous-les-competences\" target=\"_blank\" rel=\"noopener\"> le parc Scholl Chaumel<\/a>, renatur\u00e9, \u00e9quip\u00e9 de jeux et d\u2019un terrain de p\u00e9tanque pour 300\u00a0000\u00a0\u20ac &#8211; il sera inaugur\u00e9 \u00e0 la rentr\u00e9e -, et l\u2019\u00e9cole La Rose Place, qui b\u00e9n\u00e9ficiera dans quelques semaines des <a href=\"https:\/\/www.laprovence.com\/article\/region\/4634648842503514\/une-vingtaine-de-rues-des-enfants-par-an-dans-la-metropole-aix-marseille-provence\" target=\"_blank\" rel=\"noopener\">travaux d\u2019am\u00e9nagement d\u2019une Rue des enfants<\/a>.<\/p>\n","protected":false},"excerpt":{"rendered":"Install\u00e9 sous le m\u00e9tro depuis plusieurs mois, le camp de Roms de la rue des Glycines, \u00e0 la&hellip;\n","protected":false},"author":2,"featured_media":208871,"comment_status":"","ping_status":"","sticky":false,"template":"","format":"standard","meta":{"footnotes":""},"categories":[2814],"tags":[17,1111,11,5542,1777,674,13275,1011,27,884,4047,12,882,25,21088,4940,104,3107],"class_list":{"0":"post-208870","1":"post","2":"type-post","3":"status-publish","4":"format-standard","5":"has-post-thumbnail","7":"category-marseille","8":"tag-17","9":"tag-actu","10":"tag-actualites","11":"tag-camp","12":"tag-eu","13":"tag-europe","14":"tag-evacue","15":"tag-fr","16":"tag-france","17":"tag-marseille","18":"tag-metro","19":"tag-news","20":"tag-provence-alpes-cote-dazur","21":"tag-republique-francaise","22":"tag-roms","23":"tag-rose","24":"tag-societe","25":"tag-sous"},"share_on_mastodon":{"url":"https:\/\/pubeurope.com\/@fr\/114756531325590756","error":""},"_links":{"self":[{"href":"https:\/\/www.europesays.com\/fr\/wp-json\/wp\/v2\/posts\/208870","targetHints":{"allow":["GET"]}}],"collection":[{"href":"https:\/\/www.europesays.com\/fr\/wp-json\/wp\/v2\/posts"}],"about":[{"href":"https:\/\/www.europesays.com\/fr\/wp-json\/wp\/v2\/types\/post"}],"author":[{"embeddable":true,"href":"https:\/\/www.europesays.com\/fr\/wp-json\/wp\/v2\/users\/2"}],"replies":[{"embeddable":true,"href":"https:\/\/www.europesays.com\/fr\/wp-json\/wp\/v2\/comments?post=208870"}],"version-history":[{"count":0,"href":"https:\/\/www.europesays.com\/fr\/wp-json\/wp\/v2\/posts\/208870\/revisions"}],"wp:featuredmedia":[{"embeddable":true,"href":"https:\/\/www.europesays.com\/fr\/wp-json\/wp\/v2\/media\/208871"}],"wp:attachment":[{"href":"https:\/\/www.europesays.com\/fr\/wp-json\/wp\/v2\/media?parent=208870"}],"wp:term":[{"taxonomy":"category","embeddable":true,"href":"https:\/\/www.europesays.com\/fr\/wp-json\/wp\/v2\/categories?post=208870"},{"taxonomy":"post_tag","embeddable":true,"href":"https:\/\/www.europesays.com\/fr\/wp-json\/wp\/v2\/tags?post=208870"}],"curies":[{"name":"wp","href":"https:\/\/api.w.org\/{rel}","templated":true}]}}