{"id":208872,"date":"2025-06-27T17:34:11","date_gmt":"2025-06-27T17:34:11","guid":{"rendered":"https:\/\/www.europesays.com\/fr\/208872\/"},"modified":"2025-06-27T17:34:11","modified_gmt":"2025-06-27T17:34:11","slug":"la-fermeture-des-epiceries-de-nuit-etendue-et-prolongee-pour-cet-ete-a-marseille","status":"publish","type":"post","link":"https:\/\/www.europesays.com\/fr\/208872\/","title":{"rendered":"La fermeture des \u00e9piceries de nuit \u00e9tendue et prolong\u00e9e pour cet \u00e9t\u00e9 \u00e0 Marseille"},"content":{"rendered":"<p>Un nouvel arr\u00eat\u00e9 vient prolonger jusqu\u2019au 30 septembre la fermeture des \u00e9picerie la nuit \u00e0 Marseille. Les secteurs concern\u00e9s sont \u00e9galement plus nombreux.\n<\/p>\n<p dir=\"ltr\">Du 1er juillet au 30 septembre certaines \u00e9piceries de nuit de Marseille devront fermer leurs portes les lundi, mardi, mercredi, jeudi et dimanche: de 23h \u00e0 6h du matin et les vendredi, samedi et veille de jours f\u00e9ri\u00e9s (13 juillet 2025 et 14 ao\u00fbt 2025) : de minuit \u00e0 6h du matin. Des horaires l\u00e9g\u00e8rement plus souples puisque le pr\u00e9c\u00e9dent arr\u00eat\u00e9 imposait une fermeture \u00e0 partir de 22h.<\/p>\n<p dir=\"ltr\">Le secteur centre est toujours concern\u00e9 ainsi que celui de Fran\u00e7oise Duparc- Sakakini, de nouvelles rues ont \u00e9t\u00e9 ajout\u00e9es. En plus de ces deux quartiers d\u00e9j\u00e0 concern\u00e9s par <a href=\"https:\/\/maritima.fr\/actualites\/faits-divers\/marseille\/6636\/fermeture-prolongee-pour-les-epiceries-de-nuit-a-marseille\" target=\"_blank\" rel=\"noopener\">le pr\u00e9c\u00e9dent arr\u00eat\u00e9<\/a>, le boulevard Baille, la Capelette, Pont-de-Vivaux et Saint-Loup rejoignent la liste. Un p\u00e9rim\u00e8tre qui \u201ca \u00e9t\u00e9 ajust\u00e9 en vertu des remont\u00e9es de terrain\u201d, d\u00e9clare la pr\u00e9fecture de police des Bouches-du-Rh\u00f4ne.<\/p>\n<p dir=\"ltr\">Pour retrouver l\u2019arr\u00eat\u00e9 dans son int\u00e9gralit\u00e9, cliquez sur <a href=\"https:\/\/www.bouches-du-rhone.gouv.fr\/contenu\/telechargement\/60062\/425178\/file\/recueil-13-2025-193Bis-recueil-des-actes-administratifs-special%20du%2027%20juin%202025.pdf\" target=\"_blank\" rel=\"noopener\">ce lien<\/a>.<\/p>\n<p>\u00a0<\/p>\n","protected":false},"excerpt":{"rendered":"Un nouvel arr\u00eat\u00e9 vient prolonger jusqu\u2019au 30 septembre la fermeture des \u00e9picerie la nuit \u00e0 Marseille. Les secteurs&hellip;\n","protected":false},"author":2,"featured_media":208873,"comment_status":"","ping_status":"","sticky":false,"template":"","format":"standard","meta":{"footnotes":""},"categories":[2814],"tags":[1111,11,12821,2883,1777,674,13407,1011,27,884,12,4524,882,25],"class_list":{"0":"post-208872","1":"post","2":"type-post","3":"status-publish","4":"format-standard","5":"has-post-thumbnail","7":"category-marseille","8":"tag-actu","9":"tag-actualites","10":"tag-epicerie","11":"tag-ete","12":"tag-eu","13":"tag-europe","14":"tag-fermeture","15":"tag-fr","16":"tag-france","17":"tag-marseille","18":"tag-news","19":"tag-prefecture-de-police","20":"tag-provence-alpes-cote-dazur","21":"tag-republique-francaise"},"share_on_mastodon":{"url":"https:\/\/pubeurope.com\/@fr\/114756535441630068","error":""},"_links":{"self":[{"href":"https:\/\/www.europesays.com\/fr\/wp-json\/wp\/v2\/posts\/208872","targetHints":{"allow":["GET"]}}],"collection":[{"href":"https:\/\/www.europesays.com\/fr\/wp-json\/wp\/v2\/posts"}],"about":[{"href":"https:\/\/www.europesays.com\/fr\/wp-json\/wp\/v2\/types\/post"}],"author":[{"embeddable":true,"href":"https:\/\/www.europesays.com\/fr\/wp-json\/wp\/v2\/users\/2"}],"replies":[{"embeddable":true,"href":"https:\/\/www.europesays.com\/fr\/wp-json\/wp\/v2\/comments?post=208872"}],"version-history":[{"count":0,"href":"https:\/\/www.europesays.com\/fr\/wp-json\/wp\/v2\/posts\/208872\/revisions"}],"wp:featuredmedia":[{"embeddable":true,"href":"https:\/\/www.europesays.com\/fr\/wp-json\/wp\/v2\/media\/208873"}],"wp:attachment":[{"href":"https:\/\/www.europesays.com\/fr\/wp-json\/wp\/v2\/media?parent=208872"}],"wp:term":[{"taxonomy":"category","embeddable":true,"href":"https:\/\/www.europesays.com\/fr\/wp-json\/wp\/v2\/categories?post=208872"},{"taxonomy":"post_tag","embeddable":true,"href":"https:\/\/www.europesays.com\/fr\/wp-json\/wp\/v2\/tags?post=208872"}],"curies":[{"name":"wp","href":"https:\/\/api.w.org\/{rel}","templated":true}]}}