{"id":208874,"date":"2025-06-27T17:35:14","date_gmt":"2025-06-27T17:35:14","guid":{"rendered":"https:\/\/www.europesays.com\/fr\/208874\/"},"modified":"2025-06-27T17:35:14","modified_gmt":"2025-06-27T17:35:14","slug":"cette-celebre-patisserie-propose-des-macarons-saveurs-cocktails-cet-ete-a-lyon","status":"publish","type":"post","link":"https:\/\/www.europesays.com\/fr\/208874\/","title":{"rendered":"Cette c\u00e9l\u00e8bre p\u00e2tisserie propose des macarons saveurs cocktails cet \u00e9t\u00e9 \u00e0 Lyon"},"content":{"rendered":"<p data-start=\"258\" data-end=\"681\">Dans le monde feutr\u00e9 de la p\u00e2tisserie de luxe, certains osent encore surprendre. Et cette fois, c\u2019est le ma\u00eetre chocolatier lyonnais Richard S\u00e8ve qui secoue le shaker. <strong>Pour l\u2019\u00e9t\u00e9 2025, la Maison S\u00e8ve fait tomber les gla\u00e7ons et r\u00e9invente l\u2019ap\u00e9ritif\u2026 en macaron. <\/strong>Exit les chips molles et les cacahu\u00e8tes tristes, place \u00e0 une collection chic et d\u00e9cal\u00e9e o\u00f9 les grands classiques du bar \u00e0 cocktails se croquent du bout des dents.<\/p>\n<p>&#13;<br \/>\n<strong>Les cocktails phares de l&rsquo;\u00e9t\u00e9 \u00e0 croquer sans mod\u00e9ration<\/strong>&#13;<\/p>\n<p data-start=\"683\" data-end=\"1239\">Quatre stars de l\u2019ap\u00e9ro se retrouvent donc en version mini, sucr\u00e9e, fondante\u00a0: <strong>le Negroni <\/strong>joue la carte de l\u2019amertume avec une ganache cors\u00e9e qui claque sous la dent, <strong>le Mojito<\/strong> d\u00e9barque avec sa fra\u00eecheur menthol\u00e9e et son pep\u2019s citronn\u00e9, tandis que <strong>le Pastis<\/strong> d\u00e9ploie une note anis\u00e9e douce comme une fin de journ\u00e9e \u00e0 Marseille. Et pour ceux qui pr\u00e9f\u00e8rent les ambiances plage, bikini et coucher de soleil,<strong> le Sex on the Beach<\/strong> se fait fruit\u00e9 et irr\u00e9sistiblement sensuel. Le tout, emball\u00e9 dans un coffret rouge flamboyant qui sent bon l\u2019\u00e9l\u00e9gance \u00e0 la fran\u00e7aise.<\/p>\n<p>&#13;<\/p>\n<blockquote class=\"instagram-media\" data-instgrm-permalink=\"https:\/\/www.instagram.com\/reel\/DLP51lIIzc0\/?utm_source=ig_embed&amp;utm_campaign=loading\" data-instgrm-version=\"14\" style=\"background: #FFF; border: 0; border-radius: 3px; box-shadow: 0 0 1px 0 rgba(0,0,0,0.5),0 1px 10px 0 rgba(0,0,0,0.15); margin: 1px; max-width: 540px; min-width: 326px; padding: 0; width: calc(100% - 2px);\"><p>&#13;<br \/>\n&#13;\n<\/p><\/blockquote>\n<p>&#13;<br \/>\n&#13;<br \/>\n&#13;<\/p>\n<p data-start=\"1241\" data-end=\"1559\" data-is-last-node=\"\" data-is-only-node=\"\">Fabriqu\u00e9s \u00e0 la main dans l\u2019atelier de Champagne-au-Mont-d\u2019Or, <strong>ces 16 macarons en \u00e9dition limit\u00e9e <\/strong>sont un clin d\u2019\u0153il malicieux \u00e0 nos ap\u00e9ros d\u2019\u00e9t\u00e9. Entre tradition p\u00e2tissi\u00e8re et audace cr\u00e9ative, Richard S\u00e8ve prouve une fois de plus qu\u2019il n\u2019a pas peur de bousculer les codes. Alors, mojito ou negroni\u00a0? \u00c0 vous de croquer.<\/p>\n<p>&#13;<\/p>\n<p data-start=\"1241\" data-end=\"1559\" data-is-last-node=\"\" data-is-only-node=\"\"><strong><a href=\"https:\/\/www.chocolatseve.com\/macarons-sucres\/1578-ecrin-rouge-de-24-macarons-coktails.html\" rel=\"nofollow noopener noreferrer\" target=\"_blank\">Plus d&rsquo;infos<\/a><\/strong><\/p>\n<p><script async src=\"\/\/www.instagram.com\/embed.js\"><\/script><\/p>\n","protected":false},"excerpt":{"rendered":"Dans le monde feutr\u00e9 de la p\u00e2tisserie de luxe, certains osent encore surprendre. Et cette fois, c\u2019est le&hellip;\n","protected":false},"author":2,"featured_media":208875,"comment_status":"","ping_status":"","sticky":false,"template":"","format":"standard","meta":{"footnotes":""},"categories":[1889],"tags":[1111,11,2430,1777,674,1011,27,2428,12,25],"class_list":{"0":"post-208874","1":"post","2":"type-post","3":"status-publish","4":"format-standard","5":"has-post-thumbnail","7":"category-lyon","8":"tag-actu","9":"tag-actualites","10":"tag-auvergne-rhone-alpes","11":"tag-eu","12":"tag-europe","13":"tag-fr","14":"tag-france","15":"tag-lyon","16":"tag-news","17":"tag-republique-francaise"},"share_on_mastodon":{"url":"https:\/\/pubeurope.com\/@fr\/114756539333729584","error":""},"_links":{"self":[{"href":"https:\/\/www.europesays.com\/fr\/wp-json\/wp\/v2\/posts\/208874","targetHints":{"allow":["GET"]}}],"collection":[{"href":"https:\/\/www.europesays.com\/fr\/wp-json\/wp\/v2\/posts"}],"about":[{"href":"https:\/\/www.europesays.com\/fr\/wp-json\/wp\/v2\/types\/post"}],"author":[{"embeddable":true,"href":"https:\/\/www.europesays.com\/fr\/wp-json\/wp\/v2\/users\/2"}],"replies":[{"embeddable":true,"href":"https:\/\/www.europesays.com\/fr\/wp-json\/wp\/v2\/comments?post=208874"}],"version-history":[{"count":0,"href":"https:\/\/www.europesays.com\/fr\/wp-json\/wp\/v2\/posts\/208874\/revisions"}],"wp:featuredmedia":[{"embeddable":true,"href":"https:\/\/www.europesays.com\/fr\/wp-json\/wp\/v2\/media\/208875"}],"wp:attachment":[{"href":"https:\/\/www.europesays.com\/fr\/wp-json\/wp\/v2\/media?parent=208874"}],"wp:term":[{"taxonomy":"category","embeddable":true,"href":"https:\/\/www.europesays.com\/fr\/wp-json\/wp\/v2\/categories?post=208874"},{"taxonomy":"post_tag","embeddable":true,"href":"https:\/\/www.europesays.com\/fr\/wp-json\/wp\/v2\/tags?post=208874"}],"curies":[{"name":"wp","href":"https:\/\/api.w.org\/{rel}","templated":true}]}}