{"id":208878,"date":"2025-06-27T17:37:08","date_gmt":"2025-06-27T17:37:08","guid":{"rendered":"https:\/\/www.europesays.com\/fr\/208878\/"},"modified":"2025-06-27T17:37:08","modified_gmt":"2025-06-27T17:37:08","slug":"journee-noire-sur-les-routes-dile-de-france-des-bouchons-hors-norme-juste-avant-le-week-end","status":"publish","type":"post","link":"https:\/\/www.europesays.com\/fr\/208878\/","title":{"rendered":"Journ\u00e9e noire sur les routes d&rsquo;\u00cele-de-France, des bouchons hors norme juste avant le week-end"},"content":{"rendered":"<p>            Par<br \/>\n        <strong><br \/>\n            <a href=\"https:\/\/actu.fr\/auteur\/dorinegoth\" title=\"Consulter tous les articles de Dorine Goth\" target=\"_blank\" rel=\"noopener\">Dorine Goth<\/a><br \/>\n        <\/strong><\/p>\n<p>        Publi\u00e9 le<\/p>\n<p>            27 juin 2025 \u00e0 18h27        <\/p>\n<p>Bison Fut\u00e9 avait pr\u00e9venu\u2009: il ne faisait pas bon prendre sa voiture ce vendredi 27\u00a0juin 2025 en <strong>\u00cele-de-France.<\/strong> Alors que les <a href=\"https:\/\/actu.fr\/societe\/decouvrez-toutes-les-dates-zones-par-zone-des-vacances-scolaires-2025-2026-qui-sont-les-grands-gagnants_62709416.html\" target=\"_blank\" rel=\"noopener\">vacances scolaires<\/a> n\u2019ont pas encore officiellement commenc\u00e9, les Franciliens \u00e9taient nombreux \u00e0 prendre la route en cette veille de week-end, entra\u00eenant une<strong> circulation exceptionnelle<\/strong> tout au long de la journ\u00e9e. Pour la journ\u00e9e, <a href=\"https:\/\/actu.fr\/ile-de-france\/paris_75056\/departs-en-vacances-bison-fute-annonce-des-difficultes-des-ce-week-end-en-ile-de-france_62829901.html\" target=\"_blank\" rel=\"noopener\">Bison Fut\u00e9 voyait <strong>orange<\/strong> dans le sens des d\u00e9parts<\/a>.<\/p>\n<p>Plusieurs accidents sur la route<\/p>\n<p class=\" wall-content\">D\u00e8s 7\u00a0heures ce matin, le site d\u2019information routi\u00e8re de la direction des routes d\u2019\u00cele-de-France faisait \u00e9tat d\u2019une circulation plus <strong>qu\u2019inhabituelle.<\/strong> Et la situation est rest\u00e9e tendue toute la journ\u00e9e, le seuil de bouchon passant difficilement sous le seuil des 200\u00a0km en fin de matin\u00e9e avant de remonter en fl\u00e8che d\u00e8s 14\u00a0heures. \u00c0 18\u00a0heures, alors que l\u2019heure de pointe devrait \u00eatre atteinte, plus de <strong>463\u00a0km d\u2019embouteillages<\/strong> cumul\u00e9s sont enregistr\u00e9s sur les routes.<\/p>\n<p class=\" wall-content\">Aux <a href=\"https:\/\/actu.fr\/societe\/les-bouchons-de-l-ete-ca-commence-des-ce-vendredi-les-routes-a-eviter-selon-bison-fute_62831505.html\" target=\"_blank\" rel=\"noopener\">premiers d\u00e9parts en vacances<\/a> s\u2019ajoutent plusieurs accidents qui augmentent les difficult\u00e9s sur les routes, notamment sur l\u2019A6b \u00e0 hauteur de l\u2019Ha\u00ff les Roses, sur l\u2019A4 au niveau de Champs-sur-Marne ou encore sur l\u2019A13 au niveau de Noisy-le-Roi.<\/p>\n<p class=\" wall-content\">La situation ne devrait pas s\u2019am\u00e9liorer. La journ\u00e9e de samedi 28\u00a0juin reste class\u00e9e orange dans le sens des d\u00e9parts en \u00cele-de-France.<\/p>\n<p class=\" wall-content\">Suivez toute l\u2019actualit\u00e9 de vos villes et m\u00e9dias favoris en vous inscrivant \u00e0 <a href=\"https:\/\/moncompte.actu.fr\" title=\"D\u00e9couvez Mon Actu\" rel=\"nofollow noopener\" data-trk=\"{&quot;cta&quot;:{&quot;action&quot;:&quot;https:\\\/\\\/moncompte.actu.fr&quot;,&quot;category&quot;:&quot;mon compte&quot;,&quot;from&quot;:&quot;article footer&quot;,&quot;name&quot;:&quot;Mon actu&quot;,&quot;type&quot;:&quot;cta&quot;}}\" target=\"_blank\">Mon Actu<\/a>.<\/p>\n","protected":false},"excerpt":{"rendered":"Par Dorine Goth Publi\u00e9 le 27 juin 2025 \u00e0 18h27 Bison Fut\u00e9 avait pr\u00e9venu\u2009: il ne faisait pas&hellip;\n","protected":false},"author":2,"featured_media":208879,"comment_status":"","ping_status":"","sticky":false,"template":"","format":"standard","meta":{"footnotes":""},"categories":[1592],"tags":[1111,11,6427,3542,1777,674,1011,27,662,12,626,25,104],"class_list":{"0":"post-208878","1":"post","2":"type-post","3":"status-publish","4":"format-standard","5":"has-post-thumbnail","7":"category-ile-de-france","8":"tag-actu","9":"tag-actualites","10":"tag-bison-fute","11":"tag-circulation","12":"tag-eu","13":"tag-europe","14":"tag-fr","15":"tag-france","16":"tag-ile-de-france","17":"tag-news","18":"tag-paris","19":"tag-republique-francaise","20":"tag-societe"},"share_on_mastodon":{"url":"https:\/\/pubeurope.com\/@fr\/114756547002696303","error":""},"_links":{"self":[{"href":"https:\/\/www.europesays.com\/fr\/wp-json\/wp\/v2\/posts\/208878","targetHints":{"allow":["GET"]}}],"collection":[{"href":"https:\/\/www.europesays.com\/fr\/wp-json\/wp\/v2\/posts"}],"about":[{"href":"https:\/\/www.europesays.com\/fr\/wp-json\/wp\/v2\/types\/post"}],"author":[{"embeddable":true,"href":"https:\/\/www.europesays.com\/fr\/wp-json\/wp\/v2\/users\/2"}],"replies":[{"embeddable":true,"href":"https:\/\/www.europesays.com\/fr\/wp-json\/wp\/v2\/comments?post=208878"}],"version-history":[{"count":0,"href":"https:\/\/www.europesays.com\/fr\/wp-json\/wp\/v2\/posts\/208878\/revisions"}],"wp:featuredmedia":[{"embeddable":true,"href":"https:\/\/www.europesays.com\/fr\/wp-json\/wp\/v2\/media\/208879"}],"wp:attachment":[{"href":"https:\/\/www.europesays.com\/fr\/wp-json\/wp\/v2\/media?parent=208878"}],"wp:term":[{"taxonomy":"category","embeddable":true,"href":"https:\/\/www.europesays.com\/fr\/wp-json\/wp\/v2\/categories?post=208878"},{"taxonomy":"post_tag","embeddable":true,"href":"https:\/\/www.europesays.com\/fr\/wp-json\/wp\/v2\/tags?post=208878"}],"curies":[{"name":"wp","href":"https:\/\/api.w.org\/{rel}","templated":true}]}}