{"id":208882,"date":"2025-06-27T17:39:10","date_gmt":"2025-06-27T17:39:10","guid":{"rendered":"https:\/\/www.europesays.com\/fr\/208882\/"},"modified":"2025-06-27T17:39:10","modified_gmt":"2025-06-27T17:39:10","slug":"en-pleine-flambee-de-lor-la-monnaie-de-paris-frappe-une-nouvelle-piece","status":"publish","type":"post","link":"https:\/\/www.europesays.com\/fr\/208882\/","title":{"rendered":"En pleine flamb\u00e9e de l\u2019or, la Monnaie de Paris frappe une nouvelle pi\u00e8ce"},"content":{"rendered":"<p><strong>D\u00c9CRYPTAGE<\/strong> &#8211; La plus vieille entreprise de France veut profiter de l\u2019engouement des particuliers pour le pr\u00e9cieux m\u00e9tal jaune tout en acc\u00e9l\u00e9rant sa diversification.<\/p>\n<p class=\"fig-paragraph\">La soif de l\u2019or gagne aussi la\u00a0<a href=\"http:\/\/www.lefigaro.fr\/conjoncture\/la-monnaie-de-paris-a-du-revoir-ses-procedures-apres-deux-incidents-20250519\" target=\"_blank\" data-fig-type=\"NewsFlash\" rel=\"noopener\" data-gtm-custom-categorie=\"navigation\" data-gtm-custom-action=\"crossclick\" data-gtm-custom-label=\"Contextuel\" data-gtm-event=\"customEventSPE\" data-fig-domain=\"LEFIGARO\">Monnaie de Paris<\/a>. L\u2019\u00e9tablissement mill\u00e9naire, qui a donn\u00e9 naissance au louis d\u2019or, va renouer avec cette activit\u00e9 historique. Il va frapper son propre \u00ab\u00a0bullion\u00a0\u00bb, un terme d\u00e9signant une monnaie dont le prix d\u00e9pend de son poids en or fin et non de la valeur en euros affich\u00e9e sur la pi\u00e8ce. Une activit\u00e9 que l\u2019institution a abandonn\u00e9e dans les ann\u00e9es 1930, avec la fin des 20\u00a0francs or napol\u00e9on, la plus c\u00e9l\u00e8bre pi\u00e8ce d\u2019or fran\u00e7aise. Le conseil d\u2019administration a valid\u00e9 mercredi ce lancement \u00e0 l\u2019unanimit\u00e9. Celui-ci sera effectif d\u00e9but 2026.<\/p>\n<p class=\"fig-paragraph\">La Monnaie de Paris veut profiter de l\u2019app\u00e9tit des particuliers pour l\u2019or. Le pr\u00e9cieux m\u00e9tal jaune, qui fait plus que jamais office de valeur refuge dans un contexte international anxiog\u00e8ne, vole de record en record.\u00a0<a href=\"http:\/\/www.lefigaro.fr\/economie\/nouveau-record-pour-l-or-a-3-500-dollars-20250422\" target=\"_blank\" data-fig-type=\"Article\" rel=\"noopener\" data-gtm-custom-categorie=\"navigation\" data-gtm-custom-action=\"crossclick\" data-gtm-custom-label=\"Contextuel\" data-gtm-event=\"customEventSPE\" data-fig-domain=\"LEFIGARO\">Il a gagn\u00e9 25 % en un an<\/a>, pour fluctuer autour de 3300\u00a0dollars l\u2019once (2800\u00a0euros) apr\u00e8s avoir touch\u00e9 les 3500\u00a0dollars fin avril, du jamais vu. Au vu du prix atteint par ce m\u00e9tal, l\u2019achat de pi\u00e8ces qui peuvent\u2026<\/p>\n<p class=\"fig-premium-paywall__infos\">\n        Cet article est r\u00e9serv\u00e9 aux abonn\u00e9s.        Il vous reste 80% \u00e0 d\u00e9couvrir.\n    <\/p>\n<p>                <img  data- alt=\"Le Figaro\" class=\"fig-img--complete fig-img\"\/><\/p>\n<p class=\"fig-premium-paywall__title\">Vente Flash : derniers jours<\/p>\n<p class=\"fig-premium-paywall__subtitle\">3,99\u20ac par mois pendant 12 mois. Sans engagement.<\/p>\n<p class=\"fig-premium-paywall__connect\">\n                D\u00e9j\u00e0 abonn\u00e9\u00a0?                <a class=\"fig-premium-paywall__connect-link\" href=\"https:\/\/connect.lefigaro.fr\/login?client=horizon_web&amp;type=main&amp;redirect_uri=https%3A%2F%2Fwww.lefigaro.fr%2Fsocietes%2Fen-pleine-flambee-de-l-or-la-monnaie-de-paris-frappe-une-nouvelle-piece-20250627\" data-js-gtm=\"{&quot;customCategorie&quot;: &quot;conversion&quot;, &quot;customAction&quot;: &quot;before_Landing_Connexion_paywall_auto&quot;, &quot;customLabel&quot;: &quot;bGVmaWdhcm8uZnJfXzFmMDUzNWY1LWYwOTctNjBjOC04OWQwLTYzNWNhMjUxZTZlZF9fQXJ0aWNsZQ==_En pleine flamb\u00e9e de l\u2019or, la Monnaie de Paris frappe une nouvelle pi\u00e8ce_423&quot;, &quot;customIDSPE&quot;: &quot;bGVmaWdhcm8uZnJfXzFmMDUzNWY1LWYwOTctNjBjOC04OWQwLTYzNWNhMjUxZTZlZF9fQXJ0aWNsZQ==&quot;, &quot;event&quot;: &quot;customEventSPE&quot;}\" target=\"_blank\" rel=\"noopener\"><br \/>\n                    Connectez-vous<br \/>\n                <\/a>\n            <\/p>\n","protected":false},"excerpt":{"rendered":"D\u00c9CRYPTAGE &#8211; La plus vieille entreprise de France veut profiter de l\u2019engouement des particuliers pour le pr\u00e9cieux m\u00e9tal&hellip;\n","protected":false},"author":2,"featured_media":208883,"comment_status":"","ping_status":"","sticky":false,"template":"","format":"standard","meta":{"footnotes":""},"categories":[1888],"tags":[631,627,1111,1928,630,11,1927,340,398,343,634,405,629,636,1777,674,632,638,1011,27,637,399,639,635,19399,12,1926,5190,626,1925,25,401,628,633,407],"class_list":{"0":"post-208882","1":"post","2":"type-post","3":"status-publish","4":"format-standard","5":"has-post-thumbnail","7":"category-paris","8":"tag-action","9":"tag-actions-francaise","10":"tag-actu","11":"tag-actu-paris","12":"tag-actualite-bourse","13":"tag-actualites","14":"tag-actualites-paris","15":"tag-bourse","16":"tag-bourse-de-paris","17":"tag-cac-40","18":"tag-cotation","19":"tag-cotations","20":"tag-cours-des-societes-francaises","21":"tag-devises","22":"tag-eu","23":"tag-europe","24":"tag-fcp","25":"tag-figaro","26":"tag-fr","27":"tag-france","28":"tag-indices","29":"tag-investissement","30":"tag-le-figaro","31":"tag-marches","32":"tag-monnaie-de-paris","33":"tag-news","34":"tag-news-paris","35":"tag-or","36":"tag-paris","37":"tag-paris-news","38":"tag-republique-francaise","39":"tag-sicav","40":"tag-societes-etrangeres","41":"tag-warrant","42":"tag-warrants"},"share_on_mastodon":{"url":"https:\/\/pubeurope.com\/@fr\/114756554808446235","error":""},"_links":{"self":[{"href":"https:\/\/www.europesays.com\/fr\/wp-json\/wp\/v2\/posts\/208882","targetHints":{"allow":["GET"]}}],"collection":[{"href":"https:\/\/www.europesays.com\/fr\/wp-json\/wp\/v2\/posts"}],"about":[{"href":"https:\/\/www.europesays.com\/fr\/wp-json\/wp\/v2\/types\/post"}],"author":[{"embeddable":true,"href":"https:\/\/www.europesays.com\/fr\/wp-json\/wp\/v2\/users\/2"}],"replies":[{"embeddable":true,"href":"https:\/\/www.europesays.com\/fr\/wp-json\/wp\/v2\/comments?post=208882"}],"version-history":[{"count":0,"href":"https:\/\/www.europesays.com\/fr\/wp-json\/wp\/v2\/posts\/208882\/revisions"}],"wp:featuredmedia":[{"embeddable":true,"href":"https:\/\/www.europesays.com\/fr\/wp-json\/wp\/v2\/media\/208883"}],"wp:attachment":[{"href":"https:\/\/www.europesays.com\/fr\/wp-json\/wp\/v2\/media?parent=208882"}],"wp:term":[{"taxonomy":"category","embeddable":true,"href":"https:\/\/www.europesays.com\/fr\/wp-json\/wp\/v2\/categories?post=208882"},{"taxonomy":"post_tag","embeddable":true,"href":"https:\/\/www.europesays.com\/fr\/wp-json\/wp\/v2\/tags?post=208882"}],"curies":[{"name":"wp","href":"https:\/\/api.w.org\/{rel}","templated":true}]}}