{"id":208884,"date":"2025-06-27T17:40:10","date_gmt":"2025-06-27T17:40:10","guid":{"rendered":"https:\/\/www.europesays.com\/fr\/208884\/"},"modified":"2025-06-27T17:40:10","modified_gmt":"2025-06-27T17:40:10","slug":"un-proces-ordonne-a-paris-contre-le-senateur-joel-guerriau-2","status":"publish","type":"post","link":"https:\/\/www.europesays.com\/fr\/208884\/","title":{"rendered":"un proc\u00e8s ordonn\u00e9 \u00e0 Paris contre le s\u00e9nateur Jo\u00ebl Guerriau"},"content":{"rendered":"<p>Un proc\u00e8s devant le tribunal correctionnel de Paris a \u00e9t\u00e9 ordonn\u00e9 mardi contre le s\u00e9nateur Jo\u00ebl Guerriau, soup\u00e7onn\u00e9 d&rsquo;avoir drogu\u00e9 fin 2023 la d\u00e9put\u00e9e Sandrine Josso afin de commettre un viol, a appris l&rsquo;AFP vendredi de source proche du dossier.<\/p>\n<p>Deux juges d&rsquo;instruction ont ordonn\u00e9 un proc\u00e8s devant le tribunal correctionnel pour ces faits qui remontent \u00e0 la mi-novembre 2023, selon cette source proche du dossier, qui confirmait une information de l&rsquo;\u00e9mission de France 2 Compl\u00e9ment d&rsquo;enqu\u00eate.<\/p>\n<p>Le s\u00e9nateur centriste est soup\u00e7onn\u00e9 d&rsquo;avoir dilu\u00e9 de la MDMA \u00e0 91,1% pure dans un verre de champagne pour en faire consommer \u00e0 sa coll\u00e8gue du Parlement afin, d&rsquo;apr\u00e8s l&rsquo;ordonnance des juges dont l&rsquo;AFP a eu connaissance, \u00ab\u00a0de commettre un viol ou une agression sexuelle\u00a0\u00bb.<\/p>\n<p>Il sera aussi jug\u00e9 pour d\u00e9tention de stup\u00e9fiants.<\/p>\n<p>\u00ab\u00a0Jo\u00ebl Guerriau conteste les faits qui lui sont reproch\u00e9s\u00a0\u00bb, ont r\u00e9agi ses avocats, Henri Carpentier et Marie Roumiantseva. \u00ab\u00a0L&rsquo;enceinte judiciaire sera le lieu de la v\u00e9rit\u00e9, loin des caricatures et rumeurs propag\u00e9es jusqu&rsquo;\u00e0 pr\u00e9sent. M. Guerriau ne craint pas la v\u00e9rit\u00e9: il la souhaite\u00a0\u00bb, ont-ils insist\u00e9.<\/p>\n<p>\u00ab\u00a0Mme Josso est soulag\u00e9e de cette d\u00e9cision qui refl\u00e8te tout le s\u00e9rieux de sa plainte\u00a0\u00bb, a de son c\u00f4t\u00e9 comment\u00e9 son avocat, Arnaud Godefroy. \u00ab\u00a0Les deux juges d&rsquo;instruction ont men\u00e9 cette enqu\u00eate de fa\u00e7on rigoureuse et ont mis en \u00e9vidence toutes les contradictions de Monsieur Guerriau\u00a0\u00bb, a-t-il estim\u00e9.<\/p>\n<p>La soumission chimique consiste en l&rsquo;administration de substances psychoactives \u00e0 une personne, \u00e0 son insu, \u00e0 des fins notamment d&rsquo;agression et de viol.<\/p>\n<p>Le 14 novembre 2023, Mme Josso, d\u00e9put\u00e9e MoDem de Loire-Atlantique aujourd&rsquo;hui \u00e2g\u00e9e de 49 ans, s&rsquo;\u00e9tait rendue au domicile parisien de son \u00ab\u00a0ami politique\u00a0\u00bb &#8211; comme elle l&rsquo;a d\u00e9crit au cours de l&rsquo;enqu\u00eate devant les magistrats &#8211; qui c\u00e9l\u00e9brait sa r\u00e9\u00e9lection.<\/p>\n<p>Seule invit\u00e9e, elle en \u00e9tait ressortie avec 388 ng\/ml d&rsquo;ecstasy dans le sang, d&rsquo;apr\u00e8s les analyses toxicologiques dont l&rsquo;AFP a eu connaissance. Une dose \u00ab\u00a0approchant le double\u00a0\u00bb de la quantit\u00e9 dite r\u00e9cr\u00e9ative, avait soulign\u00e9 le parquet.<\/p>\n<p>Ces analyses montraient aussi une absence de stup\u00e9fiants pendant les sept mois qui ont pr\u00e9c\u00e9d\u00e9 cette soir\u00e9e. Comment Mme Josso s&rsquo;est-elle retrouv\u00e9e, ce soir-l\u00e0, avec autant d&rsquo;ecstasy dans le sang ?<\/p>\n<p>Dans ce dossier, l&rsquo;absorption de drogue et ses effets d\u00e9l\u00e9t\u00e8res sur Mme Josso, qui souffre un an apr\u00e8s d&rsquo;un stress post-traumatique, ne semblent pas discut\u00e9s.\u00a0Tout l&rsquo;enjeu reposait sur l&rsquo;intention.<\/p>\n<p>Or les magistrats ont tranch\u00e9: si \u00ab\u00a0aucun geste d&rsquo;intimit\u00e9 ou \u00e0 caract\u00e8re sexuel n&rsquo;a \u00e9t\u00e9 relat\u00e9\u00a0\u00bb au cours de cette soir\u00e9e, les agissements de M. Guerriau, d\u00e9crits par la plaignante, \u00e9taient \u00ab\u00a0compatibles avec ceux d&rsquo;une personne ayant une intention sexuelle\u00a0\u00bb.<\/p>\n<p>clw\/asl\/sp<\/p>\n","protected":false},"excerpt":{"rendered":"Un proc\u00e8s devant le tribunal correctionnel de Paris a \u00e9t\u00e9 ordonn\u00e9 mardi contre le s\u00e9nateur Jo\u00ebl Guerriau, soup\u00e7onn\u00e9&hellip;\n","protected":false},"author":2,"featured_media":208885,"comment_status":"","ping_status":"","sticky":false,"template":"","format":"standard","meta":{"footnotes":""},"categories":[1888],"tags":[1111,1928,11,1927,1777,674,1011,27,22272,26143,12,1926,626,1925,25,34788,34787,4595],"class_list":{"0":"post-208884","1":"post","2":"type-post","3":"status-publish","4":"format-standard","5":"has-post-thumbnail","7":"category-paris","8":"tag-actu","9":"tag-actu-paris","10":"tag-actualites","11":"tag-actualites-paris","12":"tag-eu","13":"tag-europe","14":"tag-fr","15":"tag-france","16":"tag-juges-dinstruction","17":"tag-le-senateur","18":"tag-news","19":"tag-news-paris","20":"tag-paris","21":"tag-paris-news","22":"tag-republique-francaise","23":"tag-sandrine-josso","24":"tag-tribunal-correctionnel-de-paris","25":"tag-tribunal-de-paris"},"share_on_mastodon":{"url":"https:\/\/pubeurope.com\/@fr\/114756558765288574","error":""},"_links":{"self":[{"href":"https:\/\/www.europesays.com\/fr\/wp-json\/wp\/v2\/posts\/208884","targetHints":{"allow":["GET"]}}],"collection":[{"href":"https:\/\/www.europesays.com\/fr\/wp-json\/wp\/v2\/posts"}],"about":[{"href":"https:\/\/www.europesays.com\/fr\/wp-json\/wp\/v2\/types\/post"}],"author":[{"embeddable":true,"href":"https:\/\/www.europesays.com\/fr\/wp-json\/wp\/v2\/users\/2"}],"replies":[{"embeddable":true,"href":"https:\/\/www.europesays.com\/fr\/wp-json\/wp\/v2\/comments?post=208884"}],"version-history":[{"count":0,"href":"https:\/\/www.europesays.com\/fr\/wp-json\/wp\/v2\/posts\/208884\/revisions"}],"wp:featuredmedia":[{"embeddable":true,"href":"https:\/\/www.europesays.com\/fr\/wp-json\/wp\/v2\/media\/208885"}],"wp:attachment":[{"href":"https:\/\/www.europesays.com\/fr\/wp-json\/wp\/v2\/media?parent=208884"}],"wp:term":[{"taxonomy":"category","embeddable":true,"href":"https:\/\/www.europesays.com\/fr\/wp-json\/wp\/v2\/categories?post=208884"},{"taxonomy":"post_tag","embeddable":true,"href":"https:\/\/www.europesays.com\/fr\/wp-json\/wp\/v2\/tags?post=208884"}],"curies":[{"name":"wp","href":"https:\/\/api.w.org\/{rel}","templated":true}]}}