{"id":208892,"date":"2025-06-27T17:44:12","date_gmt":"2025-06-27T17:44:12","guid":{"rendered":"https:\/\/www.europesays.com\/fr\/208892\/"},"modified":"2025-06-27T17:44:12","modified_gmt":"2025-06-27T17:44:12","slug":"vladimir-poutine-impose-son-calendrier-et-flatte-lego-de-donald-trump","status":"publish","type":"post","link":"https:\/\/www.europesays.com\/fr\/208892\/","title":{"rendered":"Vladimir Poutine impose son calendrier et flatte l\u2019ego de Donald Trump"},"content":{"rendered":"<p>Vous avez rat\u00e9 les derniers \u00e9v\u00e9nements sur la <a href=\"https:\/\/www.20minutes.fr\/monde\/ukraine\/\" class=\"color-ultramarine c-link\" rel=\"nofollow noopener\" target=\"_blank\">guerre en Ukraine<\/a>\u00a0? 20 Minutes fait le point pour vous tous les soirs. Voici l\u2019essentiel de ce vendredi 22\u00a0juin 2025, 1.220e jour du conflit.<\/p>\n<p>Le fait du jour<\/p>\n<p>Il s\u2019agit probablement d\u2019une frappe de missile. Elle a endeuill\u00e9 la ville ukrainienne de Samar, dans la r\u00e9gion de Dnipropetrovsk, au centre-est du pays. Selon le gouverneur r\u00e9gional Sergui\u00ef Lyssak, elle a fait au moins cinq morts et 23 autres bless\u00e9es, dont quatre se trouvaient dans un \u00e9tat grave.<\/p>\n<p>Situ\u00e9e au nord-est de la capitale r\u00e9gionale de Dnipro, Samar se trouve \u00e0 moins de 150\u00a0km du front oriental, o\u00f9 l\u2019arm\u00e9e russe pousse face \u00e0 des forces ukrainiennes en difficult\u00e9. Mardi, cette ville \u2013 comptant quelque 70.000 habitants avant l\u2019invasion russe \u2013 avait d\u00e9j\u00e0 \u00e9t\u00e9 touch\u00e9e par une frappe russe qui avait tu\u00e9 deux habitants.<\/p>\n<\/p>\n<p>La d\u00e9claration du jour<\/p>\n<blockquote class=\"mx-m@xs mx-xxl@md color-ultramarine c-citation\">\n<p class=\"font-weight-regular@xs text-italic font-source-serif-pro text-l@xs c-citation__content\">\u00ab\u00a0Nous sommes convenus de poursuivre nos contacts apr\u00e8s [\u2026] la restitution des corps de nos militaires d\u00e9c\u00e9d\u00e9s [\u2026] Une fois cette \u00e9tape termin\u00e9e, nous tiendrons une troisi\u00e8me s\u00e9rie de n\u00e9gociations. [\u2026] Nous y sommes pr\u00eats\u00a0\u00bb<\/p>\n<\/blockquote>\n<p>C\u2019est \u00e0 Minsk, en Bi\u00e9lorussie, que <a href=\"https:\/\/www.20minutes.fr\/monde\/vladimir_poutine\/\" class=\"color-ultramarine c-link\" rel=\"nofollow noopener\" target=\"_blank\">Vladimir Poutine<\/a> est sorti de son silence de ces derniers jours, en annon\u00e7ant un nouveau round de n\u00e9gociations sur le processus de paix avec les diplomates ukrainiens, probablement \u00e0 Istanbul, une fois de plus. Mais l\u2019optimisme du ma\u00eetre du Kremlin n\u2019est pas bien grand. Au sujet des m\u00e9morandums, les documents que se sont transmis les deux bellig\u00e9rants comme base de discussion, \u00ab\u00a0il n\u2019y a aucune surprise. [\u2026] Il s\u2019agit de deux m\u00e9morandums diam\u00e9tralement oppos\u00e9s\u00a0\u00bb, a-t-il relev\u00e9.<\/p>\n<p>Vladimir Poutine a aussi profit\u00e9 de cette sortie m\u00e9diatique pour tresser les louanges de <a href=\"https:\/\/www.20minutes.fr\/dossier\/donald_trump\" class=\"color-ultramarine c-link\" rel=\"nofollow noopener\" target=\"_blank\">Donald Trump<\/a>, pour lequel il dit avoir \u00ab\u00a0un profond respect\u00a0\u00bb. Il a qualifi\u00e9 le locataire de la Maison Blanche de \u00ab\u00a0courageux\u00a0\u00bb, assurant \u00ab\u00a0appr\u00e9cier\u00a0\u00bb qu\u2019il \u00ab\u00a0souhaite sinc\u00e8rement trouver une solution\u00a0\u00bb au conflit en Ukraine.<\/p>\n<p>Le chiffre du jour<\/p>\n<p>30\u00a0millions d\u2019euros. L\u2019enveloppe annonc\u00e9e par Londres et l\u2019Union europ\u00e9enne pour r\u00e9parer l\u2019arche de confinement de la centrale nucl\u00e9aire ukrainienne de <a href=\"https:\/\/www.20minutes.fr\/dossier\/tchernobyl\" class=\"color-ultramarine c-link\" rel=\"nofollow noopener\" target=\"_blank\">Tchernobyl<\/a>, endommag\u00e9e en f\u00e9vier par un drone russe., a annonc\u00e9 vendredi A cause de cette attaque, \u00ab\u00a0certains syst\u00e8mes essentiels con\u00e7us pour garantir pendant un si\u00e8cle la solidit\u00e9\u00a0\u00bb de cette arche \u00ab\u00a0ne fonctionnent plus\u00a0\u00bb, a expliqu\u00e9 dans un communiqu\u00e9 la Banque europ\u00e9enne pour la reconstruction et le d\u00e9veloppement (Berd). \u00ab\u00a0En l\u2019absence de travaux rapides, la situation pourrait empirer\u00a0\u00bb, a-t-elle pr\u00e9cis\u00e9.<\/p>\n<p>L\u2019<a href=\"https:\/\/www.20minutes.fr\/dossier\/ue\" class=\"color-ultramarine c-link\" rel=\"nofollow noopener\" target=\"_blank\">UE<\/a> s\u2019est engag\u00e9e \u00e0 verser 25\u00a0millions d\u2019euros et le <a href=\"https:\/\/www.20minutes.fr\/monde\/royaume-uni\/\" class=\"color-ultramarine c-link\" rel=\"nofollow noopener\" target=\"_blank\">Royaume-Uni<\/a> 6,7\u00a0millions sur les 100\u00a0millions n\u00e9cessaires aux travaux. La France avait annonc\u00e9 mi-mai une contribution de 10\u00a0millions d\u2019euros.<\/p>\n<p><a href=\"http:\/\/20minutes.fr\/monde\/ukraine\" class=\"c-link c-btn c-btn--primary\" rel=\"nofollow noopener\" target=\"_blank\">Nos articles sur la guerre en Ukraine<\/a>La tendance<\/p>\n<p>Des agents russes ont-ils mis le feu \u00e0 des camions de l\u2019arm\u00e9e <a href=\"https:\/\/www.20minutes.fr\/dossier\/allemagne\" class=\"color-ultramarine c-link\" rel=\"nofollow noopener\" target=\"_blank\">allemande<\/a>\u00a0? Les autorit\u00e9s du pays ont en tout cas annonc\u00e9 ce vendredi l\u2019ouverture d\u2019une enqu\u00eate apr\u00e8s l\u2019incendie criminel de plusieurs camions de transport de troupes \u00e0 Erfurt et fait \u00e9tat de soup\u00e7ons d\u2019un possible sabotage russe. \u00ab\u00a0Nous ne pouvons pas dire avec certitude qui est derri\u00e8re cet attentat [\u2026]. S\u2019il devait se confirmer qu\u2019une puissance \u00e9trang\u00e8re \u2013 telle que la <a href=\"https:\/\/www.20minutes.fr\/monde\/russie\/\" class=\"color-ultramarine c-link\" rel=\"nofollow noopener\" target=\"_blank\">Russie<\/a> \u2013 s\u2019est livr\u00e9e \u00e0 du sabotage, il s\u2019agirait une nouvelle fois d\u2019une attaque contre notre d\u00e9mocratie\u00a0\u00bb, a d\u00e9clar\u00e9 le minist\u00e8re de l\u2019Int\u00e9rieur de Thuringe, charg\u00e9 du dossier.<\/p>\n<p>Depuis le d\u00e9but de la semaine, des vid\u00e9os montrant des camions de la Bundeswehr en feu circulent sur diff\u00e9rents canaux de la messagerie russe Telegram, , probablement mises en ligne par les auteurs de l\u2019incendie\u00a0: on y voit d\u2019abord les camions intacts, puis en feu avant l\u2019intervention des pompiers.<\/p>\n<p>\u00ab\u00a0La police criminelle de Thuringe a connaissance de ces vid\u00e9os. Leur origine et leur authenticit\u00e9 font actuellement l\u2019objet d\u2019un examen\u00a0\u00bb, a expliqu\u00e9 le minist\u00e8re r\u00e9gional de l\u2019Int\u00e9rieur, dans un courriel envoy\u00e9 \u00e0 l\u2019AFP.<\/p>\n","protected":false},"excerpt":{"rendered":"Vous avez rat\u00e9 les derniers \u00e9v\u00e9nements sur la guerre en Ukraine\u00a0? 20 Minutes fait le point pour vous&hellip;\n","protected":false},"author":2,"featured_media":208893,"comment_status":"","ping_status":"","sticky":false,"template":"","format":"standard","meta":{"footnotes":""},"categories":[1590],"tags":[47,11,672,75,1777,674,131,74,12,132,12999,14922,220,135],"class_list":{"0":"post-208892","1":"post","2":"type-post","3":"status-publish","4":"format-standard","5":"has-post-thumbnail","7":"category-ukraine","8":"tag-actualite","9":"tag-actualites","10":"tag-allemagne","11":"tag-donald-trump","12":"tag-eu","13":"tag-europe","14":"tag-guerre-en-ukraine","15":"tag-monde","16":"tag-news","17":"tag-russie","18":"tag-sabotage","19":"tag-tchernobyl","20":"tag-ukraine","21":"tag-vladimir-poutine"},"share_on_mastodon":{"url":"https:\/\/pubeurope.com\/@fr\/114756574506334556","error":""},"_links":{"self":[{"href":"https:\/\/www.europesays.com\/fr\/wp-json\/wp\/v2\/posts\/208892","targetHints":{"allow":["GET"]}}],"collection":[{"href":"https:\/\/www.europesays.com\/fr\/wp-json\/wp\/v2\/posts"}],"about":[{"href":"https:\/\/www.europesays.com\/fr\/wp-json\/wp\/v2\/types\/post"}],"author":[{"embeddable":true,"href":"https:\/\/www.europesays.com\/fr\/wp-json\/wp\/v2\/users\/2"}],"replies":[{"embeddable":true,"href":"https:\/\/www.europesays.com\/fr\/wp-json\/wp\/v2\/comments?post=208892"}],"version-history":[{"count":0,"href":"https:\/\/www.europesays.com\/fr\/wp-json\/wp\/v2\/posts\/208892\/revisions"}],"wp:featuredmedia":[{"embeddable":true,"href":"https:\/\/www.europesays.com\/fr\/wp-json\/wp\/v2\/media\/208893"}],"wp:attachment":[{"href":"https:\/\/www.europesays.com\/fr\/wp-json\/wp\/v2\/media?parent=208892"}],"wp:term":[{"taxonomy":"category","embeddable":true,"href":"https:\/\/www.europesays.com\/fr\/wp-json\/wp\/v2\/categories?post=208892"},{"taxonomy":"post_tag","embeddable":true,"href":"https:\/\/www.europesays.com\/fr\/wp-json\/wp\/v2\/tags?post=208892"}],"curies":[{"name":"wp","href":"https:\/\/api.w.org\/{rel}","templated":true}]}}