{"id":208898,"date":"2025-06-27T17:47:12","date_gmt":"2025-06-27T17:47:12","guid":{"rendered":"https:\/\/www.europesays.com\/fr\/208898\/"},"modified":"2025-06-27T17:47:12","modified_gmt":"2025-06-27T17:47:12","slug":"en-allemagne-le-gouvernement-merz-veut-un-retour-de-lordre-sur-les-questions-migratoires","status":"publish","type":"post","link":"https:\/\/www.europesays.com\/fr\/208898\/","title":{"rendered":"En Allemagne, le gouvernement Merz veut un \u00ab\u00a0retour de l\u2019ordre\u00a0\u00bb sur les questions migratoires"},"content":{"rendered":"<p>Apr\u00e8s avoir renforc\u00e9 d\u00e9but mai les contr\u00f4les \u00e0 ses fronti\u00e8res, le nouveau gouvernement allemand poursuit sa politique de lutte contre l\u2019immigration ill\u00e9gale. Mercredi 25\u00a0juin, le ministre des affaires \u00e9trang\u00e8res, <a href=\"https:\/\/www.la-croix.com\/international\/allemagne-johann-wadephul-un-fidele-du-futur-chancelier-merz-a-la-tete-de-la-diplomatie-20250428\" data-tracking=\"inpage_click\" data-tracking-action=\"suivre un lien dans l&#039;article\" data-tracking-category=\"engagement\" rel=\"nofollow noopener\" target=\"_blank\">Johann Wadephul<\/a>, a confirm\u00e9 la fin des financements f\u00e9d\u00e9raux pour dix associations venant au secours des migrants en M\u00e9diterran\u00e9e, comme Sea-Eye, SOS M\u00e9diterran\u00e9e ou la communaut\u00e9 de Sant\u2019Egidio.<\/p>\n<p>Depuis 2022, sous l\u2019impulsion de la pr\u00e9c\u00e9dente ministre \u00e9cologiste des affaires \u00e9trang\u00e8res, Annalena Baerbock, Berlin leur versait une enveloppe globale de 2\u00a0millions d\u2019euros par an. Depuis mai et l\u2019arriv\u00e9e au pouvoir du gouvernement men\u00e9 par la droite chr\u00e9tienne-d\u00e9mocrate et les sociaux-d\u00e9mocrates, ces versements sont suspendus. Seulement 900\u00a0000\u00a0\u20ac leur ont \u00e9t\u00e9 vers\u00e9s en d\u00e9but d\u2019ann\u00e9e.<\/p>\n<p>Les ONG craignent une augmentation du nombre de morts<\/p>\n<p>Les chr\u00e9tiens-d\u00e9mocrates et l\u2019extr\u00eame droite sont tous deux tr\u00e8s oppos\u00e9s \u00e0 cette aide, estimant que les secours apport\u00e9s par les ONG encouragent l\u2019immigration ill\u00e9gale et facilitent le travail des passeurs. \u00ab\u00a0Je ne pense pas que ce soit la t\u00e2che du minist\u00e8re des affaires \u00e9trang\u00e8res d\u2019utiliser des fonds pour cette forme de sauvetage en mer\u00a0\u00bb, a jug\u00e9 Johann Wadephul. Il dit vouloir travailler plut\u00f4t \u00ab\u00a0sur l\u2019origine\u00a0\u00bb de l\u2019immigration ill\u00e9gale, et la limiter \u00ab\u00a0par des moyens diplomatiques\u00a0\u00bb.<\/p>\n<p>Pour les associations en question, cette d\u00e9cision, m\u00eame si elle \u00e9tait pr\u00e9visible, est une \u00ab\u00a0erreur fatale\u00a0\u00bb. \u00ab\u00a0Depuis dix ans, nous comblons le vide laiss\u00e9 en M\u00e9diterran\u00e9e par les \u00c9tats europ\u00e9ens\u00a0\u00bb, commente Gorden Isler, pr\u00e9sident de Sea-Eye. \u00ab\u00a0Le soutien financier de l\u2019\u00c9tat a permis \u00e0 Sea-Eye de mener des missions suppl\u00e9mentaires et de sauver des vies humaines. Mais d\u00e9sormais il est \u00e0 craindre que nous devions rester au port malgr\u00e9 des situations de d\u00e9tresse.\u00a0\u00bb Pour ces ONG, la suppression de cette aide ne \u00ab\u00a0r\u00e9duira pas le nombre de migrants\u00a0\u00bb mais fera \u00ab\u00a0augmenter celui des morts\u00a0\u00bb.<\/p>\n<p>Du c\u00f4t\u00e9 des \u00c9glises, catholique et protestantes, qui ont apport\u00e9 un soutien financier \u00e0 ces ONG via certains de leurs dioc\u00e8ses, on attend de voir si les d\u00e9put\u00e9s valideront cette mesure lors du vote des budgets 2025 et 2026. \u00ab\u00a0Cette d\u00e9cision du gouvernement f\u00e9d\u00e9ral contraint la soci\u00e9t\u00e9 civile \u00e0 assumer seule le sauvetage de vies humaines\u00a0\u00bb, regrette Katherine Braun, charg\u00e9e de mission pour la migration et les droits de l\u2019homme aupr\u00e8s de l\u2019\u00c9glise protestante du Nord. En dix ans, les 21 ONG actives en M\u00e9diterran\u00e9e auraient permis de sauver 175\u00a0000 personnes.<\/p>\n<p>Restrictions sur le regroupement familial<\/p>\n<p>Autre mesure adopt\u00e9e ce vendredi par le Bundestag, la suspension pour deux ans du regroupement familial pour les r\u00e9fugi\u00e9s b\u00e9n\u00e9ficiant d\u2019un statut dit \u00ab\u00a0de protection subsidiaire\u00a0\u00bb, qui donne un droit de s\u00e9jour mais qui est moins protecteur que le statut de r\u00e9fugi\u00e9. Depuis 2018, l\u2019Allemagne limitait d\u00e9j\u00e0 \u00e0 12\u00a0000 le nombre de visas pour regroupement familial d\u00e9livr\u00e9 \u00e0 des proches de personnes ayant la protection subsidiaire en Allemagne.<\/p>\n<p>Devant le Bundestag, le ministre chr\u00e9tien-social de l\u2019int\u00e9rieur, Alexander Dobrindt, a justifi\u00e9 cela en expliquant que les migrants concern\u00e9s ne peuvent b\u00e9n\u00e9ficier des m\u00eames droits que les r\u00e9fugi\u00e9s. \u00ab\u00a0Et pourtant ils prennent la route de l\u2019Allemagne. Cela a un effet d\u2019entra\u00eenement et cela doit cesser\u00a0\u00bb, a-t-il lanc\u00e9, en disant agir pour le \u00ab\u00a0retour de l\u2019ordre\u00a0\u00bb.<\/p>\n<p>Le texte est soutenu par l\u2019extr\u00eame droite mais critiqu\u00e9 par les \u00e9cologistes, la gauche radicale et les organisations chr\u00e9tiennes comme Caritas. \u00ab\u00a0La famille est essentielle pour l\u2019int\u00e9gration\u00a0\u00bb, a rappel\u00e9 vendredi l\u2019\u00e9lu Vert Marcel Emmerich.<\/p>\n","protected":false},"excerpt":{"rendered":"Apr\u00e8s avoir renforc\u00e9 d\u00e9but mai les contr\u00f4les \u00e0 ses fronti\u00e8res, le nouveau gouvernement allemand poursuit sa politique de&hellip;\n","protected":false},"author":2,"featured_media":208899,"comment_status":"","ping_status":"","sticky":false,"template":"","format":"standard","meta":{"footnotes":""},"categories":[1587],"tags":[11,672,1804,1805,1803,1777,674,1801,12,1802],"class_list":{"0":"post-208898","1":"post","2":"type-post","3":"status-publish","4":"format-standard","5":"has-post-thumbnail","7":"category-allemagne","8":"tag-actualites","9":"tag-allemagne","10":"tag-bundesrepublik-deutschland","11":"tag-de","12":"tag-deutschland","13":"tag-eu","14":"tag-europe","15":"tag-germany","16":"tag-news","17":"tag-republique-federale-dallemagne"},"share_on_mastodon":{"url":"https:\/\/pubeurope.com\/@fr\/114756587690604534","error":""},"_links":{"self":[{"href":"https:\/\/www.europesays.com\/fr\/wp-json\/wp\/v2\/posts\/208898","targetHints":{"allow":["GET"]}}],"collection":[{"href":"https:\/\/www.europesays.com\/fr\/wp-json\/wp\/v2\/posts"}],"about":[{"href":"https:\/\/www.europesays.com\/fr\/wp-json\/wp\/v2\/types\/post"}],"author":[{"embeddable":true,"href":"https:\/\/www.europesays.com\/fr\/wp-json\/wp\/v2\/users\/2"}],"replies":[{"embeddable":true,"href":"https:\/\/www.europesays.com\/fr\/wp-json\/wp\/v2\/comments?post=208898"}],"version-history":[{"count":0,"href":"https:\/\/www.europesays.com\/fr\/wp-json\/wp\/v2\/posts\/208898\/revisions"}],"wp:featuredmedia":[{"embeddable":true,"href":"https:\/\/www.europesays.com\/fr\/wp-json\/wp\/v2\/media\/208899"}],"wp:attachment":[{"href":"https:\/\/www.europesays.com\/fr\/wp-json\/wp\/v2\/media?parent=208898"}],"wp:term":[{"taxonomy":"category","embeddable":true,"href":"https:\/\/www.europesays.com\/fr\/wp-json\/wp\/v2\/categories?post=208898"},{"taxonomy":"post_tag","embeddable":true,"href":"https:\/\/www.europesays.com\/fr\/wp-json\/wp\/v2\/tags?post=208898"}],"curies":[{"name":"wp","href":"https:\/\/api.w.org\/{rel}","templated":true}]}}