{"id":208910,"date":"2025-06-27T17:53:15","date_gmt":"2025-06-27T17:53:15","guid":{"rendered":"https:\/\/www.europesays.com\/fr\/208910\/"},"modified":"2025-06-27T17:53:15","modified_gmt":"2025-06-27T17:53:15","slug":"un-neo-francais-prend-les-devants-a-aravell","status":"publish","type":"post","link":"https:\/\/www.europesays.com\/fr\/208910\/","title":{"rendered":"Un n\u00e9o-Fran\u00e7ais prend les devants \u00e0 Aravell"},"content":{"rendered":"<p>\t\t\t\t\t\t<img width=\"770\" height=\"556\" src=\"https:\/\/www.europesays.com\/fr\/wp-content\/uploads\/2025\/06\/ignacio-arcaya-alps-tour-golf-raffaele-canepa-770x556.jpg\" class=\"img-responsive wp-post-image\" alt=\"\" decoding=\"async\" fetchpriority=\"high\"  \/>\t\t\t\t\t<\/p>\n<p>\t\t\t\t\t\t Partager cet article <\/p>\n<p class=\"screen-reader-text juiz_sps_maybe_hidden_text\">Partager la publication \u00ab\u00a0Un n\u00e9o-Fran\u00e7ais prend les devants \u00e0 Aravell\u00a0\u00bb<\/p>\n<p><strong>Auteur d\u2019un excellent 63 (-8) en ouverture de l\u2019Aravell Golf Andorra Open, Ignacio Arcaya a pris les commandes de l\u2019\u00e9preuve en compagnie de l\u2019Espagnol Javier Calles Roman. Cinq autres Tricolores suivent au classement.<\/strong><\/p>\n<p>\u00a0<\/p>\n<p><strong>N.C., \u00e0 Lleida<\/strong><\/p>\n<p>Pour l\u2019un de ses premiers tournois sous les couleurs fran\u00e7aises, <strong>Ignacio Arcaya<\/strong> a montr\u00e9 de quoi il \u00e9tait capable. Jusqu\u2019ici V\u00e9n\u00e9zu\u00e9lien, le gar\u00e7on \u00e2g\u00e9 de 24 ans, qui dispose d\u2019un passeport fran\u00e7ais et qui est membre de la <strong>PGA France<\/strong>, a rendu un superbe 63 (-8). La carte de l\u2019ancien \u00e9tudiant \u00e0 <strong>New Mexico<\/strong> a \u00e9t\u00e9 marqu\u00e9e par un eagle, huit birdies et deux bogeys.<\/p>\n<p><a href=\"https:\/\/alpstourgolf.com\/reports?url=https%3A%2F%2Falps.ocs-ffg.com%2Ftic%2Ftmlsmon.cgi%3Ftourn%3DARAV~season%3D2025~&amp;id=2025&amp;code=ARAV&amp;title=Round%201%20Scores%20Only\" target=\"_blank\" rel=\"noopener nofollow\">Retrouvez le classement complet<\/a><\/p>\n<p>\t\t\t\t\t<a id=\"163834\" href=\"https:\/\/www.kressgolf.com\/\" target=\"_blank\" rel=\"sponsorised nofollow noopener\"><img decoding=\"async\" src=\"data:image\/svg+xml,%3Csvg%20xmlns=\" http:=\"\" class=\"img-responsive\" alt=\"\" data-lazy-src=\"https:\/\/www.europesays.com\/fr\/wp-content\/uploads\/2025\/04\/positec-e01-kress-rtkn-demo-1170x275-1.jpeg\"\/><\/a><\/p>\n<p>Il partage la t\u00eate avec l\u2019Espagnol <strong>Javier Calles Roman<\/strong>, auteur de dix birdies lors de ce premier tour. Son compatriote et ancien membre du <strong>Challenge Tour<\/strong>,<strong> Javier Sainz<\/strong>, est seul troisi\u00e8me \u00e0 un coup derri\u00e8re.<\/p>\n<p>\u00a0<\/p>\n<blockquote class=\"instagram-media\" style=\"background: #FFF; border: 0; border-radius: 3px; box-shadow: 0 0 1px 0 rgba(0,0,0,0.5),0 1px 10px 0 rgba(0,0,0,0.15); margin: 1px; max-width: 540px; min-width: 326px; padding: 0; width: calc(100% - 2px);\" data-instgrm-captioned=\"\" data-instgrm-permalink=\"https:\/\/www.instagram.com\/p\/DLX7j6LN00F\/?utm_source=ig_embed&amp;utm_campaign=loading\" data-instgrm-version=\"14\">\n<\/blockquote>\n<p>\u00a0<\/p>\n<p>Augustin Hol\u00e9 et Baptiste Achard en embuscade<\/p>\n<p>D\u2019autres Fran\u00e7ais sont bien plac\u00e9s apr\u00e8s ce premier tour sur l\u2019<strong>Aravell Golf Andorra &amp; Country Club<\/strong>, situ\u00e9 en Catalogne \u00e0 une vingtaine de minutes de la fronti\u00e8re andorrane. <strong>Augustin Hol\u00e9<\/strong> s\u2019est illustr\u00e9 avec un 66 (-5) gr\u00e2ce notamment \u00e0 quatre birdies sur les sept derniers trous. M\u00eame score pour <strong>Baptiste Achard<\/strong>, malgr\u00e9 ses trois bogeys.<\/p>\n<p>Ils occupent la sixi\u00e8me place, une longueur devant <strong>Xavier Poncelet <\/strong>et<strong> Anthony Renard<\/strong> (12es). <strong>Victor Veyret<\/strong> (-3, 16e) suit dans le top 20.<\/p>\n<p>\u00a0<\/p>\n<p>Le leaderboard<\/p>\n<p><img loading=\"lazy\" decoding=\"async\" class=\"alignnone wp-image-177641 size-image-largeur-770\" src=\"data:image\/svg+xml,%3Csvg%20xmlns=\" http:=\"\" alt=\"\" width=\"770\" height=\"610\" data-lazy- data-lazy- data-lazy-src=\"https:\/\/www.europesays.com\/fr\/wp-content\/uploads\/2025\/06\/capture-decran-2025-06-26-a-20.47.01-770x610.png\"\/><\/p>\n<p>\u00a0<\/p>\n<p>\u00a9Alps Tour Golf \/ Raffaele Canepa<\/p>\n<p>\t\t\t\t<img loading=\"lazy\" decoding=\"async\" src=\"data:image\/svg+xml,%3Csvg%20xmlns=\" http:=\"\" attributionsrc=\"\" border=\"0\" height=\"1\" width=\"1\" alt=\"Advertisement\" data-lazy-src=\"https:\/\/www.europesays.com\/fr\/wp-content\/uploads\/2025\/04\/B33047934.412404309;dc_trk_aid=603484932;dc_trk_cid=227659580;ord=[timestamp];dc_lat=;dc_rdid=;tag_f.gif\"\/><\/p>\n<p>\t\t\t\t\t<a id=\"158178\" href=\"https:\/\/ad.doubleclick.net\/ddm\/trackclk\/N1153799.3770024GOLFPLANATE\/B33047934.412404309;dc_trk_aid=603484932;dc_trk_cid=227659580;dc_lat=;dc_rdid=;tag_for_child_directed_treatment=;tfua=;gdpr=${GDPR};gdpr_consent=${GDPR_CONSENT_755};ltd=;dc_tdv=1\" target=\"_blank\" rel=\"sponsorised nofollow noopener\"><img decoding=\"async\" src=\"data:image\/svg+xml,%3Csvg%20xmlns=\" http:=\"\" class=\"img-responsive\" alt=\"\" data-lazy-src=\"https:\/\/www.europesays.com\/fr\/wp-content\/uploads\/2025\/04\/callaway-e01-elyte-driver-770x385-1.jpg\"\/><\/a><\/p>\n<p>\t\t\t<script async src=\"\/\/www.instagram.com\/embed.js\"><\/script><\/p>\n","protected":false},"excerpt":{"rendered":"Partager cet article Partager la publication \u00ab\u00a0Un n\u00e9o-Fran\u00e7ais prend les devants \u00e0 Aravell\u00a0\u00bb Auteur d\u2019un excellent 63 (-8)&hellip;\n","protected":false},"author":2,"featured_media":208911,"comment_status":"","ping_status":"","sticky":false,"template":"","format":"standard","meta":{"footnotes":""},"categories":[1418],"tags":[1011,27,1472,60],"class_list":{"0":"post-208910","1":"post","2":"type-post","3":"status-publish","4":"format-standard","5":"has-post-thumbnail","7":"category-golf","8":"tag-fr","9":"tag-france","10":"tag-golf","11":"tag-sports"},"share_on_mastodon":{"url":"https:\/\/pubeurope.com\/@fr\/114756610054493897","error":""},"_links":{"self":[{"href":"https:\/\/www.europesays.com\/fr\/wp-json\/wp\/v2\/posts\/208910","targetHints":{"allow":["GET"]}}],"collection":[{"href":"https:\/\/www.europesays.com\/fr\/wp-json\/wp\/v2\/posts"}],"about":[{"href":"https:\/\/www.europesays.com\/fr\/wp-json\/wp\/v2\/types\/post"}],"author":[{"embeddable":true,"href":"https:\/\/www.europesays.com\/fr\/wp-json\/wp\/v2\/users\/2"}],"replies":[{"embeddable":true,"href":"https:\/\/www.europesays.com\/fr\/wp-json\/wp\/v2\/comments?post=208910"}],"version-history":[{"count":0,"href":"https:\/\/www.europesays.com\/fr\/wp-json\/wp\/v2\/posts\/208910\/revisions"}],"wp:featuredmedia":[{"embeddable":true,"href":"https:\/\/www.europesays.com\/fr\/wp-json\/wp\/v2\/media\/208911"}],"wp:attachment":[{"href":"https:\/\/www.europesays.com\/fr\/wp-json\/wp\/v2\/media?parent=208910"}],"wp:term":[{"taxonomy":"category","embeddable":true,"href":"https:\/\/www.europesays.com\/fr\/wp-json\/wp\/v2\/categories?post=208910"},{"taxonomy":"post_tag","embeddable":true,"href":"https:\/\/www.europesays.com\/fr\/wp-json\/wp\/v2\/tags?post=208910"}],"curies":[{"name":"wp","href":"https:\/\/api.w.org\/{rel}","templated":true}]}}