{"id":208916,"date":"2025-06-27T17:57:11","date_gmt":"2025-06-27T17:57:11","guid":{"rendered":"https:\/\/www.europesays.com\/fr\/208916\/"},"modified":"2025-06-27T17:57:11","modified_gmt":"2025-06-27T17:57:11","slug":"laventure-continue-ffbb","status":"publish","type":"post","link":"https:\/\/www.europesays.com\/fr\/208916\/","title":{"rendered":"L&rsquo;aventure continue | FFBB"},"content":{"rendered":"<p>                            <img decoding=\"async\" class=\"img-fluid thumbnail__news\" src=\"https:\/\/www.europesays.com\/fr\/wp-content\/uploads\/2025\/06\/beaaee1b-ac28-4e5a-bb3f-b09b49a20608.jpg\" alt=\"L'aventure continue\"\/><br \/>\n                                                        M\u00eame si la logique sportive a souvent \u00e9t\u00e9 respect\u00e9e, le week-end de Coupe de France U18 masculins a r\u00e9serv\u00e9 son lot de surprises. Le tenant du titre, Cholet est tomb\u00e9 face au Mans, l&rsquo;ASVEL s&rsquo;en est sorti face au redoutable Paris Basketball et poursuit l&rsquo;aventure. Les quarts de finale auront lieu le samedi 15 mars prochain.<\/p>\n<p><strong>R\u00e9sultats des 16e et des 8e de finale<\/strong><br \/><strong>Plateau n\u00b01 : Antibes (06)<\/strong><br \/>16e de finale<br \/>Venelles BC (R\u00e9gional, +7) &#8211; <strong>IE CTC Marseille M\u00e9tropole &#8211; SMUC (National)<\/strong> : <strong>60-88<\/strong><br \/><strong>Olympique Antibes (National) <\/strong>&#8211; AS Monaco (National) : <strong>107-53<\/strong><\/p>\n<p>8e de finale<br \/><strong>Olympique Antibes (National) <\/strong>&#8211; IE CTC Marseille M\u00e9tropole &#8211; SMUC (National) : <strong>85-52<\/strong><\/p>\n<p><strong>Plateau n\u00b02 : Talence (33)<\/strong><br \/>16e de finale<br \/>Boulazac BD (National) &#8211; <strong>Limoges CSP (National)<\/strong> : <strong>70-93<\/strong><br \/>EB Pau-Lacq-Orthez (National) &#8211; <strong>JSA Bordeaux (National)<\/strong> : <strong>78-85<\/strong><\/p>\n<p>8e de finale<br \/><strong>Limoges CSP (National)<\/strong> &#8211; JSA Bordeaux (National) : <strong>80-70<\/strong><\/p>\n<p><strong>Plateau n\u00b03 : Ploudalmezeau (29)<\/strong><br \/>16e de finale<br \/><strong>Cholet Basket (National)<\/strong> &#8211; Etoile Angers Basket (National) : <strong>92-65<\/strong><br \/>IE-CTC Rance Estuaire Basket (R\u00e9gional, +7) &#8211; <strong>Le Mans SCM (National)<\/strong> : <strong>73-97<\/strong><\/p>\n<p>8e de finale<br \/>Cholet Basket (National)<strong> <\/strong>&#8211; <strong>Le Mans SCM (National)<\/strong> : <strong>69-73<\/strong><\/p>\n<p><strong>Plateau n\u00b04 : Ifs (14)<\/strong><br \/>16e de finale<br \/>17h15 : Levallois SCB (R\u00e9gional, +7) &#8211; <strong>JSF Nanterre (National)<\/strong> : <strong>67-89<\/strong><br \/>20h00 : STB Le Havre (National) &#8211; <strong>Rouen Metropole Basket (National)<\/strong> : <strong>77-81<\/strong><\/p>\n<p>8e de finale<br \/><strong>JSF Nanterre (National) <\/strong>&#8211; Rouen Metropole Basket (National) : <strong>93-56<\/strong><\/p>\n<p><strong>Plateau n\u00b05 : Pontoise (95)<\/strong><br \/>16e de finale<br \/>ADA Blois (National) &#8211; <strong>Paris Basketball (National)<\/strong> : <strong>67-78<\/strong><br \/>IE &#8211; Oullins Ste Foy BB (National) &#8211; <strong>ASVEL Basket (National)<\/strong> : <strong>67-76<\/strong><\/p>\n<p>8e de finale<br \/>Paris Basketball (National) &#8211; <strong>ASVEL Basket (National) <\/strong>: <strong>67-73<\/strong><\/p>\n<p><strong>Plateau n\u00b06 : Saint Quentin (02)<\/strong><br \/>16e de finale<br \/><strong>BCM Gravelines (National) <\/strong>&#8211; SLUC Nancy BA (National) : <strong>86-80<\/strong><br \/>IE-CTC Ozoir Val d&rsquo;Europe (R\u00e9gional, +7) &#8211; <strong>Saint Quention BB (National)<\/strong> : <strong>51-80<\/strong><\/p>\n<p>8e de finale<br \/>Saint Quention BB (National) &#8211; <strong>BCM Gravelines (National)<\/strong> : <strong>72-85<\/strong><\/p>\n<p><strong>Plateau n\u00b07 : Gries (67)<\/strong><br \/>16e de finale<br \/><strong>JDA Dijon (National)<\/strong> &#8211; JL Bourg-en-Bresse (National) : <strong>73-72<\/strong><br \/>Bask Furdenheim (R\u00e9gional, +7) &#8211; <strong>SIG Strasbourg (National)<\/strong> : <strong>71-99<\/strong><\/p>\n<p>8e de finale<br \/>SIG Strasbourg (National) &#8211; <strong>JDA Dijon (National)<\/strong> : <strong>72-85<\/strong><\/p>\n<p><strong>Plateau n\u00b08 : Cournon d&rsquo;Auvergne (63)<\/strong><br \/>16e de finale<br \/>Vaulx en Velin BC (R\u00e9gional, +7) &#8211; <strong>Chorale Roanne (National)<\/strong> : <strong>69-124<\/strong><br \/>IE-CTC Basket Centre Is\u00e8re &#8211; BC Bavonne (R\u00e9gional, +7) &#8211; <strong>Saint Chamons BVG (National)<\/strong> : <strong>89-110<\/strong><\/p>\n<p>8e de finale<br \/><strong>Chorale Roanne (National)<\/strong> &#8211; Saint Chamons BVG (National) : <strong>106-74<\/strong><\/p>\n","protected":false},"excerpt":{"rendered":"M\u00eame si la logique sportive a souvent \u00e9t\u00e9 respect\u00e9e, le week-end de Coupe de France U18 masculins a&hellip;\n","protected":false},"author":2,"featured_media":208917,"comment_status":"","ping_status":"","sticky":false,"template":"","format":"standard","meta":{"footnotes":""},"categories":[1414],"tags":[1465,1464,1011,27,60],"class_list":{"0":"post-208916","1":"post","2":"type-post","3":"status-publish","4":"format-standard","5":"has-post-thumbnail","7":"category-basket","8":"tag-basket","9":"tag-basketball","10":"tag-fr","11":"tag-france","12":"tag-sports"},"share_on_mastodon":{"url":"https:\/\/pubeurope.com\/@fr\/114756625640308648","error":""},"_links":{"self":[{"href":"https:\/\/www.europesays.com\/fr\/wp-json\/wp\/v2\/posts\/208916","targetHints":{"allow":["GET"]}}],"collection":[{"href":"https:\/\/www.europesays.com\/fr\/wp-json\/wp\/v2\/posts"}],"about":[{"href":"https:\/\/www.europesays.com\/fr\/wp-json\/wp\/v2\/types\/post"}],"author":[{"embeddable":true,"href":"https:\/\/www.europesays.com\/fr\/wp-json\/wp\/v2\/users\/2"}],"replies":[{"embeddable":true,"href":"https:\/\/www.europesays.com\/fr\/wp-json\/wp\/v2\/comments?post=208916"}],"version-history":[{"count":0,"href":"https:\/\/www.europesays.com\/fr\/wp-json\/wp\/v2\/posts\/208916\/revisions"}],"wp:featuredmedia":[{"embeddable":true,"href":"https:\/\/www.europesays.com\/fr\/wp-json\/wp\/v2\/media\/208917"}],"wp:attachment":[{"href":"https:\/\/www.europesays.com\/fr\/wp-json\/wp\/v2\/media?parent=208916"}],"wp:term":[{"taxonomy":"category","embeddable":true,"href":"https:\/\/www.europesays.com\/fr\/wp-json\/wp\/v2\/categories?post=208916"},{"taxonomy":"post_tag","embeddable":true,"href":"https:\/\/www.europesays.com\/fr\/wp-json\/wp\/v2\/tags?post=208916"}],"curies":[{"name":"wp","href":"https:\/\/api.w.org\/{rel}","templated":true}]}}