{"id":208918,"date":"2025-06-27T17:58:12","date_gmt":"2025-06-27T17:58:12","guid":{"rendered":"https:\/\/www.europesays.com\/fr\/208918\/"},"modified":"2025-06-27T17:58:12","modified_gmt":"2025-06-27T17:58:12","slug":"michelin-renonce-a-changer-son-pneu-avant-en-2026","status":"publish","type":"post","link":"https:\/\/www.europesays.com\/fr\/208918\/","title":{"rendered":"Michelin renonce \u00e0 changer son pneu avant en 2026"},"content":{"rendered":"<p>Michelin avait pr\u00e9vu d&rsquo;introduire un nouveau pneu avant en 2026, malgr\u00e9 le changement de g\u00e9n\u00e9ration de moto un an plus tard. L&rsquo;objectif du manufacturier clermontois \u00e9tait de rem\u00e9dier aux difficult\u00e9s \u00e9voqu\u00e9es par les pilotes quand ils suivent un rival, avec une mont\u00e9e en temp\u00e9rature synonyme de mont\u00e9e en pression, qui fait perdre en performance et complique les d\u00e9passements. Un ph\u00e9nom\u00e8ne renforc\u00e9 par la <a href=\"https:\/\/fr.motorsport.com\/motogp\/news\/reglement-motogp-pressions-pneus-penalites\/10700596\/\" rel=\"nofollow noopener\" target=\"_blank\">pression minimale impos\u00e9e<\/a>.<\/p>\n<p>Ce pneu avant a \u00e9t\u00e9 test\u00e9 \u00e0 plusieurs reprises, mais demandait d&rsquo;importants changements de r\u00e9glages. Dans un contexte o\u00f9 les motos devraient peu \u00e9voluer, avec un gel moteur impos\u00e9 pour les constructeurs ne disposant pas des <a href=\"https:\/\/fr.motorsport.com\/motogp\/news\/concessions-motogp-differences-constructeurs-reglement\/10692129\/\" rel=\"nofollow noopener\" target=\"_blank\">concessions<\/a> de cat\u00e9gorie D, et alors que Michelin c\u00e9dera sa place \u00e0 Pirelli en 2027, il a finalement \u00e9t\u00e9 d\u00e9cid\u00e9 de conserver le m\u00eame pneu avant l&rsquo;an prochain.<\/p>\n<p>\u00ab\u00a0On a pris la d\u00e9cision r\u00e9cemment\u00a0\u00bb, a confi\u00e9 Piero Taramasso, responsable de la comp\u00e9tition deux roues de Michelin, au micro de Canal+. \u00ab\u00a0On avait mis au point un nouveau pneu, une nouvelle g\u00e9n\u00e9ration. Il \u00e9tait 1\u00a0kg plus l\u00e9ger que le mod\u00e8le standard, avec un profil diff\u00e9rent, plus large. C&rsquo;\u00e9tait vraiment une nouvelle g\u00e9n\u00e9ration de pneumatique, qui donnait vraiment des sensations diff\u00e9rentes au pilote. Il fallait des r\u00e9glages particuliers sur la moto.\u00a0\u00bb<\/p>\n<p>Lire aussi :<\/p>\n<p>\u00ab\u00a0Compte tenu de cette situation et compte tenu du fait que fin 2026, on quittera le championnat MotoGP, en discutant avec les \u00e9quipes et la Dorna, on s&rsquo;est dit que ce n&rsquo;\u00e9tait peut-\u00eatre pas une bonne id\u00e9e de mettre un pneu aussi diff\u00e9rent pour une seule saison. Certains pilotes l&rsquo;aimaient bien et d&rsquo;autres moins. Il fallait encore qu&rsquo;ils trouvent les bons r\u00e9glages pour l&rsquo;utiliser. On a pr\u00e9f\u00e9r\u00e9 ne pas le mettre. Mais on va s&rsquo;inspirer de ce pneu-l\u00e0 pour faire des pneus pour les futurs championnats o\u00f9 on sera engag\u00e9s.\u00a0\u00bb<\/p>\n<p>Bagnaia d\u00e9\u00e7u mais compr\u00e9hensif<\/p>\n<p>Parmi les pilotes qui appr\u00e9ciaient ce pneu avant figurait surtout <a href=\"https:\/\/fr.motorsport.com\/driver\/pecco-bagnaia\/109394\/\" target=\"_blank\" rel=\"noopener nofollow\">Pecco Bagnaia<\/a>. L&rsquo;Italien <a href=\"https:\/\/fr.motorsport.com\/motogp\/news\/pneu-avant-2025-bagnaia-enchante-rivaux-deroutes\/10652956\/\" rel=\"nofollow noopener\" target=\"_blank\">se montrait dithyrambique<\/a> quand ses rivaux \u00e9taient plus perturb\u00e9s. Il regrette donc la d\u00e9cision mais la comprend.<\/p>\n<p>\u00ab\u00a0Je pense que c&rsquo;est normal\u00a0\u00bb, a comment\u00e9 Bagnaia. \u00ab\u00a0Ils vont quitter le MotoGP donc ils doivent commencer \u00e0 d\u00e9velopper les pneus pour le Superbike. Je pense que c&rsquo;est une d\u00e9cision normale. C&rsquo;est dommage parce que le pneu que j&rsquo;ai test\u00e9 \u00e0 Misano l&rsquo;an dernier \u00e9tait super bon mais malheureusement, je n&rsquo;ai pas pu pousser suffisamment pour au moins l&rsquo;avoir dans quelques courses.\u00a0\u00bb<\/p>\n<p>   <img decoding=\"async\" draggable=\"false\" src=\"https:\/\/www.europesays.com\/fr\/wp-content\/uploads\/2025\/06\/1751047092_865_francesco-bagnaia-ducati-team.jpg\" alt=\"Francesco Bagnaia, Ducati Team\" width=\"1200\" height=\"800\" loading=\"lazy\"\/> <\/p>\n<p class=\"title\">Pecco Bagnaia<\/p>\n<p class=\"photographer\">Photo de: Gold and Goose Photography \/ LAT Images \/ via Getty Images<\/p>\n<p>\u00ab\u00a0Mais \u00e7a va. J&rsquo;esp\u00e8re juste que l&rsquo;an prochain, les sensations avec l&rsquo;avant seront meilleures parce que j&rsquo;ai pas mal de difficult\u00e9s. \u00c7a ne vient pas du pneu mais j&rsquo;ai pas mal de difficult\u00e9s en ce moment donc j&rsquo;ai juste besoin de constance au niveau des pneus.\u00a0\u00bb<\/p>\n<p>\u00ab\u00a0Si on pouvait avoir un pneu qui ne souffre pas autant de la pression avant ou de la temp\u00e9rature, \u00e7a pourrait \u00eatre beaucoup mieux, parce qu&rsquo;on pourrait avoir des d\u00e9passements, on se suivrait mieux en course et ce qu&rsquo;on a test\u00e9 \u00e0 Misano l&rsquo;an dernier allait dans cette direction\u00a0\u00bb, a-t-il soulign\u00e9. \u00ab\u00a0Oui, c&rsquo;\u00e9tait un peu plus dur de piloter la moto mais c&rsquo;\u00e9tait tr\u00e8s stable, j&rsquo;avais beaucoup de sensations sur l&rsquo;avant donc c&rsquo;\u00e9tait bien.\u00a0\u00bb<\/p>\n<p>\u00ab\u00a0Oui, on s&rsquo;adapte \u00e0 la situation mais c&rsquo;est parce que c&rsquo;est la seule option. La temp\u00e9rature et la pression restent les principales choses auxquelles il faut s&rsquo;adapter en course. Ce serait bien d&rsquo;avoir plus de stabilit\u00e9.\u00a0\u00bb<\/p>\n<p>Lire aussi :<\/p>\n<p>Dans cet article<\/p>\n<p>    Vincent Lalanne-Sicaud\n<\/p>\n<p>    MotoGP\n<\/p>\n<p>Soyez le premier inform\u00e9 et souscrivez aux alertes mails pour recevoir les infos en temps r\u00e9el<\/p>\n<p>    S&rsquo;abonner aux alertes de news<\/p>\n","protected":false},"excerpt":{"rendered":"Michelin avait pr\u00e9vu d&rsquo;introduire un nouveau pneu avant en 2026, malgr\u00e9 le changement de g\u00e9n\u00e9ration de moto un&hellip;\n","protected":false},"author":2,"featured_media":208919,"comment_status":"","ping_status":"","sticky":false,"template":"","format":"standard","meta":{"footnotes":""},"categories":[1413],"tags":[1011,27,1457,1456,1458,60],"class_list":{"0":"post-208918","1":"post","2":"type-post","3":"status-publish","4":"format-standard","5":"has-post-thumbnail","7":"category-moto","8":"tag-fr","9":"tag-france","10":"tag-moto","11":"tag-motocycle","12":"tag-motogp","13":"tag-sports"},"share_on_mastodon":{"url":"https:\/\/pubeurope.com\/@fr\/114756629569227448","error":""},"_links":{"self":[{"href":"https:\/\/www.europesays.com\/fr\/wp-json\/wp\/v2\/posts\/208918","targetHints":{"allow":["GET"]}}],"collection":[{"href":"https:\/\/www.europesays.com\/fr\/wp-json\/wp\/v2\/posts"}],"about":[{"href":"https:\/\/www.europesays.com\/fr\/wp-json\/wp\/v2\/types\/post"}],"author":[{"embeddable":true,"href":"https:\/\/www.europesays.com\/fr\/wp-json\/wp\/v2\/users\/2"}],"replies":[{"embeddable":true,"href":"https:\/\/www.europesays.com\/fr\/wp-json\/wp\/v2\/comments?post=208918"}],"version-history":[{"count":0,"href":"https:\/\/www.europesays.com\/fr\/wp-json\/wp\/v2\/posts\/208918\/revisions"}],"wp:featuredmedia":[{"embeddable":true,"href":"https:\/\/www.europesays.com\/fr\/wp-json\/wp\/v2\/media\/208919"}],"wp:attachment":[{"href":"https:\/\/www.europesays.com\/fr\/wp-json\/wp\/v2\/media?parent=208918"}],"wp:term":[{"taxonomy":"category","embeddable":true,"href":"https:\/\/www.europesays.com\/fr\/wp-json\/wp\/v2\/categories?post=208918"},{"taxonomy":"post_tag","embeddable":true,"href":"https:\/\/www.europesays.com\/fr\/wp-json\/wp\/v2\/tags?post=208918"}],"curies":[{"name":"wp","href":"https:\/\/api.w.org\/{rel}","templated":true}]}}