{"id":208920,"date":"2025-06-27T17:59:10","date_gmt":"2025-06-27T17:59:10","guid":{"rendered":"https:\/\/www.europesays.com\/fr\/208920\/"},"modified":"2025-06-27T17:59:10","modified_gmt":"2025-06-27T17:59:10","slug":"hamilton-echappe-a-une-penalite-au-gp-dautriche","status":"publish","type":"post","link":"https:\/\/www.europesays.com\/fr\/208920\/","title":{"rendered":"Hamilton \u00e9chappe \u00e0 une p\u00e9nalit\u00e9 au GP d&rsquo;Autriche"},"content":{"rendered":"<p>L&rsquo;incident s&rsquo;est produit au cours des EL2 ce vendredi au GP d&rsquo;Autriche\u00a0: alors qu&rsquo;il \u00e9tait dans un tour lent, <a href=\"https:\/\/fr.motorsport.com\/driver\/lewis-hamilton\/76878\/\" target=\"_blank\" rel=\"noopener\">Lewis Hamilton<\/a> \u00e9tait au milieu de la piste au moment d&rsquo;aborder la zone de freinage du virage 4. Apr\u00e8s un coup d&rsquo;\u0153il dans son r\u00e9troviseur, il s&rsquo;est alors repositionn\u00e9 vers la trajectoire de course normale. Or, c&rsquo;est \u00e0 ce moment-l\u00e0 qu&rsquo;arrivait <a href=\"https:\/\/fr.motorsport.com\/driver\/kimi-antonelli\/947765\/\" target=\"_blank\" rel=\"noopener\">Kimi Antonelli<\/a>, contraint \u00e0 une man\u0153uvre d&rsquo;\u00e9vitement le faisant passer hors piste, pour se pr\u00e9munir d&rsquo;une collision.<\/p>\n<p>Si le septuple champion du monde a tout de suite fait un signe de la main vers l&rsquo;Italien en signe d&rsquo;excuse et indiqu\u00e9 \u00e0 la radio qu&rsquo;il n&rsquo;avait tout simplement pas vu la <a href=\"https:\/\/fr.motorsport.com\/team\/mercedes\/611\/\" target=\"_blank\" rel=\"noopener\">Mercedes<\/a> arriver, les commissaires se sont saisis de l&rsquo;incident. Le verdict rendu apr\u00e8s la s\u00e9ance a \u00e9t\u00e9 celui d&rsquo;une culpabilit\u00e9 de Hamilton, qui a d\u00e9bouch\u00e9 sur un avertissement lui \u00e9tant adress\u00e9.<\/p>\n<p>Voici comment les commissaires ont justifi\u00e9 leur d\u00e9cision\u00a0: \u00ab\u00a0Le pilote de la voiture n\u00b044, bien qu&rsquo;il ait constamment regard\u00e9 dans ses r\u00e9troviseurs apr\u00e8s avoir \u00e9t\u00e9 inform\u00e9 par son \u00e9quipe que la voiture n\u00b012 approchait, s&rsquo;est lentement d\u00e9plac\u00e9 vers la trajectoire de course \u00e0 l&rsquo;approche du virage 4, g\u00eanant ainsi inutilement la voiture n\u00b012 qui a d\u00fb effectuer une man\u0153uvre d&rsquo;\u00e9vitement. Le pilote de la voiture n\u00b044 s&rsquo;est excus\u00e9 imm\u00e9diatement apr\u00e8s avoir r\u00e9alis\u00e9 son erreur.\u00a0\u00bb<\/p>\n<p>\u00ab\u00a0Les commissaires ont estim\u00e9 que, malgr\u00e9 l&rsquo;approche plus indulgente adopt\u00e9e en mati\u00e8re de g\u00eane lors des essais libres, celle-ci n&rsquo;\u00e9tait pas n\u00e9cessaire et qu&rsquo;un avertissement au pilote \u00e9tait justifi\u00e9.\u00a0\u00bb<\/p>\n<p>La sanction \u00ab\u00a0faible\u00a0\u00bb de Hamilton se justifie en partie par le fait que l&rsquo;incident soit survenu en essais libres. De plus, avec la publication ce jeudi par la FIA de <a href=\"https:\/\/www.fia.com\/sites\/default\/files\/2025_f1_guidelines_penalty_points_overview_-_14_may_clean_0.pdf\" target=\"_blank\" rel=\"noopener\">la grille des sanctions que les commissaires appliquent g\u00e9n\u00e9ralement<\/a> et au vu de la jurisprudence habituelle, il \u00e9tait anticipable que le Britannique n&rsquo;aurait pas de grosse sanction ou m\u00eame de p\u00e9nalit\u00e9 sur la grille.<\/p>\n<p>Lire aussi :<\/p>\n<p>Dans cet article<\/p>\n<p>    Fabien Gaillard\n<\/p>\n<p>    Formule 1\n<\/p>\n<p>    Lewis Hamilton\n<\/p>\n<p>    Kimi Antonelli\n<\/p>\n<p>    Mercedes\n<\/p>\n<p>    Ferrari\n<\/p>\n<p>Soyez le premier inform\u00e9 et souscrivez aux alertes mails pour recevoir les infos en temps r\u00e9el<\/p>\n<p>    S&rsquo;abonner aux alertes de news<\/p>\n","protected":false},"excerpt":{"rendered":"L&rsquo;incident s&rsquo;est produit au cours des EL2 ce vendredi au GP d&rsquo;Autriche\u00a0: alors qu&rsquo;il \u00e9tait dans un tour&hellip;\n","protected":false},"author":2,"featured_media":208921,"comment_status":"","ping_status":"","sticky":false,"template":"","format":"standard","meta":{"footnotes":""},"categories":[1412],"tags":[1451,2251,1452,1453,1454,1455,1011,27,34489,2237,1975,4320,34490,60],"class_list":{"0":"post-208920","1":"post","2":"type-post","3":"status-publish","4":"format-standard","5":"has-post-thumbnail","7":"category-f1","8":"tag-f1","9":"tag-ferrari","10":"tag-formula-1","11":"tag-formula1","12":"tag-formule-1","13":"tag-formule1","14":"tag-fr","15":"tag-france","16":"tag-gp-dautriche","17":"tag-kimi-antonelli","18":"tag-lewis-hamilton","19":"tag-mercedes","20":"tag-red-bull-ring","21":"tag-sports"},"share_on_mastodon":{"url":"https:\/\/pubeurope.com\/@fr\/114756633527853949","error":""},"_links":{"self":[{"href":"https:\/\/www.europesays.com\/fr\/wp-json\/wp\/v2\/posts\/208920","targetHints":{"allow":["GET"]}}],"collection":[{"href":"https:\/\/www.europesays.com\/fr\/wp-json\/wp\/v2\/posts"}],"about":[{"href":"https:\/\/www.europesays.com\/fr\/wp-json\/wp\/v2\/types\/post"}],"author":[{"embeddable":true,"href":"https:\/\/www.europesays.com\/fr\/wp-json\/wp\/v2\/users\/2"}],"replies":[{"embeddable":true,"href":"https:\/\/www.europesays.com\/fr\/wp-json\/wp\/v2\/comments?post=208920"}],"version-history":[{"count":0,"href":"https:\/\/www.europesays.com\/fr\/wp-json\/wp\/v2\/posts\/208920\/revisions"}],"wp:featuredmedia":[{"embeddable":true,"href":"https:\/\/www.europesays.com\/fr\/wp-json\/wp\/v2\/media\/208921"}],"wp:attachment":[{"href":"https:\/\/www.europesays.com\/fr\/wp-json\/wp\/v2\/media?parent=208920"}],"wp:term":[{"taxonomy":"category","embeddable":true,"href":"https:\/\/www.europesays.com\/fr\/wp-json\/wp\/v2\/categories?post=208920"},{"taxonomy":"post_tag","embeddable":true,"href":"https:\/\/www.europesays.com\/fr\/wp-json\/wp\/v2\/tags?post=208920"}],"curies":[{"name":"wp","href":"https:\/\/api.w.org\/{rel}","templated":true}]}}