{"id":208929,"date":"2025-06-27T18:04:09","date_gmt":"2025-06-27T18:04:09","guid":{"rendered":"https:\/\/www.europesays.com\/fr\/208929\/"},"modified":"2025-06-27T18:04:09","modified_gmt":"2025-06-27T18:04:09","slug":"braderie-dete-a-la-bibliotheque-george-sand","status":"publish","type":"post","link":"https:\/\/www.europesays.com\/fr\/208929\/","title":{"rendered":"braderie d&rsquo;\u00e9t\u00e9 \u00e0 la biblioth\u00e8que George-Sand"},"content":{"rendered":"<p>Pour f\u00eater l\u2019\u00e9t\u00e9, la biblioth\u00e8que George-Sand a accueilli lecteurs petits et grands pour sa braderie de livres mercredi 18\u00a0juin 2025. L\u2019occasion pour sa pr\u00e9sidente, Sylvie Ponard, de rappeler les nombreux services propos\u00e9s par la biblioth\u00e8que\u00a0: accueil dans ses locaux rue George-Sand avec pr\u00eat d\u2019un grand choix de livres (y compris en gros caract\u00e8res), portage et lecture \u00e0 haute voix en Ehpad ou \u00e0 domicile, rencontres litt\u00e9raires\u2026 L\u2019association Culture et Biblioth\u00e8ques pour tous, c\u2019est aussi deux ludoth\u00e8ques \u00e0 Tours et Saint-Avertin.<\/p>\n<p>Sylvie Ponard\u00a0lance un appel aux b\u00e9n\u00e9voles notamment pour le portage de livres. Avis aux amateurs et amatrices\u2026<\/p>\n<p>\u00a0<\/p>\n","protected":false},"excerpt":{"rendered":"Pour f\u00eater l\u2019\u00e9t\u00e9, la biblioth\u00e8que George-Sand a accueilli lecteurs petits et grands pour sa braderie de livres mercredi&hellip;\n","protected":false},"author":2,"featured_media":208930,"comment_status":"","ping_status":"","sticky":false,"template":"","format":"standard","meta":{"footnotes":""},"categories":[1357],"tags":[1379,58,59,1011,27,1380,5116,34794],"class_list":{"0":"post-208929","1":"post","2":"type-post","3":"status-publish","4":"format-standard","5":"has-post-thumbnail","7":"category-livres","8":"tag-books","9":"tag-divertissement","10":"tag-entertainment","11":"tag-fr","12":"tag-france","13":"tag-livres","14":"tag-quartiers","15":"tag-tours-grammont-prebendes"},"share_on_mastodon":{"url":"https:\/\/pubeurope.com\/@fr\/114756653155096734","error":""},"_links":{"self":[{"href":"https:\/\/www.europesays.com\/fr\/wp-json\/wp\/v2\/posts\/208929","targetHints":{"allow":["GET"]}}],"collection":[{"href":"https:\/\/www.europesays.com\/fr\/wp-json\/wp\/v2\/posts"}],"about":[{"href":"https:\/\/www.europesays.com\/fr\/wp-json\/wp\/v2\/types\/post"}],"author":[{"embeddable":true,"href":"https:\/\/www.europesays.com\/fr\/wp-json\/wp\/v2\/users\/2"}],"replies":[{"embeddable":true,"href":"https:\/\/www.europesays.com\/fr\/wp-json\/wp\/v2\/comments?post=208929"}],"version-history":[{"count":0,"href":"https:\/\/www.europesays.com\/fr\/wp-json\/wp\/v2\/posts\/208929\/revisions"}],"wp:featuredmedia":[{"embeddable":true,"href":"https:\/\/www.europesays.com\/fr\/wp-json\/wp\/v2\/media\/208930"}],"wp:attachment":[{"href":"https:\/\/www.europesays.com\/fr\/wp-json\/wp\/v2\/media?parent=208929"}],"wp:term":[{"taxonomy":"category","embeddable":true,"href":"https:\/\/www.europesays.com\/fr\/wp-json\/wp\/v2\/categories?post=208929"},{"taxonomy":"post_tag","embeddable":true,"href":"https:\/\/www.europesays.com\/fr\/wp-json\/wp\/v2\/tags?post=208929"}],"curies":[{"name":"wp","href":"https:\/\/api.w.org\/{rel}","templated":true}]}}