{"id":208932,"date":"2025-06-27T18:06:09","date_gmt":"2025-06-27T18:06:09","guid":{"rendered":"https:\/\/www.europesays.com\/fr\/208932\/"},"modified":"2025-06-27T18:06:09","modified_gmt":"2025-06-27T18:06:09","slug":"tout-dun-coup-un-groupe-revendiquait-son-accent-son-coin-de-terre-iam-cetait-marseille","status":"publish","type":"post","link":"https:\/\/www.europesays.com\/fr\/208932\/","title":{"rendered":"Tout d\u2019un coup, un groupe revendiquait son accent, son coin de terre\u2026 IAM, c\u2019\u00e9tait Marseille"},"content":{"rendered":"<p>Sur les murs de la <a href=\"https:\/\/www.laprovence.com\/article\/edition-marseille\/2757343\/laffranchi-inaugure-apres-deux-ans-de-travaux.html\" target=\"_blank\" rel=\"noopener\">salle de concert l\u2019Affranchi<\/a> s\u2019affichent trente ans de rap hexagonal. Des photos n\u00e9gligemment scotch\u00e9es dans les couloirs, des disques d\u2019or fi\u00e8rement accroch\u00e9s dans le studio d\u2019enregistrement.<\/p>\n<p>Soprano et les Psy 4 de la Rime, <a href=\"https:\/\/www.laprovence.com\/article\/culture-loisirs\/26856859340267\/cest-la-que-tout-a-commence-le-rappeur-kofs-en-concert-pour-son-premier-solo-dans-la-salle-qui-la-lance\" target=\"_blank\" rel=\"noopener\">Kofs<\/a> ou Naps, Soso Maness, la FF, mais aussi Youssoupha, Orelsan, Rom\u00e9o Elvis\u2026 tous sont pass\u00e9s par cette Mecque marseillaise du hip-hop, ouverte en\u00a01996 et pos\u00e9e de fa\u00e7on un peu improbable le long du boulevard de <a href=\"https:\/\/www.laprovence.com\/article\/region\/613346591057414\/travaux-denvergure-preemptions-mis-de-cote-pendant-des-annees-saint-marcel-a-marseille-amorce-son-reveil\" target=\"_blank\" rel=\"noopener\">Saint-Marcel<\/a> (11e). Parmi les artistes venus se produire, enregistrer ou r\u00e9p\u00e9ter \u00e0 l\u2019Affranchi, <a href=\"https:\/\/www.laprovence.com\/article\/culture-loisirs\/5541354293695614\/histoire-il-y-a-trente-ans-iam-prenait-son-envol-aux-victoires-de-la-musique\" target=\"_blank\" rel=\"noopener\">cinq hommes tiennent une place \u00e0 part\u00a0: IAM<\/a>.<\/p>\n","protected":false},"excerpt":{"rendered":"Sur les murs de la salle de concert l\u2019Affranchi s\u2019affichent trente ans de rap hexagonal. Des photos n\u00e9gligemment&hellip;\n","protected":false},"author":2,"featured_media":208933,"comment_status":"","ping_status":"","sticky":false,"template":"","format":"standard","meta":{"footnotes":""},"categories":[1355],"tags":[17,3952,2837,58,59,1011,27,2705,34795,1361,873,16,34796,3585,957],"class_list":{"0":"post-208932","1":"post","2":"type-post","3":"status-publish","4":"format-standard","5":"has-post-thumbnail","7":"category-musique","8":"tag-17","9":"tag-coup","10":"tag-dun","11":"tag-divertissement","12":"tag-entertainment","13":"tag-fr","14":"tag-france","15":"tag-groupe","16":"tag-iam","17":"tag-music","18":"tag-musique","19":"tag-region","20":"tag-revendiquait","21":"tag-tout","22":"tag-velodrome"},"share_on_mastodon":{"url":"https:\/\/pubeurope.com\/@fr\/114756661119203811","error":""},"_links":{"self":[{"href":"https:\/\/www.europesays.com\/fr\/wp-json\/wp\/v2\/posts\/208932","targetHints":{"allow":["GET"]}}],"collection":[{"href":"https:\/\/www.europesays.com\/fr\/wp-json\/wp\/v2\/posts"}],"about":[{"href":"https:\/\/www.europesays.com\/fr\/wp-json\/wp\/v2\/types\/post"}],"author":[{"embeddable":true,"href":"https:\/\/www.europesays.com\/fr\/wp-json\/wp\/v2\/users\/2"}],"replies":[{"embeddable":true,"href":"https:\/\/www.europesays.com\/fr\/wp-json\/wp\/v2\/comments?post=208932"}],"version-history":[{"count":0,"href":"https:\/\/www.europesays.com\/fr\/wp-json\/wp\/v2\/posts\/208932\/revisions"}],"wp:featuredmedia":[{"embeddable":true,"href":"https:\/\/www.europesays.com\/fr\/wp-json\/wp\/v2\/media\/208933"}],"wp:attachment":[{"href":"https:\/\/www.europesays.com\/fr\/wp-json\/wp\/v2\/media?parent=208932"}],"wp:term":[{"taxonomy":"category","embeddable":true,"href":"https:\/\/www.europesays.com\/fr\/wp-json\/wp\/v2\/categories?post=208932"},{"taxonomy":"post_tag","embeddable":true,"href":"https:\/\/www.europesays.com\/fr\/wp-json\/wp\/v2\/tags?post=208932"}],"curies":[{"name":"wp","href":"https:\/\/api.w.org\/{rel}","templated":true}]}}