{"id":208938,"date":"2025-06-27T18:09:06","date_gmt":"2025-06-27T18:09:06","guid":{"rendered":"https:\/\/www.europesays.com\/fr\/208938\/"},"modified":"2025-06-27T18:09:06","modified_gmt":"2025-06-27T18:09:06","slug":"ville-utopique-equipe-richissime-stade-futuriste-quest-ce-que-le-neom-sc-ou-lacazette-et-galtier-devraient-signer-lequipe","status":"publish","type":"post","link":"https:\/\/www.europesays.com\/fr\/208938\/","title":{"rendered":"Ville utopique, \u00e9quipe richissime, stade futuriste&#8230; qu&#039;est-ce que le Neom SC, o\u00f9 Lacazette et Galtier devraient signer ? &#8211; L&#039;\u00c9quipe"},"content":{"rendered":"<ol>\n<li><a href=\"https:\/\/news.google.com\/rss\/articles\/CBMi-AFBVV95cUxOZXoyelI3QTJKNktVUjBETGZ6MnF0cGFkMHR4dXRQcURDWFlXYVhnWjZGUXdXdXhxU3RPcl9vT2luMkxMUTRQZmRiTkxoLVQ4SlhfbW56akZVTzJkTDNFWnhtemNRTk9WSi1wNDBZdXE0R2Q5OTAxdWFfdEU4QnZNWkptM1owRzVxNGpuVU92OFNnM0RTTUxNbGQ2RGFPNGIyczJXanN6b0ZqeW9jOW9IbWFCXzQ4X21sMDRlWS1yQ004WGtMSldtcUFzd0tsR1lURGNqQjlsVWZKVEtpYURENVZ5V29OSWlmNS04Tm9jVDYxU09laDloaw?oc=5\" target=\"_blank\" rel=\"noopener\">Ville utopique, \u00e9quipe richissime, stade futuriste&#8230; qu&rsquo;est-ce que le Neom SC, o\u00f9 Lacazette et Galtier devraient signer ?<\/a>&nbsp;&nbsp;L&rsquo;\u00c9quipe<\/li>\n<li><a href=\"https:\/\/news.google.com\/rss\/articles\/CBMivAFBVV95cUxOdTlJcnNyekprRW1WUlpRcy0yV3hXRkIzM1BwVWU2c3ZacmZZREFfNVRqQm1DVEtWUUtIUnYtaXNuREp3bk9MTzlvaWQ4Y2FMZ0U4UHVodEtMeVpSOTVoMy1BeG9TVDA4cndyNjg3Sm96TUNqa1QtNVNaSVdvNDV2ZDIxRDhuSEVBRGNqWWlOeVV6M08xbS13Q3VqRTZ4aGdVbVdMdmlYN29FMVN3Q21tbFJZNmdxNnBETDFZV9IBuwFBVV95cUxNSkpWRFNTem82TWZWQ3JVaWNyRzlkMElKMnNBRzVZbldkbDlIVW8tQWNxQS10bFdGN0wxNTc3eEE0YVdUMHQ4VDVuaEtGeGJpMkpqRlpNWjQ0S2dLOWRaVGtHVzVOU2dYR1AtOGRNdkpiSFBUdG5mSkY3UW5vMV9zbVNZMHRpT25yQ2M3SlEweE9oNUpnRV9YSmMwWFpBUEUxb0V4WndnblprNkxGQWZJSV9xNnowWnlQRWVN?oc=5\" target=\"_blank\" rel=\"noopener\">OL : Lacazette en route pour l&rsquo;Arabie saoudite<\/a>&nbsp;&nbsp;Orange Actualit\u00e9s | Sports<\/li>\n<li><a href=\"https:\/\/news.google.com\/rss\/articles\/CBMijwFBVV95cUxQVmZUUFBZc0ZZLVBfVjJFenlMMktiVFVsVmR0NWN5cDdLdXF0TzVfQ1hCQUdBTXFBUlVwTWhVRk9LLWtuR1hiSVNUTXFNRVp3NFNSLVhTcUx1c1lBYVI5V280QXJYemUtMXAxMTFCTHBWZ09mTUJaYkliRTItNWFhVmRwSzByWGtobzJjX2xBTQ?oc=5\" target=\"_blank\" rel=\"noopener\">Christophe Galtier va rebondir \u00e0 NEOM<\/a>&nbsp;&nbsp;Foot Mercato<\/li>\n<li><a href=\"https:\/\/news.google.com\/rss\/articles\/CBMiqgFBVV95cUxPU202ZVJtdUxvdHFIdUIxdHRVQTZtYWNkR0MzbUJyUW1jd3JNbjFwUTRzd1JKRThXOEtOWmN4aEdUZEdrekZJZTVNTGVmN2VCcWU1RWFyZHczbWN3R1k4LWdQUUZMUU1HMHJqa0N3OVF2R01Rd3AxTDBrUllGN2RGbGFXLXNzZ3BuZFNtNlIwRU5Xd1Y2YlkxbnEzWWY1bTNqWk4xbzZHWjBuZw?oc=5\" target=\"_blank\" rel=\"noopener\">Football. OL : Alexandre Lacazette va s\u2019engager avec Neom en Arabie saoudite<\/a>&nbsp;&nbsp;Le Progr\u00e8s<\/li>\n<li><a href=\"https:\/\/news.google.com\/rss\/articles\/CBMi3AFBVV95cUxOZEdlaGVDcE1LaU1QYU56YTZNS3RxN1Y1YzhpeXZBS2ZOWUZBaFRMWUtOTzVBQ241cnVESVYzUTU5alY1N0hyR0FQU2tQMUplUXRfcjN3OVBjcG1ncnh1Q2xqVVhnRkR4d3RVWWV6S1FYZ2ZsMXpta05aU3ZEcWtZRlJMQ2xYcjJKeTZNVlhieE5zR002eXdLSnpGRWN3dzE2TlM5VkJxN1B1NFJHTnhhZVhPeFQxV2YwZU5KNlgwZmdIYmxWMEJqSjJzYzhlTU1jRUZZc0F0dkNqRWdh?oc=5\" target=\"_blank\" rel=\"noopener\">Lacazette, Giroud, Morata&#8230; Les 5 infos mercato du 27 juin \u00e0 la mi-journ\u00e9e<\/a>&nbsp;&nbsp;RMC Sport<\/li>\n<\/ol>\n","protected":false},"excerpt":{"rendered":"Ville utopique, \u00e9quipe richissime, stade futuriste&#8230; qu&rsquo;est-ce que le Neom SC, o\u00f9 Lacazette et Galtier devraient signer ?&nbsp;&nbsp;L&rsquo;\u00c9quipe&hellip;\n","protected":false},"author":2,"featured_media":1445,"comment_status":"","ping_status":"","sticky":false,"template":"","format":"standard","meta":{"footnotes":""},"categories":[9],"tags":[1011,27,60],"class_list":{"0":"post-208938","1":"post","2":"type-post","3":"status-publish","4":"format-standard","5":"has-post-thumbnail","7":"category-sports","8":"tag-fr","9":"tag-france","10":"tag-sports"},"share_on_mastodon":{"url":"https:\/\/pubeurope.com\/@fr\/114756672793167968","error":""},"_links":{"self":[{"href":"https:\/\/www.europesays.com\/fr\/wp-json\/wp\/v2\/posts\/208938","targetHints":{"allow":["GET"]}}],"collection":[{"href":"https:\/\/www.europesays.com\/fr\/wp-json\/wp\/v2\/posts"}],"about":[{"href":"https:\/\/www.europesays.com\/fr\/wp-json\/wp\/v2\/types\/post"}],"author":[{"embeddable":true,"href":"https:\/\/www.europesays.com\/fr\/wp-json\/wp\/v2\/users\/2"}],"replies":[{"embeddable":true,"href":"https:\/\/www.europesays.com\/fr\/wp-json\/wp\/v2\/comments?post=208938"}],"version-history":[{"count":0,"href":"https:\/\/www.europesays.com\/fr\/wp-json\/wp\/v2\/posts\/208938\/revisions"}],"wp:featuredmedia":[{"embeddable":true,"href":"https:\/\/www.europesays.com\/fr\/wp-json\/wp\/v2\/media\/1445"}],"wp:attachment":[{"href":"https:\/\/www.europesays.com\/fr\/wp-json\/wp\/v2\/media?parent=208938"}],"wp:term":[{"taxonomy":"category","embeddable":true,"href":"https:\/\/www.europesays.com\/fr\/wp-json\/wp\/v2\/categories?post=208938"},{"taxonomy":"post_tag","embeddable":true,"href":"https:\/\/www.europesays.com\/fr\/wp-json\/wp\/v2\/tags?post=208938"}],"curies":[{"name":"wp","href":"https:\/\/api.w.org\/{rel}","templated":true}]}}