{"id":208945,"date":"2025-06-27T18:13:15","date_gmt":"2025-06-27T18:13:15","guid":{"rendered":"https:\/\/www.europesays.com\/fr\/208945\/"},"modified":"2025-06-27T18:13:15","modified_gmt":"2025-06-27T18:13:15","slug":"elle-se-prend-en-photo-avec-les-bijoux-quelle-avait-voles-dans-sa-boutique-une-britannique-condamnee","status":"publish","type":"post","link":"https:\/\/www.europesays.com\/fr\/208945\/","title":{"rendered":"Elle se prend en photo avec les bijoux qu\u2019elle avait vol\u00e9s dans sa boutique, une Britannique condamn\u00e9e"},"content":{"rendered":"<p>Une <a href=\"https:\/\/www.20minutes.fr\/monde\/grande-bretagne\/\" class=\"color-ultramarine c-link\" target=\"_blank\" rel=\"noopener\">Britannique<\/a> de 39 ans a \u00e9t\u00e9 condamn\u00e9e \u00e0 28 mois de prison pour avoir vol\u00e9 des bijoux dans la <a href=\"https:\/\/www.20minutes.fr\/dossier\/bijouterie\" class=\"color-ultramarine c-link\" target=\"_blank\" rel=\"noopener\">bijouterie<\/a> dont elle \u00e9tait la g\u00e9rante, entre le 1er\u00a0octobre 2017 et le 27\u00a0d\u00e9cembre 2018, rapporte <a href=\"https:\/\/edition.cnn.com\/2025\/06\/25\/world\/uk-lucy-roberts-jewelry-theft-sentence-intl-latam\" target=\"_blank\" class=\"color-ultramarine c-link\" rel=\"noopener\">CNN<\/a>. Elle a \u00e9t\u00e9 confondue apr\u00e8s avoir envoy\u00e9 des <a href=\"https:\/\/www.20minutes.fr\/dossier\/selfie\" class=\"color-ultramarine c-link\" target=\"_blank\" rel=\"noopener\">selfies<\/a> \u00e0 ses coll\u00e8gues. Sur ces photos, l\u2019ex-g\u00e9rante apparaissait \u00ab\u00a0couverte de diamants\u00a0\u00bb et de bijoux vol\u00e9s, selon <a href=\"https:\/\/www.humberside.police.uk\/news\/humberside\/news\/news\/25\/jun\/thief-jailed---turns-out-diamonds-cannot-always-be-a-girls-best-friend\/\" target=\"_blank\" class=\"color-ultramarine c-link\" rel=\"noopener\">un communiqu\u00e9 de la police de Humberside<\/a>\u00a0publi\u00e9 ce mardi.<\/p>\n<p>Alors qu\u2019elle dirigeait la bijouterie de Beverley, la mise en cause emportait r\u00e9guli\u00e8rement des bijoux chez elle. Elle justifiait ces allers-retours en affirmant \u00ab\u00a0travailler \u00e0 domicile et trier les stocks pour l\u2019atelier\u00a0\u00bb. Ce n\u2019est qu\u2019apr\u00e8s sa d\u00e9mission que les vols ont \u00e9t\u00e9 d\u00e9couverts. Gr\u00e2ce aux selfies qu\u2019elle envoyait pendant ses <a href=\"https:\/\/www.20minutes.fr\/vacances\/\" class=\"color-ultramarine c-link\" target=\"_blank\" rel=\"noopener\">vacances<\/a> &#8211; notamment lors d\u2019une croisi\u00e8re \u2013, ses anciens coll\u00e8gues ont pu reconna\u00eetre les pi\u00e8ces d\u00e9rob\u00e9es et ont alert\u00e9 la police.<\/p>\n<p>145.000 euros de marchandises<\/p>\n<p>Lors de la perquisition \u00e0 son domicile, les enqu\u00eateurs ont retrouv\u00e9 \u00ab\u00a0des milliers d\u2019euros de bijoux \u00e9parpill\u00e9s dans des bo\u00eetes, sous le lit et dans des placards\u00a0\u00bb, indique le communiqu\u00e9. Au total, la Britannique a d\u00e9rob\u00e9 l\u2019\u00e9quivalent de plus de 145.000 euros en <a href=\"https:\/\/www.20minutes.fr\/dossier\/diamant\" class=\"color-ultramarine c-link\" target=\"_blank\" rel=\"noopener\">diamants<\/a>, or, argent, bijoux sur mesure \u00e0 son employeur, mais aussi de l\u2019argent liquide. \u00c0 son arrestation \u00e0 l\u2019a\u00e9roport d\u2019Heathrow, les policiers ont d\u00e9couvert sur elle pour 1.000 livres sterling (environ 1.170 euros) de bijoux vol\u00e9s. Dans sa valise se trouvait \u00e9galement l\u2019\u00e9quivalent de 13.880 livres (environ 16.278 euros) en bijoux.<\/p>\n<\/p>\n<p>Des images capt\u00e9es par la cam\u00e9ra corporelle\u00a0d\u2019un <a href=\"https:\/\/www.20minutes.fr\/dossier\/policier\" class=\"color-ultramarine c-link\" target=\"_blank\" rel=\"noopener\">policier<\/a> la montrent en train de retirer ses bijoux \u00ab\u00a0alors qu\u2019elle \u00e9tait escort\u00e9e \u00e0 travers l\u2019a\u00e9roport d\u2019Heathrow\u2026 pour tenter de s\u2019en d\u00e9barrasser\u00a0\u00bb, a pr\u00e9cis\u00e9 la police. La bijouterie concern\u00e9e s\u2019est dite \u00ab\u00a0heureuse d\u2019avoir enfin pu clore cette affaire apr\u00e8s plusieurs ann\u00e9es\u00a0\u00bb.<\/p>\n","protected":false},"excerpt":{"rendered":"Une Britannique de 39 ans a \u00e9t\u00e9 condamn\u00e9e \u00e0 28 mois de prison pour avoir vol\u00e9 des bijoux&hellip;\n","protected":false},"author":2,"featured_media":208946,"comment_status":"","ping_status":"","sticky":false,"template":"","format":"standard","meta":{"footnotes":""},"categories":[5],"tags":[47,11,34799,5417,1011,27,5072,14,74,12,473,28],"class_list":{"0":"post-208945","1":"post","2":"type-post","3":"status-publish","4":"format-standard","5":"has-post-thumbnail","7":"category-international","8":"tag-actualite","9":"tag-actualites","10":"tag-bijouterie","11":"tag-bijoux","12":"tag-fr","13":"tag-france","14":"tag-grande-bretagne","15":"tag-international","16":"tag-monde","17":"tag-news","18":"tag-royaume-uni","19":"tag-world"},"share_on_mastodon":{"url":"https:\/\/pubeurope.com\/@fr\/114756688480316890","error":""},"_links":{"self":[{"href":"https:\/\/www.europesays.com\/fr\/wp-json\/wp\/v2\/posts\/208945","targetHints":{"allow":["GET"]}}],"collection":[{"href":"https:\/\/www.europesays.com\/fr\/wp-json\/wp\/v2\/posts"}],"about":[{"href":"https:\/\/www.europesays.com\/fr\/wp-json\/wp\/v2\/types\/post"}],"author":[{"embeddable":true,"href":"https:\/\/www.europesays.com\/fr\/wp-json\/wp\/v2\/users\/2"}],"replies":[{"embeddable":true,"href":"https:\/\/www.europesays.com\/fr\/wp-json\/wp\/v2\/comments?post=208945"}],"version-history":[{"count":0,"href":"https:\/\/www.europesays.com\/fr\/wp-json\/wp\/v2\/posts\/208945\/revisions"}],"wp:featuredmedia":[{"embeddable":true,"href":"https:\/\/www.europesays.com\/fr\/wp-json\/wp\/v2\/media\/208946"}],"wp:attachment":[{"href":"https:\/\/www.europesays.com\/fr\/wp-json\/wp\/v2\/media?parent=208945"}],"wp:term":[{"taxonomy":"category","embeddable":true,"href":"https:\/\/www.europesays.com\/fr\/wp-json\/wp\/v2\/categories?post=208945"},{"taxonomy":"post_tag","embeddable":true,"href":"https:\/\/www.europesays.com\/fr\/wp-json\/wp\/v2\/tags?post=208945"}],"curies":[{"name":"wp","href":"https:\/\/api.w.org\/{rel}","templated":true}]}}