{"id":208949,"date":"2025-06-27T18:15:09","date_gmt":"2025-06-27T18:15:09","guid":{"rendered":"https:\/\/www.europesays.com\/fr\/208949\/"},"modified":"2025-06-27T18:15:09","modified_gmt":"2025-06-27T18:15:09","slug":"trump-repond-a-khamenei-et-dit-quil-bombardera-liran-si-de-luranium-continuait-a-etre-enrichi","status":"publish","type":"post","link":"https:\/\/www.europesays.com\/fr\/208949\/","title":{"rendered":"Trump r\u00e9pond \u00e0 Khamenei et dit qu\u2019il bombardera l\u2019Iran si de l\u2019uranium continuait \u00e0 \u00eatre enrichi"},"content":{"rendered":"<p>Selon les renseignements militaires am\u00e9ricains, les bombardements n\u2019ont probablement retard\u00e9 que de quelques mois le programme nucl\u00e9aire iranien, sans l\u2019\u00e9liminer.<\/p>\n<p class=\"fig-paragraph\">Donald Trump a assur\u00e9 vendredi qu\u2019il d\u00e9ciderait de bombarder \u00e0 nouveau l\u2019Iran \u00absans aucun doute\u00bb si T\u00e9h\u00e9ran poursuivait son\u00a0<a href=\"http:\/\/www.lefigaro.fr\/international\/le-rapport-preliminaire-sur-les-destructions-en-iran-qui-contredit-donald-trump-20250625\" data-fig-type=\"Article\" data-gtm-custom-categorie=\"navigation\" data-gtm-custom-action=\"crossclick\" data-gtm-custom-label=\"Contextuel\" data-gtm-event=\"customEventSPE\" data-fig-domain=\"LEFIGARO\" target=\"_blank\" rel=\"noopener\">programme nucl\u00e9aire<\/a>\u00a0d\u2019enrichissement d\u2019uranium. Le pr\u00e9sident am\u00e9ricain r\u00e9pondait lors d\u2019une conf\u00e9rence de presse \u00e0 la question de savoir s\u2019il envisagerait de nouveaux bombardements au cas o\u00f9 le renseignement am\u00e9ricain arrivait \u00e0 la conclusion que l\u2019Iran pouvait enrichir de l\u2019uranium \u00e0 des niveaux pr\u00e9occupants.<\/p>\n<p class=\"fig-paragraph\">\u00abVous vous \u00eates pris une racl\u00e9e\u00bb, a \u00e9galement lanc\u00e9 le pr\u00e9sident am\u00e9ricain au guide supr\u00eame iranien, l\u2019ayatollah Khamenei, qui a fait \u00e9tat d\u2019une victoire dans la guerre de douze jours contre Isra\u00ebl. \u00ab\u00c9coutez, vous \u00eates un homme de grande foi, un homme qui est tr\u00e8s respect\u00e9 dans ce pays. Vous devez dire la v\u00e9rit\u00e9\u00a0: vous vous \u00eates pris une racl\u00e9e. Et Isra\u00ebl s\u2019est fait d\u00e9molir aussi, ils se sont tous les deux fait d\u00e9molir\u00bb, a d\u00e9clar\u00e9 le pr\u00e9sident am\u00e9ricain. \u00abC\u2019\u00e9tait le bon moment de mettre fin\u00bb \u00e0 la guerre, a-t-il ajout\u00e9 \u00e0 propos du cessez-le-feu entr\u00e9 en vigueur mercredi entre Isra\u00ebl et l\u2019Iran.<\/p>\n<p>Isra\u00ebl salue une \u00abvictoire historique\u00bb<\/p>\n<p class=\"fig-paragraph\">Le monde \u00aba l\u2019obligation\u00bb d\u2019emp\u00eacher l\u2019Iran de se doter de la bombe atomique, a quant \u00e0 lui d\u00e9clar\u00e9 le ministre isra\u00e9lien des Affaires \u00e9trang\u00e8res trois jours apr\u00e8s qu\u2019Isra\u00ebl a proclam\u00e9 une \u00abvictoire historique\u00bb sur l\u2019Iran et \u00aban\u00e9anti son projet nucl\u00e9aire\u00bb au cours de\u00a0<a href=\"http:\/\/www.lefigaro.fr\/international\/israel-iran-guerre-attaques-mariage-rouge-operation-narnia-20250627\" data-fig-type=\"NewsFlash\" data-gtm-custom-categorie=\"navigation\" data-gtm-custom-action=\"crossclick\" data-gtm-custom-label=\"Contextuel\" data-gtm-event=\"customEventSPE\" data-fig-domain=\"LEFIGARO\" target=\"_blank\" rel=\"noopener\">sa courte guerre\u00a0<\/a>contre la R\u00e9publique islamique.<\/p>\n<p class=\"fig-paragraph\">\u00abIsra\u00ebl a agi au dernier moment possible face \u00e0 une menace imminente contre lui, la r\u00e9gion et la communaut\u00e9 internationale. L\u2019Iran continue d\u2019appeler et d\u2019agir pour l\u2019\u00e9limination d\u2019Isra\u00ebl. La communaut\u00e9 internationale a d\u00e9sormais l\u2019obligation d\u2019emp\u00eacher, par tous les moyens appropri\u00e9s, le r\u00e9gime le plus extr\u00eame du monde d\u2019obtenir l\u2019arme la plus dangereuse\u00bb, \u00e9crit Gideon Saar sur le r\u00e9seau social X.<\/p>\n","protected":false},"excerpt":{"rendered":"Selon les renseignements militaires am\u00e9ricains, les bombardements n\u2019ont probablement retard\u00e9 que de quelques mois le programme nucl\u00e9aire iranien,&hellip;\n","protected":false},"author":2,"featured_media":208950,"comment_status":"","ping_status":"","sticky":false,"template":"","format":"standard","meta":{"footnotes":""},"categories":[2],"tags":[259,11,260,75,1011,27,14,3019,261,12,262,34800],"class_list":{"0":"post-208949","1":"post","2":"type-post","3":"status-publish","4":"format-standard","5":"has-post-thumbnail","7":"category-actualites","8":"tag-actualite-internationale","9":"tag-actualites","10":"tag-affaires-etrangeres","11":"tag-donald-trump","12":"tag-fr","13":"tag-france","14":"tag-international","15":"tag-iran","16":"tag-ministere-des-affaires-etrangeres","17":"tag-news","18":"tag-politique-etrangere","19":"tag-uranium"},"share_on_mastodon":{"url":"https:\/\/pubeurope.com\/@fr\/114756696380706571","error":""},"_links":{"self":[{"href":"https:\/\/www.europesays.com\/fr\/wp-json\/wp\/v2\/posts\/208949","targetHints":{"allow":["GET"]}}],"collection":[{"href":"https:\/\/www.europesays.com\/fr\/wp-json\/wp\/v2\/posts"}],"about":[{"href":"https:\/\/www.europesays.com\/fr\/wp-json\/wp\/v2\/types\/post"}],"author":[{"embeddable":true,"href":"https:\/\/www.europesays.com\/fr\/wp-json\/wp\/v2\/users\/2"}],"replies":[{"embeddable":true,"href":"https:\/\/www.europesays.com\/fr\/wp-json\/wp\/v2\/comments?post=208949"}],"version-history":[{"count":0,"href":"https:\/\/www.europesays.com\/fr\/wp-json\/wp\/v2\/posts\/208949\/revisions"}],"wp:featuredmedia":[{"embeddable":true,"href":"https:\/\/www.europesays.com\/fr\/wp-json\/wp\/v2\/media\/208950"}],"wp:attachment":[{"href":"https:\/\/www.europesays.com\/fr\/wp-json\/wp\/v2\/media?parent=208949"}],"wp:term":[{"taxonomy":"category","embeddable":true,"href":"https:\/\/www.europesays.com\/fr\/wp-json\/wp\/v2\/categories?post=208949"},{"taxonomy":"post_tag","embeddable":true,"href":"https:\/\/www.europesays.com\/fr\/wp-json\/wp\/v2\/tags?post=208949"}],"curies":[{"name":"wp","href":"https:\/\/api.w.org\/{rel}","templated":true}]}}