{"id":208955,"date":"2025-06-27T18:18:15","date_gmt":"2025-06-27T18:18:15","guid":{"rendered":"https:\/\/www.europesays.com\/fr\/208955\/"},"modified":"2025-06-27T18:18:15","modified_gmt":"2025-06-27T18:18:15","slug":"les-auteurs-interpelles-et-deferes","status":"publish","type":"post","link":"https:\/\/www.europesays.com\/fr\/208955\/","title":{"rendered":"les auteurs interpell\u00e9s et d\u00e9f\u00e9r\u00e9s"},"content":{"rendered":"<p>Les vols \u00e0 la roulotte. La formulation para\u00eet anodine mais, pour les victimes, elle est souvent synonyme de tracas en s\u00e9rie. Papiers d\u2019identit\u00e9 et cartes bancaires \u00e0 refaire, d\u00e9g\u00e2ts \u00e0 r\u00e9parer et autres d\u00e9clarations \u00e0 faire provoquent des n\u0153uds au cerveau.<\/p>\n<p>Deux auteurs de tels m\u00e9faits ont \u00e9t\u00e9 interpell\u00e9s jeudi. Le premier l\u2019a \u00e9t\u00e9 en fin de matin\u00e9e alors qu\u2019il venait de d\u00e9rober, rue Hermite \u00e0 Nancy, un portefeuille dans une voiture en stationnement apr\u00e8s avoir bris\u00e9 une vitre \u00e0 l\u2019aide d\u2019un caillou.<\/p>\n<p>  Cam\u00e9ra exploit\u00e9e<\/p>\n<p>Dans la foul\u00e9e, il tente de faire un achat dans un bar-tabac\u2026 Sauf que la banque en informe la victime qui d\u00e9couvre alors son v\u00e9hicule fractur\u00e9. Alert\u00e9e, la police exploite les images de la cam\u00e9ra de surveillance de l\u2019\u00e9tablissement et identifie l\u2019auteur des faits qui sera interpell\u00e9 dans le secteur de la gare.<\/p>\n<p>Connu pour de multiples faits d\u00e9lictuels, \u00e2g\u00e9 de 35 ans, il r\u00e9side au centre de semi-libert\u00e9 de Max\u00e9ville\u2026 Commune sur laquelle est implant\u00e9 le centre p\u00e9nitentiaire qu\u2019il pourrait rejoindre \u00e0 l\u2019issue de son passage en comparution imm\u00e9diate.<\/p>\n<p>  Multir\u00e9cidiviste<\/p>\n<p>\u00c9tablissement que l\u2019auteur d\u2019autres vols \u00e0 la roulotte semble conna\u00eetre. Cet habitant de Laneuveville-devant-Nancy s\u2019est fait pincer, lui aussi, jeudi en fin d\u2019apr\u00e8s-midi. Il est 16\u00a0h\u00a030, rue du Faubourg des Trois Maison \u00e0 Nancy, lorsqu\u2019il fait voler en \u00e9clat la vitre d\u2019une voiture, \u00e0 l\u2019aide d\u2019une pierre, pour y d\u00e9rober une paire de lunettes\u2026 Tout en \u00e9tant rep\u00e9r\u00e9 par le propri\u00e9taire.<\/p>\n<p>Rapidement interpell\u00e9, l\u2019homme, \u00e2g\u00e9 de 44 ans, est conduit \u00e0 l\u2019h\u00f4tel de police du boulevard Lobau o\u00f9 il a visiblement ses habitudes. En effet, plusieurs services attendaient son interpellation. Un pour un vol et usage d\u2019une carte bancaire commis sur sa commune de r\u00e9sidence en avril dernier\u2026 Un autre pour un vol commis \u00e0 Saint-Max en 2022.<\/p>\n<p>Pour l\u2019ensemble de son \u0153uvre, qu\u2019il reconna\u00eet difficilement, le quadrag\u00e9naire pourrait compara\u00eetre, lundi, devant le tribunal correctionnel de Nancy dans le cadre d\u2019une comparution imm\u00e9diate.<\/p>\n","protected":false},"excerpt":{"rendered":"Les vols \u00e0 la roulotte. La formulation para\u00eet anodine mais, pour les victimes, elle est souvent synonyme de&hellip;\n","protected":false},"author":2,"featured_media":208956,"comment_status":"","ping_status":"","sticky":false,"template":"","format":"standard","meta":{"footnotes":""},"categories":[9635],"tags":[1111,11,271,272,1704,1777,674,274,1011,27,775,3457,1702,1703,12,25],"class_list":{"0":"post-208955","1":"post","2":"type-post","3":"status-publish","4":"format-standard","5":"has-post-thumbnail","7":"category-nancy","8":"tag-actu","9":"tag-actualites","10":"tag-crime","11":"tag-delit-et-contravention","12":"tag-edition-nancy-et-agglomeration","13":"tag-eu","14":"tag-europe","15":"tag-faits-divers-justice","16":"tag-fr","17":"tag-france","18":"tag-grand-est","19":"tag-meurthe-et-moselle","20":"tag-nancy","21":"tag-nancy-ville-54b","22":"tag-news","23":"tag-republique-francaise"},"share_on_mastodon":{"url":"https:\/\/pubeurope.com\/@fr\/114756708256177619","error":""},"_links":{"self":[{"href":"https:\/\/www.europesays.com\/fr\/wp-json\/wp\/v2\/posts\/208955","targetHints":{"allow":["GET"]}}],"collection":[{"href":"https:\/\/www.europesays.com\/fr\/wp-json\/wp\/v2\/posts"}],"about":[{"href":"https:\/\/www.europesays.com\/fr\/wp-json\/wp\/v2\/types\/post"}],"author":[{"embeddable":true,"href":"https:\/\/www.europesays.com\/fr\/wp-json\/wp\/v2\/users\/2"}],"replies":[{"embeddable":true,"href":"https:\/\/www.europesays.com\/fr\/wp-json\/wp\/v2\/comments?post=208955"}],"version-history":[{"count":0,"href":"https:\/\/www.europesays.com\/fr\/wp-json\/wp\/v2\/posts\/208955\/revisions"}],"wp:featuredmedia":[{"embeddable":true,"href":"https:\/\/www.europesays.com\/fr\/wp-json\/wp\/v2\/media\/208956"}],"wp:attachment":[{"href":"https:\/\/www.europesays.com\/fr\/wp-json\/wp\/v2\/media?parent=208955"}],"wp:term":[{"taxonomy":"category","embeddable":true,"href":"https:\/\/www.europesays.com\/fr\/wp-json\/wp\/v2\/categories?post=208955"},{"taxonomy":"post_tag","embeddable":true,"href":"https:\/\/www.europesays.com\/fr\/wp-json\/wp\/v2\/tags?post=208955"}],"curies":[{"name":"wp","href":"https:\/\/api.w.org\/{rel}","templated":true}]}}