{"id":208957,"date":"2025-06-27T18:19:16","date_gmt":"2025-06-27T18:19:16","guid":{"rendered":"https:\/\/www.europesays.com\/fr\/208957\/"},"modified":"2025-06-27T18:19:16","modified_gmt":"2025-06-27T18:19:16","slug":"mercato-regional-lancien-joueur-de-las-nancy-lorraine-julien-cetout-rechausse-les-crampons-a-pagny","status":"publish","type":"post","link":"https:\/\/www.europesays.com\/fr\/208957\/","title":{"rendered":"Mercato r\u00e9gional. L\u2019ancien joueur de l\u2019AS Nancy Lorraine Julien C\u00e9tout rechausse les crampons \u00e0 Pagny\u00a0!"},"content":{"rendered":"<p>C\u2019est certainement le coup le plus retentissant du Mercato r\u00e9gional, jusque-l\u00e0. Le coup le plus inattendu, \u00e9galement. Un ancien footballeur pro de l\u2019ASNL va rechausser les crampons en R\u00e9gional 1, sous les couleurs de Pagny-sur-Moselle. Et il s\u2019agit d\u2019un joueur qui a marqu\u00e9 les esprits des supporters nanc\u00e9iens, en \u00e9tant l\u2019un des protagonistes les plus importants de la derni\u00e8re mont\u00e9e en Ligue 1, en 2015-2016. On parle, ici, de <a href=\"https:\/\/www.estrepublicain.fr\/sport\/2016\/09\/14\/asnl-julien-cetout-sait-tout-faire\" target=\"_blank\" rel=\"noopener\">Julien C\u00e9tout<\/a> , auteur de 6 buts et 4 passes d\u00e9cisives la saison du titre de champion de L2 en \u00e9voluant au poste de lat\u00e9ral droit.<\/p>\n<p>  Une derni\u00e8re aventure au Luxembourg<\/p>\n<p>\u00c9galement pass\u00e9 par Saint-Etienne, par Tours, <a href=\"https:\/\/www.estrepublicain.fr\/sport-lorrain\/2018\/07\/19\/asnl-des-nouvelles-de-julien-cetout-en-israel\" target=\"_blank\" rel=\"noopener\">par Isra\u00ebl (Hapo\u00ebl Beer-Sheva)<\/a> et par B\u00e9ziers, Julien C\u00e9tout est aujourd\u2019hui \u00e2g\u00e9 de 37 ans, il n\u2019a plus jou\u00e9 depuis plusieurs mois, il s\u2019est reconverti dans le staff de l\u2019US Mondorf, au Luxembourg, o\u00f9 il pensait avoir termin\u00e9 son parcours de footballeur.<\/p>\n<p>Mais l\u2019ex-capitaine de l\u2019ASNL, domicili\u00e9 dans la banlieue nanc\u00e9ienne, s\u2019est laiss\u00e9 convaincre par le directeur sportif de Pagny, Kamal Hafidi, de retrouver le chemin des terrains, en R1.<\/p>\n<p>Julien C\u00e9tout vient, chez les Jaunes et Noirs, pour apporter toute son exp\u00e9rience. Le groupe pagnotin va d\u00e9couvrir un gar\u00e7on attachant, \u00e0 la bonne humeur contagieuse, capable de bien encadrer et de bien guider les plus jeunes.<\/p>\n<p>  De quoi \u00eatre ambitieux la saison prochaine<\/p>\n<p>Cela donne encore plus d\u2019allure \u00e0 l\u2019effectif qui s\u2019est construit \u00e0 Pagny depuis le d\u00e9but de ce mercato. <a href=\"https:\/\/www.estrepublicain.fr\/sport\/2025\/05\/02\/pagny-en-passe-de-reussir-son-operation-maintien-sous-l-impulsion-du-directeur-sportif-kamal-hafidi\" target=\"_blank\" rel=\"noopener\">Avec Kamal Hafidi aux manettes<\/a> , les recrues de qualit\u00e9 s\u2019encha\u00eenent pour <a href=\"https:\/\/www.estrepublicain.fr\/sport\/2025\/06\/06\/pagny-tient-son-nouveau-coach-et-c-est-un-ancien-pro-de-strasbourg\" target=\"_blank\" rel=\"noopener\"> le nouveau coach Farez Brahmia<\/a> , un ancien pro du RC Strasbourg. Apr\u00e8s une belle \u00ab\u00a0remontada\u00a0\u00bb qui lui a permis de se maintenir en R1, le club du pr\u00e9sident Fred Boschian devrait avoir les moyens de viser les premiers r\u00f4les, la saison prochaine.<\/p>\n","protected":false},"excerpt":{"rendered":"C\u2019est certainement le coup le plus retentissant du Mercato r\u00e9gional, jusque-l\u00e0. Le coup le plus inattendu, \u00e9galement. Un&hellip;\n","protected":false},"author":2,"featured_media":208958,"comment_status":"","ping_status":"","sticky":false,"template":"","format":"standard","meta":{"footnotes":""},"categories":[9635],"tags":[1111,11,3703,1704,1777,674,63,1011,27,775,1702,1703,12,25,517,1700],"class_list":{"0":"post-208957","1":"post","2":"type-post","3":"status-publish","4":"format-standard","5":"has-post-thumbnail","7":"category-nancy","8":"tag-actu","9":"tag-actualites","10":"tag-asnl","11":"tag-edition-nancy-et-agglomeration","12":"tag-eu","13":"tag-europe","14":"tag-football","15":"tag-fr","16":"tag-france","17":"tag-grand-est","18":"tag-nancy","19":"tag-nancy-ville-54b","20":"tag-news","21":"tag-republique-francaise","22":"tag-sport","23":"tag-sport-lorrain"},"share_on_mastodon":{"url":"https:\/\/pubeurope.com\/@fr\/114756712070781171","error":""},"_links":{"self":[{"href":"https:\/\/www.europesays.com\/fr\/wp-json\/wp\/v2\/posts\/208957","targetHints":{"allow":["GET"]}}],"collection":[{"href":"https:\/\/www.europesays.com\/fr\/wp-json\/wp\/v2\/posts"}],"about":[{"href":"https:\/\/www.europesays.com\/fr\/wp-json\/wp\/v2\/types\/post"}],"author":[{"embeddable":true,"href":"https:\/\/www.europesays.com\/fr\/wp-json\/wp\/v2\/users\/2"}],"replies":[{"embeddable":true,"href":"https:\/\/www.europesays.com\/fr\/wp-json\/wp\/v2\/comments?post=208957"}],"version-history":[{"count":0,"href":"https:\/\/www.europesays.com\/fr\/wp-json\/wp\/v2\/posts\/208957\/revisions"}],"wp:featuredmedia":[{"embeddable":true,"href":"https:\/\/www.europesays.com\/fr\/wp-json\/wp\/v2\/media\/208958"}],"wp:attachment":[{"href":"https:\/\/www.europesays.com\/fr\/wp-json\/wp\/v2\/media?parent=208957"}],"wp:term":[{"taxonomy":"category","embeddable":true,"href":"https:\/\/www.europesays.com\/fr\/wp-json\/wp\/v2\/categories?post=208957"},{"taxonomy":"post_tag","embeddable":true,"href":"https:\/\/www.europesays.com\/fr\/wp-json\/wp\/v2\/tags?post=208957"}],"curies":[{"name":"wp","href":"https:\/\/api.w.org\/{rel}","templated":true}]}}