{"id":208969,"date":"2025-06-27T18:25:16","date_gmt":"2025-06-27T18:25:16","guid":{"rendered":"https:\/\/www.europesays.com\/fr\/208969\/"},"modified":"2025-06-27T18:25:16","modified_gmt":"2025-06-27T18:25:16","slug":"voici-quand-il-fera-le-plus-chaud","status":"publish","type":"post","link":"https:\/\/www.europesays.com\/fr\/208969\/","title":{"rendered":"voici quand il fera le plus chaud"},"content":{"rendered":"<p>            Par<br \/>\n        <strong><br \/>\n            <a href=\"https:\/\/actu.fr\/auteur\/adrien-filoche\" title=\"Consulter tous les articles de Adrien Filoche\" rel=\"nofollow noopener\" target=\"_blank\">Adrien Filoche<\/a><br \/>\n        <\/strong><\/p>\n<p>        Publi\u00e9 le<\/p>\n<p>            27 juin 2025 \u00e0 17h52        <\/p>\n<p><strong>Attendez-vous \u00e0 avoir chaud\u2009!<\/strong> Apr\u00e8s une baisse (l\u00e9g\u00e8re) des temp\u00e9ratures suite <a href=\"https:\/\/actu.fr\/normandie\/rouen_76540\/rues-inondees-et-pluie-de-grelons-la-tempete-s-est-abattue-sur-rouen-les-images-du-phenomene_62826700.html\" rel=\"nofollow noopener\" target=\"_blank\">au violent orage du 25\u00a0juin 2025<\/a>, le thermom\u00e8tre va fortement remonter d\u00e8s la semaine prochaine, notamment entre le 30\u00a0juin et le 1er\u00a0juillet. \u00c0 <a href=\"https:\/\/actu.fr\/normandie\/rouen_76540\" rel=\"nofollow noopener\" target=\"_blank\">Rouen (Seine-Maritime)<\/a>, il pourrait faire <strong>37 degr\u00e9s au maximum<\/strong> si l\u2019on en croit les pr\u00e9visions de <a href=\"https:\/\/actu.fr\/tag\/meteo-france\" rel=\"nofollow noopener\" target=\"_blank\">M\u00e9t\u00e9o France.<\/a><\/p>\n<p>\u00ab\u2009Des temp\u00e9ratures exceptionnelles\u2009\u00bb<\/p>\n<p class=\" wall-content\">Selon les pr\u00e9visions de la semaine, il faudra en effet s\u2019attendre \u00e0 <strong>une chaleur \u00e9touffante<\/strong> \u00e0 <strong>Rouen<\/strong>. Et cela commencera m\u00eame d\u00e8s le dimanche 29\u00a0juin. Les pr\u00e9visionnistes indiquent pour cette journ\u00e9e une moyenne de 30 degr\u00e9s dans l\u2019apr\u00e8s-midi, dont un pic \u00e0 33\u00b0C.<\/p>\n<p class=\" wall-content\">\n<p class=\" wall-content\">Le mercure risque de monter encore pour le lundi 30\u00a0juin. D\u00e8s la matin\u00e9e, le thermom\u00e8tre affichera une temp\u00e9rature exceptionnelle moyenne de 28 degr\u00e9s. Apr\u00e8s l\u2019heure du d\u00e9jeuner, on peut s\u2019attendre \u00e0 33\/34 degr\u00e9s, avec un maximum de 36 degr\u00e9s.<\/p>\n<p class=\" wall-content\">Selon <strong>Isabelle Laurent<\/strong>, pr\u00e9visionniste \u00e0 M\u00e9t\u00e9o France, \u00ab\u2009les temp\u00e9ratures seront exceptionnelles pour la saison. La barre des 34 degr\u00e9s n\u2019a \u00e9t\u00e9 d\u00e9pass\u00e9e que 36\u00a0fois depuis le d\u00e9but des mesures\u2009\u00bb, indique-t-elle.<\/p>\n<p class=\" wall-content\">\u00ab\u2009La nuit sera, elle aussi, chaude, les temp\u00e9ratures ne baisseront pas. Il n\u2019y aura pas de vent\u2009\u00bb, pr\u00e9vient par ailleurs la sp\u00e9cialiste.<\/p>\n<p>Vers des records de temp\u00e9ratures\u2009?<\/p>\n<p class=\" wall-content\">Mais le pire, c\u2019est qu\u2019il fera encore plus chaud le <strong>mardi 1er\u00a0juillet,<\/strong> la journ\u00e9e la plus chaude de la semaine. Le mercure va largement d\u00e9passer la barre des 30\u00a0\u00b0C et pourrait toucher les <strong>37 degr\u00e9s.<\/strong><\/p>\n<p>Vid\u00e9os : en ce moment sur Actu<\/p>\n<p class=\" wall-content\">Si l\u2019on se fie aux pr\u00e9visions, on pourrait talonner les temp\u00e9ratures records. En effet, selon site <a href=\"https:\/\/www.meteo-rouen.com\/records\/mois\/juin\" rel=\"nofollow noopener\" target=\"_blank\">M\u00e9t\u00e9o-Rouen<\/a>, la temp\u00e9rature la plus haute enregistr\u00e9e pour un 30\u00a0juin \u00e9tait de 34,9 degr\u00e9s en 1957. Et pour un 1er\u00a0juillet, le mercure avait grimp\u00e9 jusqu\u2019\u00e0 37,9 degr\u00e9s, c\u2019\u00e9tait en 2015.<\/p>\n<p class=\" wall-content\">D\u00e8s le mercredi et jeudi suivants, on devrait retrouver une m\u00e9t\u00e9o plus respirable \u00e0 Rouen, sous la barre des 30 degr\u00e9s. La pluie risque \u00e9galement de faire son retour.<\/p>\n<p>Suivez l\u2019actualit\u00e9 de Rouen sur <a href=\"https:\/\/www.whatsapp.com\/channel\/0029VaKfnf99hXF2ddApFB1D\" rel=\"nofollow noopener\" target=\"_blank\">notre cha\u00eene WhatsApp<\/a> et sur <a href=\"https:\/\/www.tiktok.com\/@76actu.fr?lang=fr\" rel=\"nofollow noopener\" target=\"_blank\">notre compte TikTok<\/a><\/p>\n<p class=\" wall-content\">Suivez toute l\u2019actualit\u00e9 de vos villes et m\u00e9dias favoris en vous inscrivant \u00e0 <a href=\"https:\/\/moncompte.actu.fr\" title=\"D\u00e9couvez Mon Actu\" rel=\"nofollow noopener\" data-trk=\"{&quot;cta&quot;:{&quot;action&quot;:&quot;https:\\\/\\\/moncompte.actu.fr&quot;,&quot;category&quot;:&quot;mon compte&quot;,&quot;from&quot;:&quot;article footer&quot;,&quot;name&quot;:&quot;Mon actu&quot;,&quot;type&quot;:&quot;cta&quot;}}\" target=\"_blank\">Mon Actu<\/a>.<\/p>\n<p>                    <script async src=\"\/\/www.tiktok.com\/embed.js\"><\/script><\/p>\n","protected":false},"excerpt":{"rendered":"Par Adrien Filoche Publi\u00e9 le 27 juin 2025 \u00e0 17h52 Attendez-vous \u00e0 avoir chaud\u2009! Apr\u00e8s une baisse (l\u00e9g\u00e8re)&hellip;\n","protected":false},"author":2,"featured_media":54181,"comment_status":"","ping_status":"","sticky":false,"template":"","format":"standard","meta":{"footnotes":""},"categories":[9587],"tags":[1111,11,1777,674,1011,27,2487,2357,12,5161,4594,25,9590,15637],"class_list":{"0":"post-208969","1":"post","2":"type-post","3":"status-publish","4":"format-standard","5":"has-post-thumbnail","7":"category-rouen","8":"tag-actu","9":"tag-actualites","10":"tag-eu","11":"tag-europe","12":"tag-fr","13":"tag-france","14":"tag-meteo","15":"tag-meteo-france","16":"tag-news","17":"tag-normandie","18":"tag-orages","19":"tag-republique-francaise","20":"tag-rouen","21":"tag-vague-de-chaleur"},"share_on_mastodon":{"url":"https:\/\/pubeurope.com\/@fr\/114756735714462201","error":""},"_links":{"self":[{"href":"https:\/\/www.europesays.com\/fr\/wp-json\/wp\/v2\/posts\/208969","targetHints":{"allow":["GET"]}}],"collection":[{"href":"https:\/\/www.europesays.com\/fr\/wp-json\/wp\/v2\/posts"}],"about":[{"href":"https:\/\/www.europesays.com\/fr\/wp-json\/wp\/v2\/types\/post"}],"author":[{"embeddable":true,"href":"https:\/\/www.europesays.com\/fr\/wp-json\/wp\/v2\/users\/2"}],"replies":[{"embeddable":true,"href":"https:\/\/www.europesays.com\/fr\/wp-json\/wp\/v2\/comments?post=208969"}],"version-history":[{"count":0,"href":"https:\/\/www.europesays.com\/fr\/wp-json\/wp\/v2\/posts\/208969\/revisions"}],"wp:featuredmedia":[{"embeddable":true,"href":"https:\/\/www.europesays.com\/fr\/wp-json\/wp\/v2\/media\/54181"}],"wp:attachment":[{"href":"https:\/\/www.europesays.com\/fr\/wp-json\/wp\/v2\/media?parent=208969"}],"wp:term":[{"taxonomy":"category","embeddable":true,"href":"https:\/\/www.europesays.com\/fr\/wp-json\/wp\/v2\/categories?post=208969"},{"taxonomy":"post_tag","embeddable":true,"href":"https:\/\/www.europesays.com\/fr\/wp-json\/wp\/v2\/tags?post=208969"}],"curies":[{"name":"wp","href":"https:\/\/api.w.org\/{rel}","templated":true}]}}