{"id":208974,"date":"2025-06-27T18:28:16","date_gmt":"2025-06-27T18:28:16","guid":{"rendered":"https:\/\/www.europesays.com\/fr\/208974\/"},"modified":"2025-06-27T18:28:16","modified_gmt":"2025-06-27T18:28:16","slug":"30-me-investis-7-000-m%c2%b2-60-chercheurs-bioprojet-construit-un-nouveau-centre-de-recherche-pres-de-rennes","status":"publish","type":"post","link":"https:\/\/www.europesays.com\/fr\/208974\/","title":{"rendered":"30\u00a0M\u20ac investis, 7\u00a0000\u00a0m\u00b2, 60 chercheurs\u00a0: Bioprojet construit un nouveau centre de recherche pr\u00e8s de Rennes"},"content":{"rendered":"<p>Pour l\u2019instant, ce n\u2019est qu\u2019un vaste chantier \u00e0 proximit\u00e9 de la quatre-voies, coll\u00e9 <a href=\"https:\/\/www.letelegramme.fr\/economie\/entreprise\/bpo-500-salaries-dans-un-nouveau-siege-a-rennes-4667.php\" target=\"_blank\" rel=\"noopener\">au si\u00e8ge de la Banque populaire Grand Ouest (BPGO),<\/a> \u00e0 Saint-Gr\u00e9goire (35), pr\u00e8s de Rennes. Dans un an et demi, il laissera place \u00e0 un centre de recherche flambant neuf, o\u00f9, sur 7 000 m\u00b2, des chercheurs en blouse blanche identifieront et testeront ce qui deviendra, peut-\u00eatre, de nouveaux m\u00e9dicaments. Ces chercheurs, ce seront ceux du groupe pharmaceutique Bioprojet, notamment connu pour son antidiarrh\u00e9ique Tiorfan et son traitement de la narcolepsie Wakix.<\/p>\n<p>Install\u00e9e \u00e0 moins de 2 km de l\u00e0 depuis le rachat, en 2001, du site GlaxoSmithKline (GSK), l\u2019entreprise, dont le si\u00e8ge est \u00e0 Paris, cherchait \u00e0 d\u00e9m\u00e9nager ses \u00e9quipes de recherche depuis plusieurs ann\u00e9es. \u00ab Nos locaux ont plus de 60 ans. Nous avions besoin de quelque chose de plus moderne, r\u00e9pondant aux meilleures normes environnementales, de s\u00e9curit\u00e9 et de qualit\u00e9 \u00bb, explique Olivier Finance, le directeur scientifique. \u00ab Nous voulions aussi pouvoir augmenter nos capacit\u00e9s \u00bb, ajoute cet ancien de Sanofi, interrog\u00e9 ce vendredi 27 juin, \u00e0 l\u2019occasion d\u2019une c\u00e9r\u00e9monie de pose de la premi\u00e8re pierre. La PME emploie aujourd\u2019hui \u00ab une soixantaine de chercheurs \u00bb \u00e0 Saint-Gr\u00e9goire. Avec son nouveau centre de recherche, dont la construction a \u00e9t\u00e9 confi\u00e9e au groupe rennais Lamotte, elle pourra doubler sa surface actuelle et \u00ab accueillir, demain, jusqu\u2019\u00e0 100 personnes \u00bb.<\/p>\n<p><img decoding=\"async\" src=\"https:\/\/www.europesays.com\/fr\/wp-content\/uploads\/2025\/06\/685ea3d70b103c455b0b07b5.1.jpeg\" width=\"480\" height=\"300\" class=\"web_golden_m\" loading=\"lazy\" alt=\"Le chantier du nouveau site Bioprojet a d\u00e9but\u00e9 en f\u00e9vrier.\"\/>Le chantier du nouveau site Bioprojet a d\u00e9but\u00e9 en f\u00e9vrier. (Photo Le T\u00e9l\u00e9gramme\/Guillaume Bietry)La BPGO, co-investisseuse<\/p>\n<p>Trouver un endroit pour s\u2019implanter n\u2019a pas \u00e9t\u00e9 une mince affaire. \u00ab Notre \u00e9quipe a sillonn\u00e9 la r\u00e9gion. Nous ne trouvions pas \u00e0 Saint-Gr\u00e9goire alors que nous voulions y rester ! \u00bb, se rappelle Jean-Guillaume Lecomte, le pr\u00e9sident de Bioprojet (100 M\u20ac chiffre d\u2019affaires annuel et environ 200 salari\u00e9s). Un terrain est finalement identifi\u00e9 dans la r\u00e9serve fonci\u00e8re de la BPGO, qui finit par s\u2019impliquer financi\u00e8rement. \u00ab Bioprojet est un acteur du territoire. Les soutenir fait partie de notre philosophie, cela contribue \u00e0 conserver les talents et les cerveaux \u00e0 Saint-Gr\u00e9goire \u00bb, justifie-t-on dans l\u2019entourage de Beno\u00eet Catel, le directeur g\u00e9n\u00e9ral de la BPGO. <\/p>\n<p>Sur les 30 M\u20ac d\u2019investissements n\u00e9cessaires, la moiti\u00e9 est ainsi apport\u00e9e par la banque bretonne, qui, en plus de fournir le terrain, finance la construction de la coque du b\u00e2timent et l\u2019am\u00e9nagement de la partie bureaux. Les espaces laboratoires &#8211; biologie, bioanalyse, pharmacologie, chimie &#8211; seront quant \u00e0 eux am\u00e9nag\u00e9s par Bioprojet, qui versera des loyers \u00e0 la BPGO.<\/p>\n<p><img decoding=\"async\" src=\"https:\/\/www.europesays.com\/fr\/wp-content\/uploads\/2025\/06\/685ea3d7234020f9460dd2d0.1.jpeg\" width=\"480\" height=\"300\" class=\"web_golden_m\" loading=\"lazy\" alt=\"Les diff\u00e9rentes parties prenantes au projet ont organis\u00e9 une c\u00e9r\u00e9monie symbolique de pose de la premi\u00e8re pierre, vendredi 27\u00a0juin.\"\/>Les diff\u00e9rentes parties prenantes au projet ont organis\u00e9 une c\u00e9r\u00e9monie symbolique de pose de la premi\u00e8re pierre, vendredi 27\u00a0juin. (Photo Le T\u00e9l\u00e9gramme\/Guillaume Bietry)L\u2019ancien site mis en vente<\/p>\n<p>\u00ab Nous partons sur un bail initial long, de 12 ans, mais qui sera forc\u00e9ment renouvel\u00e9 car notre volont\u00e9 est de rester ici sur le long terme \u00bb, confie Olivier Finance, qui souligne que le centre de Saint-Gr\u00e9goire sera \u00ab l\u2019unique site de recherche \u00bb de Bioprojet. Les \u00e9quipes y m\u00e8neront des \u00e9tudes pr\u00e9cliniques (la phase la plus pr\u00e9coce de la recherche, effectu\u00e9e chez l\u2019animal, afin d\u2019acqu\u00e9rir de premi\u00e8res connaissances) sur de potentiels m\u00e9dicaments contre l\u2019autisme, les troubles du sommeil, la maladie de Parkinson, ou encore les maladies immunologies et inflammatoires.<\/p>\n<p>Selon le calendrier actuel des travaux, qui ont d\u00e9but\u00e9 en f\u00e9vrier, le b\u00e2timent sera livr\u00e9 aux \u00e9quipes de Bioprojet en d\u00e9cembre 2026. Le d\u00e9m\u00e9nagement se fera par phases jusqu\u2019\u00e0 la fin du premier trimestre 2027, selon Olivier Finance. Que deviendra l\u2019ancien site ? Il sera mis en vente et accueillera probablement une autre activit\u00e9 que de la recherche, apr\u00e8s de lourds et n\u00e9cessaires travaux de remise \u00e0 neuf.<\/p>\n","protected":false},"excerpt":{"rendered":"Pour l\u2019instant, ce n\u2019est qu\u2019un vaste chantier \u00e0 proximit\u00e9 de la quatre-voies, coll\u00e9 au si\u00e8ge de la Banque&hellip;\n","protected":false},"author":2,"featured_media":208975,"comment_status":"","ping_status":"","sticky":false,"template":"","format":"standard","meta":{"footnotes":""},"categories":[2821],"tags":[1111,11,829,1777,674,1011,27,848,4555,12,584,25],"class_list":{"0":"post-208974","1":"post","2":"type-post","3":"status-publish","4":"format-standard","5":"has-post-thumbnail","7":"category-rennes","8":"tag-actu","9":"tag-actualites","10":"tag-bretagne","11":"tag-eu","12":"tag-europe","13":"tag-fr","14":"tag-france","15":"tag-ille-et-vilaine","16":"tag-local","17":"tag-news","18":"tag-rennes","19":"tag-republique-francaise"},"share_on_mastodon":{"url":"https:\/\/pubeurope.com\/@fr\/114756748258008587","error":""},"_links":{"self":[{"href":"https:\/\/www.europesays.com\/fr\/wp-json\/wp\/v2\/posts\/208974","targetHints":{"allow":["GET"]}}],"collection":[{"href":"https:\/\/www.europesays.com\/fr\/wp-json\/wp\/v2\/posts"}],"about":[{"href":"https:\/\/www.europesays.com\/fr\/wp-json\/wp\/v2\/types\/post"}],"author":[{"embeddable":true,"href":"https:\/\/www.europesays.com\/fr\/wp-json\/wp\/v2\/users\/2"}],"replies":[{"embeddable":true,"href":"https:\/\/www.europesays.com\/fr\/wp-json\/wp\/v2\/comments?post=208974"}],"version-history":[{"count":0,"href":"https:\/\/www.europesays.com\/fr\/wp-json\/wp\/v2\/posts\/208974\/revisions"}],"wp:featuredmedia":[{"embeddable":true,"href":"https:\/\/www.europesays.com\/fr\/wp-json\/wp\/v2\/media\/208975"}],"wp:attachment":[{"href":"https:\/\/www.europesays.com\/fr\/wp-json\/wp\/v2\/media?parent=208974"}],"wp:term":[{"taxonomy":"category","embeddable":true,"href":"https:\/\/www.europesays.com\/fr\/wp-json\/wp\/v2\/categories?post=208974"},{"taxonomy":"post_tag","embeddable":true,"href":"https:\/\/www.europesays.com\/fr\/wp-json\/wp\/v2\/tags?post=208974"}],"curies":[{"name":"wp","href":"https:\/\/api.w.org\/{rel}","templated":true}]}}