{"id":208986,"date":"2025-06-27T18:34:22","date_gmt":"2025-06-27T18:34:22","guid":{"rendered":"https:\/\/www.europesays.com\/fr\/208986\/"},"modified":"2025-06-27T18:34:22","modified_gmt":"2025-06-27T18:34:22","slug":"des-ajustements-ont-ete-trouves-pour-les-transports-scolaires-dans-le-secteur-de-grandlieu","status":"publish","type":"post","link":"https:\/\/www.europesays.com\/fr\/208986\/","title":{"rendered":"Des ajustements ont \u00e9t\u00e9 trouv\u00e9s pour les transports scolaires dans le secteur de Grandlieu"},"content":{"rendered":"<tr wp_automatic_readability=\"5.8846153846154\">\n<td valign=\"middle\" align=\"center\" class=\"col-logo\" wp_automatic_readability=\"5\">\n    <img decoding=\"async\" src=\"https:\/\/maville.com\/design\/images\/logo-of-monetise.svg?version=20130627\" alt=\"logo Ouest-France\" height=\"66\"\/><\/p>\n<p>Contenu r\u00e9serv\u00e9 aux abonn\u00e9s<\/p>\n<\/td>\n<td class=\"col-titre\">\n\t\t\tVendredi 27 juin 2025 17:52<br \/>\n\t\t\t<a class=\"icon-bulle sizeL count\" href=\"#ancreAvis\"><br \/>\n\t&#8230;<br \/>\n<\/a><\/td>\n<\/tr>\n<p>\t\t<a class=\"mavillebox2 elmt-photo\" href=\"https:\/\/maville.com\/photosmvi\/2025\/06\/27\/P35318571D6874868G.jpg\" title=\" Les autocars de la R\u00e9gion transportent 145\u00a0000\u00a0\u00e9l\u00e8ves sur pr\u00e8s de 3\u00a0400\u00a0circuits scolaires. Certains circuits sont r\u00e9organis\u00e9s, \u00ab\u00a0afin de prendre en compte les fr\u00e9quentations et ma\u00eetriser les co\u00fbts\u00a0\u00bb, a expliqu\u00e9 la R\u00e9gion aux parents de Grandlieu m\u00e9contents.  \u00a9  Ouest-France  &lt;!--TAG-BLC credit--&gt;\" rel=\"galerie_actu noopener\" target=\"_blank\"><br \/>\n\t<img decoding=\"async\" src=\"https:\/\/www.europesays.com\/fr\/wp-content\/uploads\/2025\/06\/P35318571D6874868G_crop_640-330_.jpg\" alt=\"photo  les autocars de la r\u00e9gion transportent 145\u00a0000\u00a0\u00e9l\u00e8ves sur pr\u00e8s de 3\u00a0400\u00a0circuits scolaires. certains circuits sont r\u00e9organis\u00e9s, \u00ab\u00a0afin de prendre en compte les fr\u00e9quentations et ma\u00eetriser les co\u00fbts\u00a0\u00bb, a expliqu\u00e9 la r\u00e9gion aux parents de grandlieu m\u00e9contents.  \u00a9  ouest-france \"\/><br \/>\n\t1<br \/>\n<\/a><\/p>\n<p class=\"elmt-legende\"> Les autocars de la R\u00e9gion transportent 145\u00a0000\u00a0\u00e9l\u00e8ves sur pr\u00e8s de 3\u00a0400\u00a0circuits scolaires. Certains circuits sont r\u00e9organis\u00e9s, \u00ab\u00a0afin de prendre en compte les fr\u00e9quentations et ma\u00eetriser les co\u00fbts\u00a0\u00bb, a expliqu\u00e9 la R\u00e9gion aux parents de Grandlieu m\u00e9contents.  \u00a9  Ouest-France  <\/p>\n<p>\t\tLa r\u00e9organisation par la R\u00e9gion de certains circuits pour les scolaires et certaines lignes de car a suscit\u00e9 de nombreuses r\u00e9actions, notamment avec la suppression de la ligne 314\u00a0allant de Saint-Philbert \u00e0 Rez\u00e9, emprunt\u00e9e par les jeunes Chevrolins et Martipontains. Des solutions ont \u00e9t\u00e9 apport\u00e9es., communique le service r\u00e9gional. Des lyc\u00e9ens emprunteront les cars des coll\u00e9giens.<\/p>\n<p><b>Cet article est r\u00e9serv\u00e9 aux abonn\u00e9s<\/b><\/p>\n<p>Pour un acc\u00e8s imm\u00e9diat, abonnez-vous<\/p>\n<p><b>1\u00e8re semaine offerte<\/b><\/p>\n<p>\t\tOuest-France<\/p>\n<p>Retrouvez d&rsquo;autres actus sur les communes de :<\/p>\n<p>\t\t&#13;<\/p>\n","protected":false},"excerpt":{"rendered":"Contenu r\u00e9serv\u00e9 aux abonn\u00e9s Vendredi 27 juin 2025 17:52 &#8230; 1 Les autocars de la R\u00e9gion transportent 145\u00a0000\u00a0\u00e9l\u00e8ves&hellip;\n","protected":false},"author":2,"featured_media":208987,"comment_status":"","ping_status":"","sticky":false,"template":"","format":"standard","meta":{"footnotes":""},"categories":[2818],"tags":[1111,11,34801,2883,1777,674,1011,27,34803,766,12,2636,25,18728,12779,800,34802],"class_list":{"0":"post-208986","1":"post","2":"type-post","3":"status-publish","4":"format-standard","5":"has-post-thumbnail","7":"category-nantes","8":"tag-actu","9":"tag-actualites","10":"tag-ajustements","11":"tag-ete","12":"tag-eu","13":"tag-europe","14":"tag-fr","15":"tag-france","16":"tag-grandlieu","17":"tag-nantes","18":"tag-news","19":"tag-pays-de-la-loire","20":"tag-republique-francaise","21":"tag-scolaires","22":"tag-secteur","23":"tag-transports","24":"tag-trouves"},"share_on_mastodon":{"url":"https:\/\/pubeurope.com\/@fr\/114756771230208340","error":""},"_links":{"self":[{"href":"https:\/\/www.europesays.com\/fr\/wp-json\/wp\/v2\/posts\/208986","targetHints":{"allow":["GET"]}}],"collection":[{"href":"https:\/\/www.europesays.com\/fr\/wp-json\/wp\/v2\/posts"}],"about":[{"href":"https:\/\/www.europesays.com\/fr\/wp-json\/wp\/v2\/types\/post"}],"author":[{"embeddable":true,"href":"https:\/\/www.europesays.com\/fr\/wp-json\/wp\/v2\/users\/2"}],"replies":[{"embeddable":true,"href":"https:\/\/www.europesays.com\/fr\/wp-json\/wp\/v2\/comments?post=208986"}],"version-history":[{"count":0,"href":"https:\/\/www.europesays.com\/fr\/wp-json\/wp\/v2\/posts\/208986\/revisions"}],"wp:featuredmedia":[{"embeddable":true,"href":"https:\/\/www.europesays.com\/fr\/wp-json\/wp\/v2\/media\/208987"}],"wp:attachment":[{"href":"https:\/\/www.europesays.com\/fr\/wp-json\/wp\/v2\/media?parent=208986"}],"wp:term":[{"taxonomy":"category","embeddable":true,"href":"https:\/\/www.europesays.com\/fr\/wp-json\/wp\/v2\/categories?post=208986"},{"taxonomy":"post_tag","embeddable":true,"href":"https:\/\/www.europesays.com\/fr\/wp-json\/wp\/v2\/tags?post=208986"}],"curies":[{"name":"wp","href":"https:\/\/api.w.org\/{rel}","templated":true}]}}