{"id":209004,"date":"2025-06-27T18:43:17","date_gmt":"2025-06-27T18:43:17","guid":{"rendered":"https:\/\/www.europesays.com\/fr\/209004\/"},"modified":"2025-06-27T18:43:17","modified_gmt":"2025-06-27T18:43:17","slug":"a-gauche-ils-sont-fantastiques-ils-se-disputent-avant-ils-sont-ensemble-apres","status":"publish","type":"post","link":"https:\/\/www.europesays.com\/fr\/209004\/","title":{"rendered":"\u00c0 gauche, ils sont fantastiques, ils se disputent avant, ils sont ensemble apr\u00e8s"},"content":{"rendered":"<p>Pas question de lever le voile sur sa candidature aux <a href=\"https:\/\/www.laprovence.com\/elections\/municipales\" target=\"_blank\" rel=\"nofollow noopener\">municipales de mars prochain<\/a>. \u00ab\u00a0\u00c0\u00a0chaque jour suffit sa peine\u00a0\u00bb, a simplement lanc\u00e9 Martine Vassal, ce jeudi 26\u00a0juin, sur le plateau de l\u2019\u00e9mission Marseille Politiques, sur BFM Marseille, en partenariat avec La\u00a0Provence.<\/p>\n<p>La pr\u00e9sidente (DVD) de la M\u00e9tropole a refus\u00e9 de dire si elle incarnera le programme de la droite \u00e0 Marseille, et ce, malgr\u00e9 un r\u00e9cent <a href=\"https:\/\/www.laprovence.com\/article\/politique\/1239748472185915\/info-la-provence-sondage-ifop-municipales-2026-a-marseille-martine-vassal-et-benoit-payan-au-coude-a-coude\" target=\"_blank\" rel=\"nofollow noopener\">sondage Ifop qui la donne au coude \u00e0 coude avec le maire sortant (DVG) Beno\u00eet Payan<\/a>, et m\u00eame en t\u00eate dans une des hypoth\u00e8ses test\u00e9es o\u00f9 la gauche serait d\u00e9sunie. \u00ab\u00a0Ce n\u2019est pas une question de personne, c\u2019est une question de projet, et puis, cette candidature ne devra pas \u00eatre d\u00e9cid\u00e9e par moi seule mais bien par l\u2019ensemble des personnes qui m\u2019accompagnent.\u00a0\u00bb<\/p>\n<p>\u00ab\u00a0Les courbes sont en train de s\u2019inverser\u00a0\u00bb<\/p>\n<p>Les r\u00e9sultats de ce sondage ne laissent cependant pas Martine Vassal indiff\u00e9rente. \u00ab\u00a0Les courbes sont en train de s\u2019inverser\u00a0\u00bb, a-t-elle insist\u00e9, mettant en garde les \u00e9lecteurs. \u00ab\u00a0On a bien compris que Beno\u00eet Payan, LFI et les \u00e9colos sont d\u00e9j\u00e0 ensemble, c\u2019est une r\u00e9alit\u00e9. Mais pour quelle vision, \u00e0 part courir apr\u00e8s les postes, je ne vois pas, et moi, \u00e7a ne m\u2019int\u00e9resse pas.\u00a0\u00bb<\/p>\n<p>Pour le moment, le maire de Marseille a fait savoir qu\u2019il ne s\u2019allierait pas avec S\u00e9bastien Delogu (LFI), <a href=\"https:\/\/www.laprovence.com\/article\/politique\/2994041207649515\/le-depute-lfi-sebastien-delogu-nous-ne-serons-pas-derriere-benoit-payan-pour-les-municipales-2026\" target=\"_blank\" rel=\"nofollow noopener\">et inversement d\u2019ailleurs<\/a>. Un sc\u00e9nario auquel Martine Vassal ne croit absolument pas. \u00ab\u00a0Ils sont fantastiques, ils se disputent avant, ils sont ensemble apr\u00e8s. Il l\u2019ont d\u00e9j\u00e0 fait deux fois, et vous verrez, ils le feront cette fois encore.\u00a0\u00bb<\/p>\n<p>La pr\u00e9sidente de la M\u00e9tropole a regrett\u00e9 que la campagne \u00e9lectorale \u00ab\u00a0soit lanc\u00e9e si t\u00f4t, les &lsquo;Y\u2019a qu\u2019\u00e0 faut qu\u2019on&rsquo;, ce n\u2019est pas pour moi, je pr\u00e9f\u00e8re agir, la mairie ne devrait pas mettre de l\u2019huile sur le feu, comme elle l\u2019a fait au moment de la gr\u00e8ve des transports\u00a0\u00bb. Martine Vassal n\u2019est peut-\u00eatre pas candidate, mais elle est bien dans la bataille\u00a0!<\/p>\n","protected":false},"excerpt":{"rendered":"Pas question de lever le voile sur sa candidature aux municipales de mars prochain. \u00ab\u00a0\u00c0\u00a0chaque jour suffit sa&hellip;\n","protected":false},"author":2,"featured_media":209005,"comment_status":"","ping_status":"","sticky":false,"template":"","format":"standard","meta":{"footnotes":""},"categories":[2814],"tags":[17,1111,11,3917,15919,1777,674,1011,27,2383,6085,884,3554,12,882,16,25],"class_list":{"0":"post-209004","1":"post","2":"type-post","3":"status-publish","4":"format-standard","5":"has-post-thumbnail","7":"category-marseille","8":"tag-17","9":"tag-actu","10":"tag-actualites","11":"tag-avant","12":"tag-disputent","13":"tag-eu","14":"tag-europe","15":"tag-fr","16":"tag-france","17":"tag-gauche","18":"tag-ils","19":"tag-marseille","20":"tag-municipales","21":"tag-news","22":"tag-provence-alpes-cote-dazur","23":"tag-region","24":"tag-republique-francaise"},"share_on_mastodon":{"url":"https:\/\/pubeurope.com\/@fr\/114756806511401729","error":""},"_links":{"self":[{"href":"https:\/\/www.europesays.com\/fr\/wp-json\/wp\/v2\/posts\/209004","targetHints":{"allow":["GET"]}}],"collection":[{"href":"https:\/\/www.europesays.com\/fr\/wp-json\/wp\/v2\/posts"}],"about":[{"href":"https:\/\/www.europesays.com\/fr\/wp-json\/wp\/v2\/types\/post"}],"author":[{"embeddable":true,"href":"https:\/\/www.europesays.com\/fr\/wp-json\/wp\/v2\/users\/2"}],"replies":[{"embeddable":true,"href":"https:\/\/www.europesays.com\/fr\/wp-json\/wp\/v2\/comments?post=209004"}],"version-history":[{"count":0,"href":"https:\/\/www.europesays.com\/fr\/wp-json\/wp\/v2\/posts\/209004\/revisions"}],"wp:featuredmedia":[{"embeddable":true,"href":"https:\/\/www.europesays.com\/fr\/wp-json\/wp\/v2\/media\/209005"}],"wp:attachment":[{"href":"https:\/\/www.europesays.com\/fr\/wp-json\/wp\/v2\/media?parent=209004"}],"wp:term":[{"taxonomy":"category","embeddable":true,"href":"https:\/\/www.europesays.com\/fr\/wp-json\/wp\/v2\/categories?post=209004"},{"taxonomy":"post_tag","embeddable":true,"href":"https:\/\/www.europesays.com\/fr\/wp-json\/wp\/v2\/tags?post=209004"}],"curies":[{"name":"wp","href":"https:\/\/api.w.org\/{rel}","templated":true}]}}