{"id":209006,"date":"2025-06-27T18:44:16","date_gmt":"2025-06-27T18:44:16","guid":{"rendered":"https:\/\/www.europesays.com\/fr\/209006\/"},"modified":"2025-06-27T18:44:16","modified_gmt":"2025-06-27T18:44:16","slug":"la-1re-edition-en-juillet","status":"publish","type":"post","link":"https:\/\/www.europesays.com\/fr\/209006\/","title":{"rendered":"la 1re \u00a0\u00e9dition en juillet"},"content":{"rendered":"<p>L\u2019association Argaya, orchestr\u00e9e par des artistes, pour la promotion de la culture pour tous (th\u00e9\u00e2tre, musique, chant, photographie, cin\u00e9ma), a officiellement annonc\u00e9, ce jeudi 26\u00a0juin, la 1re \u00e9dition du Cin\u00e9ma du Vieux Lyon Festival, du 19 au 23\u00a0juillet, avec un programme riche de 5 soir\u00e9es de projections gratuites de films magistraux en plein air sur la Cour du Palais Saint-Jean, dans un d\u00e9cor unique au c\u0153ur du site historique de Lyon. \u00ab\u00a0\u00c9motion assur\u00e9e pour 600 personnes dans l\u2019esprit de Bertrand Tavernier et de son Horloger de st Paul\u00a0\u00bb, a lanc\u00e9 Roland Stevenod, l\u2019initiateur du projet.<\/p>\n","protected":false},"excerpt":{"rendered":"L\u2019association Argaya, orchestr\u00e9e par des artistes, pour la promotion de la culture pour tous (th\u00e9\u00e2tre, musique, chant, photographie,&hellip;\n","protected":false},"author":2,"featured_media":209007,"comment_status":"","ping_status":"","sticky":false,"template":"","format":"standard","meta":{"footnotes":""},"categories":[1889],"tags":[1111,11,2430,650,1687,2757,1777,674,1011,27,2428,15658,15657,12,25],"class_list":{"0":"post-209006","1":"post","2":"type-post","3":"status-publish","4":"format-standard","5":"has-post-thumbnail","7":"category-lyon","8":"tag-actu","9":"tag-actualites","10":"tag-auvergne-rhone-alpes","11":"tag-cinema","12":"tag-culture-loisirs","13":"tag-edition-lyon-villeurbanne","14":"tag-eu","15":"tag-europe","16":"tag-fr","17":"tag-france","18":"tag-lyon","19":"tag-lyon-5e","20":"tag-lyon-5e-arrondissement","21":"tag-news","22":"tag-republique-francaise"},"share_on_mastodon":{"url":"https:\/\/pubeurope.com\/@fr\/114756810712692052","error":""},"_links":{"self":[{"href":"https:\/\/www.europesays.com\/fr\/wp-json\/wp\/v2\/posts\/209006","targetHints":{"allow":["GET"]}}],"collection":[{"href":"https:\/\/www.europesays.com\/fr\/wp-json\/wp\/v2\/posts"}],"about":[{"href":"https:\/\/www.europesays.com\/fr\/wp-json\/wp\/v2\/types\/post"}],"author":[{"embeddable":true,"href":"https:\/\/www.europesays.com\/fr\/wp-json\/wp\/v2\/users\/2"}],"replies":[{"embeddable":true,"href":"https:\/\/www.europesays.com\/fr\/wp-json\/wp\/v2\/comments?post=209006"}],"version-history":[{"count":0,"href":"https:\/\/www.europesays.com\/fr\/wp-json\/wp\/v2\/posts\/209006\/revisions"}],"wp:featuredmedia":[{"embeddable":true,"href":"https:\/\/www.europesays.com\/fr\/wp-json\/wp\/v2\/media\/209007"}],"wp:attachment":[{"href":"https:\/\/www.europesays.com\/fr\/wp-json\/wp\/v2\/media?parent=209006"}],"wp:term":[{"taxonomy":"category","embeddable":true,"href":"https:\/\/www.europesays.com\/fr\/wp-json\/wp\/v2\/categories?post=209006"},{"taxonomy":"post_tag","embeddable":true,"href":"https:\/\/www.europesays.com\/fr\/wp-json\/wp\/v2\/tags?post=209006"}],"curies":[{"name":"wp","href":"https:\/\/api.w.org\/{rel}","templated":true}]}}