{"id":209008,"date":"2025-06-27T18:45:17","date_gmt":"2025-06-27T18:45:17","guid":{"rendered":"https:\/\/www.europesays.com\/fr\/209008\/"},"modified":"2025-06-27T18:45:17","modified_gmt":"2025-06-27T18:45:17","slug":"jean-michel-aulas-en-tete-dans-un-nouveau-sondage","status":"publish","type":"post","link":"https:\/\/www.europesays.com\/fr\/209008\/","title":{"rendered":"Jean-Michel Aulas en t\u00eate dans un nouveau sondage"},"content":{"rendered":"<p><a href=\"https:\/\/www.leprogres.fr\/p\/jean-michel-aulas\" target=\"_blank\" rel=\"nofollow noopener\">Jean-Michel Aulas<\/a> est tout pr\u00e8s, mais alors tout pr\u00e8s, d\u2019\u00eatre candidat. Il est vrai que ce sondage command\u00e9 par sa soci\u00e9t\u00e9 ne peut que le conforter : il recueille 36% des intentions de vote au 1er tour des \u00e9lections municipales et devance <a href=\"https:\/\/www.leprogres.fr\/p\/gregory-doucet\" target=\"_blank\" rel=\"nofollow noopener\">Gr\u00e9gory Doucet<\/a> (Les Ecologistes) cr\u00e9dit\u00e9 de 27%.<\/p>\n<p>L\u2019ex-maire de Lyon Georges K\u00e9p\u00e9n\u00e9kian (centre gauche) est \u00e0 7% et l\u2019ex adjointe \u00e0 la culture et candidate d\u00e9clar\u00e9e, <a href=\"https:\/\/www.leprogres.fr\/p\/nathalie-perrin-gilbert\" target=\"_blank\" rel=\"nofollow noopener\">Nathalie Perrin-Gilbert<\/a> (DVG), est \u00e0 6%. Les autres personnalit\u00e9s sond\u00e9es ne sont pas candidates ou pas encore : <a href=\"https:\/\/www.leprogres.fr\/p\/anais-belouassa-cherifi\" target=\"_blank\" rel=\"nofollow noopener\">Ana\u00efs Belouassa-Cherifi<\/a> (LFI) est \u00e0 7 % et <a href=\"https:\/\/www.leprogres.fr\/p\/tiffany-joncour\" target=\"_blank\" rel=\"nofollow noopener\">Tiffany Joncour<\/a> (RN) fr\u00f4le les 12 %. Le candidat \u00ab\u00a0ciottiste\u00a0\u00bb &#8211; Alexandre Humbert Dupalais &#8211; n\u2019a pas \u00e9t\u00e9 sond\u00e9.<\/p>\n<p>  Doucet peine \u00e0 \u00ab\u00a0rassembler au-del\u00e0 des clivages\u00a0\u00bb<\/p>\n<p>Sur un ensemble de traits test\u00e9s (dialogue, r\u00e9alit\u00e9s \u00e9conomiques, stature de maire, etc.), Jean-Michel Aulas devance largement Gr\u00e9gory Doucet. Ce dernier \u00e9tant m\u00eame d\u00e9pass\u00e9 par Georges K\u00e9p\u00e9n\u00e9kian. Surprenant ? Pas vraiment quand on s\u2019int\u00e9resse aux questions pos\u00e9es. Celles-ci, tr\u00e8s orient\u00e9es \u00ab\u00a0\u00e9conomie\u00a0\u00bb, collent parfaitement au profil du presque candidat.\u00a0<\/p>\n<p>Elles sont m\u00eame parfois d\u2019une certaine cruaut\u00e9 pour l\u2019actuel maire de Lyon. A la question \u00ab\u00a0serait capable de rassembler au-del\u00e0 des clivages\u00a0\u00bb, Gr\u00e9gory Doucet est \u00e0 18% contre 66% pour Jean-Michel Aulas et 51 % pour Georges K\u00e9p\u00e9n\u00e9kian. \u00ab\u00a0A une vraie stature de maire\u00a0\u00bb, JMA recueille le double de son futur adversaire (80% contre 40%).<\/p>\n<p>D\u2019un point de vue politique, ce sondage donne \u00e0 Jean-Michel Aulas \u00ab\u00a0le plus haut potentiel \u00e9lectoral\u00a0\u00bb. 53 % des Lyonnais sond\u00e9s disent qu\u2019ils pourraient voter pour lui, contre 45% pour Gr\u00e9gory Doucet. Les autres personnalit\u00e9s test\u00e9es sont <a href=\"https:\/\/www.leprogres.fr\/p\/david-kimelfeld\" target=\"_blank\" rel=\"nofollow noopener\">David Kimelfeld<\/a> (DVG) qui recueille 36 %, Nathalie Perrin-Gilbert 35 %, <a href=\"https:\/\/www.leprogres.fr\/p\/pierre-oliver\" target=\"_blank\" rel=\"nofollow noopener\">Pierre Oliver<\/a> (LR) 34 % et Georges K\u00e9p\u00e9n\u00e9kian 33 %&#8230;<\/p>\n<p>  Des propositions qui\u00a0re\u00e7oivent un large soutien\u00a0<\/p>\n<p>Enfin, les premi\u00e8res propositions avanc\u00e9es par Jean-Michel Aulas re\u00e7oivent un large soutien (gratuit\u00e9 partielle des transports, brigades municipales d\u00e9di\u00e9es aux incivilit\u00e9s, suppression de certaines d\u00e9penses publiques). Et 86 % des sond\u00e9s sont favorables \u00e0 une consultation directe des habitants pour r\u00e9viser le plan de circulation.<\/p>\n<p>D\u00e9sormais, la question n\u2019est plus de savoir quand Jean-Michel Aulas va d\u00e9clarer sa candidature. Mais avec qui.<\/p>\n<p class=\"note\">(1) Enqu\u00eate r\u00e9alis\u00e9e par Toluna-Harris interactive, par t\u00e9l\u00e9phone, du 18 au 25 juin sur un \u00e9chantillon de 1 355 personnes repr\u00e9sentatif de la population de Lyon \u00e2g\u00e9e de 18 ans et plus selon la m\u00e9thode des quotas et redressement appliqu\u00e9s aux variables suivantes : sexe, \u00e2ge, CSP et comportement \u00e9lectoral ant\u00e9rieur de l\u2019interview\u00e9.\u00a0<\/p>\n","protected":false},"excerpt":{"rendered":"Jean-Michel Aulas est tout pr\u00e8s, mais alors tout pr\u00e8s, d\u2019\u00eatre candidat. Il est vrai que ce sondage command\u00e9&hellip;\n","protected":false},"author":2,"featured_media":209009,"comment_status":"","ping_status":"","sticky":false,"template":"","format":"standard","meta":{"footnotes":""},"categories":[1889],"tags":[1111,11,2430,2757,4188,1777,674,107,1011,27,2428,12,316,25,2429],"class_list":{"0":"post-209008","1":"post","2":"type-post","3":"status-publish","4":"format-standard","5":"has-post-thumbnail","7":"category-lyon","8":"tag-actu","9":"tag-actualites","10":"tag-auvergne-rhone-alpes","11":"tag-edition-lyon-villeurbanne","12":"tag-elections-municipales","13":"tag-eu","14":"tag-europe","15":"tag-fil-info","16":"tag-fr","17":"tag-france","18":"tag-lyon","19":"tag-news","20":"tag-politique","21":"tag-republique-francaise","22":"tag-rhone"},"share_on_mastodon":{"url":"https:\/\/pubeurope.com\/@fr\/114756814374861376","error":""},"_links":{"self":[{"href":"https:\/\/www.europesays.com\/fr\/wp-json\/wp\/v2\/posts\/209008","targetHints":{"allow":["GET"]}}],"collection":[{"href":"https:\/\/www.europesays.com\/fr\/wp-json\/wp\/v2\/posts"}],"about":[{"href":"https:\/\/www.europesays.com\/fr\/wp-json\/wp\/v2\/types\/post"}],"author":[{"embeddable":true,"href":"https:\/\/www.europesays.com\/fr\/wp-json\/wp\/v2\/users\/2"}],"replies":[{"embeddable":true,"href":"https:\/\/www.europesays.com\/fr\/wp-json\/wp\/v2\/comments?post=209008"}],"version-history":[{"count":0,"href":"https:\/\/www.europesays.com\/fr\/wp-json\/wp\/v2\/posts\/209008\/revisions"}],"wp:featuredmedia":[{"embeddable":true,"href":"https:\/\/www.europesays.com\/fr\/wp-json\/wp\/v2\/media\/209009"}],"wp:attachment":[{"href":"https:\/\/www.europesays.com\/fr\/wp-json\/wp\/v2\/media?parent=209008"}],"wp:term":[{"taxonomy":"category","embeddable":true,"href":"https:\/\/www.europesays.com\/fr\/wp-json\/wp\/v2\/categories?post=209008"},{"taxonomy":"post_tag","embeddable":true,"href":"https:\/\/www.europesays.com\/fr\/wp-json\/wp\/v2\/tags?post=209008"}],"curies":[{"name":"wp","href":"https:\/\/api.w.org\/{rel}","templated":true}]}}