{"id":209020,"date":"2025-06-27T18:53:11","date_gmt":"2025-06-27T18:53:11","guid":{"rendered":"https:\/\/www.europesays.com\/fr\/209020\/"},"modified":"2025-06-27T18:53:11","modified_gmt":"2025-06-27T18:53:11","slug":"paris-une-nouvelle-application-pour-permettre-aux-habitants-darroser-les-arbres-du-xviie-arrondissement","status":"publish","type":"post","link":"https:\/\/www.europesays.com\/fr\/209020\/","title":{"rendered":"Paris\u00a0: une nouvelle application pour permettre aux habitants d\u2019arroser les arbres du XVIIe arrondissement"},"content":{"rendered":"<p class=\"paragraph text_align_left lp-f-body-02\"><a href=\"https:\/\/www.leparisien.fr\/paris-75\/arbres-tombes-conservatoire-inonde-gardes-a-vue-transferees-lorage-a-souffle-louest-de-paris-26-06-2025-AM5LJHS5FRHN3BHIPVKJMRABJY.php\" target=\"_self\" rel=\"nofollow noopener\">Apr\u00e8s l\u2019orage de mercredi soir<\/a> qui a provoqu\u00e9 <a href=\"https:\/\/www.leparisien.fr\/paris-75\/500-a-1000-arbres-casses-ou-deracines-a-paris-la-ville-appelle-les-passants-a-la-plus-grande-vigilance-26-06-2025-NWU67FXJINDE7HL5MVM5PXSZE4.php\" target=\"_self\" rel=\"nofollow noopener\">le d\u00e9racinement de pr\u00e8s d\u2019un millier d\u2019arbres<\/a> dans tout <a href=\"https:\/\/www.leparisien.fr\/paris-75\/\" target=\"_self\" rel=\"nofollow noopener\">Paris<\/a>, la question de leur bonne pr\u00e9servation se pose. <a href=\"https:\/\/www.leparisien.fr\/paris-75\/chutes-darbres-a-paris-les-essences-sont-elles-encore-adaptees-aux-nouvelles-intemperies-26-06-2025-6LONN4D5EFBBHHXKGPCAF56T6U.php\" target=\"_self\" rel=\"nofollow noopener\">Prendre soin des arbres<\/a>, c\u2019est l\u2019objectif de la nouvelle application Arbogeste, lanc\u00e9e par la mairie du <a href=\"https:\/\/www.leparisien.fr\/paris-75\/paris-75017\/\" target=\"_self\" rel=\"nofollow noopener\">XVIIe arrondissement<\/a>. Inspir\u00e9e du mod\u00e8le berlinois \u00ab Arrosez le quartier \u00bb, elle sera pr\u00e9sent\u00e9e samedi <a href=\"https:\/\/www.leparisien.fr\/paris-75\/paris-avec-20-euros-en-poche-explorez-les-batignolles-ses-parcs-son-village-19-07-2023-DZZV645FC5GXFFSYXW7HC6N5LA.php\" target=\"_self\" rel=\"nofollow noopener\">au square des Batignolles<\/a>. Des arrosoirs seront d\u2019ailleurs offerts \u00e0 ceux qui s\u2019inscriront sur l\u2019application en premier.<\/p>\n<p class=\"paragraph text_align_left lp-f-body-02\">Comment l\u2019application fonctionne ? Apr\u00e8s s\u2019\u00eatre connect\u00e9s gratuitement en indiquant leur pseudonyme, les utilisateurs pourront d\u00e9couvrir tous les arbres qui composent leur arrondissement sur une carte interactive. En cliquant sur l\u2019un d\u2019eux, le niveau de pluie absorb\u00e9 par l\u2019arbre ainsi que le nombre de litres qu\u2019il a d\u00e9j\u00e0 re\u00e7u sont affich\u00e9s. Chaque personne peut ensuite aller hydrater l\u2019arbre choisi, en indiquant le niveau d\u2019eau d\u00e9vers\u00e9.<\/p>\n<p><img decoding=\"async\" class=\"image \" loading=\"lazy\" src=\"https:\/\/www.europesays.com\/fr\/wp-content\/uploads\/2025\/06\/PQZJKTGU4RFVZAGLVIXKYTQ6UY.jpg\" alt=\"Pour chaque arbre, l'application indique, gr\u00e2ce aux contributions des utilisateurs, s'il a \u00e9t\u00e9 arros\u00e9 et quand. Capture d'\u00e9cran Arbogeste\" align=\"\" data-rubrique-principale=\"\" data-article-type=\"\" fetchpriority=\"auto\"\/>Pour chaque arbre, l&rsquo;application indique, gr\u00e2ce aux contributions des utilisateurs, s&rsquo;il a \u00e9t\u00e9 arros\u00e9 et quand. Capture d&rsquo;\u00e9cran Arbogeste<\/p>\n<p class=\"paragraph text_align_left lp-f-body-02\">\u00ab Nous voulons que les gens s\u2019int\u00e9ressent au patrimoine v\u00e9g\u00e9tal qui les entoure \u00bb, soutient Paul Hatte, Conseiller (LR) de Paris en charge de la participation citoyenne et charg\u00e9 du conseil consultatif du quartier Batignolles. Au square du m\u00eame nom, des arbres datant de 1860 pourront ainsi recevoir un peu d\u2019attention de la part des riverains volontaires. Ces derniers pourront \u00e9galement, sur l\u2019application, signaler des probl\u00e8mes pr\u00e9occupants pour un arbre en particulier : d\u00e9gradation, ass\u00e8chement, pr\u00e9sence de champignons ou de <a href=\"https:\/\/www.leparisien.fr\/paris-75\/a-paris-les-chenilles-tisseuses-de-toiles-envahissent-un-parc-comme-dans-un-film-de-tim-burton-20-05-2025-O46X6R3Z4JC2FIW3M3M654LOOE.php\" target=\"_self\" rel=\"nofollow noopener\">chenilles<\/a>\u2026<\/p>\n<p class=\"paragraph text_align_left lp-f-body-02\">\u00ab Cela permet de montrer aux habitants qu\u2019entretenir la v\u00e9g\u00e9talisation autour de soi diminue la mortalit\u00e9 des arbres. Mais ce n\u2019est pas pour remplacer le service des espaces verts ! \u00bb tient \u00e0 rappeler Paul Hatte. Les riverains du XVIIe pourront m\u00eame gagner en exp\u00e9rience, comme dans un jeu vid\u00e9o. De \u00ab planteur de graine niveau 1 \u00bb au moment de t\u00e9l\u00e9charger l\u2019application, les plus impliqu\u00e9s viseront le titre ultime&#8230; celui de \u00ab ma\u00eetre forestier \u00bb.<\/p>\n","protected":false},"excerpt":{"rendered":"Apr\u00e8s l\u2019orage de mercredi soir qui a provoqu\u00e9 le d\u00e9racinement de pr\u00e8s d\u2019un millier d\u2019arbres dans tout Paris,&hellip;\n","protected":false},"author":2,"featured_media":209021,"comment_status":"","ping_status":"","sticky":false,"template":"","format":"standard","meta":{"footnotes":""},"categories":[1888],"tags":[11,1777,674,1011,27,1944,12,626,25],"class_list":{"0":"post-209020","1":"post","2":"type-post","3":"status-publish","4":"format-standard","5":"has-post-thumbnail","7":"category-paris","8":"tag-actualites","9":"tag-eu","10":"tag-europe","11":"tag-fr","12":"tag-france","13":"tag-ma-ville","14":"tag-news","15":"tag-paris","16":"tag-republique-francaise"},"share_on_mastodon":{"url":"https:\/\/pubeurope.com\/@fr\/114756845932723542","error":""},"_links":{"self":[{"href":"https:\/\/www.europesays.com\/fr\/wp-json\/wp\/v2\/posts\/209020","targetHints":{"allow":["GET"]}}],"collection":[{"href":"https:\/\/www.europesays.com\/fr\/wp-json\/wp\/v2\/posts"}],"about":[{"href":"https:\/\/www.europesays.com\/fr\/wp-json\/wp\/v2\/types\/post"}],"author":[{"embeddable":true,"href":"https:\/\/www.europesays.com\/fr\/wp-json\/wp\/v2\/users\/2"}],"replies":[{"embeddable":true,"href":"https:\/\/www.europesays.com\/fr\/wp-json\/wp\/v2\/comments?post=209020"}],"version-history":[{"count":0,"href":"https:\/\/www.europesays.com\/fr\/wp-json\/wp\/v2\/posts\/209020\/revisions"}],"wp:featuredmedia":[{"embeddable":true,"href":"https:\/\/www.europesays.com\/fr\/wp-json\/wp\/v2\/media\/209021"}],"wp:attachment":[{"href":"https:\/\/www.europesays.com\/fr\/wp-json\/wp\/v2\/media?parent=209020"}],"wp:term":[{"taxonomy":"category","embeddable":true,"href":"https:\/\/www.europesays.com\/fr\/wp-json\/wp\/v2\/categories?post=209020"},{"taxonomy":"post_tag","embeddable":true,"href":"https:\/\/www.europesays.com\/fr\/wp-json\/wp\/v2\/tags?post=209020"}],"curies":[{"name":"wp","href":"https:\/\/api.w.org\/{rel}","templated":true}]}}