{"id":209023,"date":"2025-06-27T18:55:17","date_gmt":"2025-06-27T18:55:17","guid":{"rendered":"https:\/\/www.europesays.com\/fr\/209023\/"},"modified":"2025-06-27T18:55:17","modified_gmt":"2025-06-27T18:55:17","slug":"attention-a-ce-faux-reportage-sur-le-pretendu-achat-dun-appartement-de-luxe-a-dubai-par-volodymyr-zelensky","status":"publish","type":"post","link":"https:\/\/www.europesays.com\/fr\/209023\/","title":{"rendered":"Attention \u00e0 ce faux reportage sur le pr\u00e9tendu achat d&rsquo;un appartement de luxe \u00e0 Duba\u00ef par Volodymyr Zelensky"},"content":{"rendered":"<p>Depuis le d\u00e9but de l&rsquo;invasion russe en Ukraine en f\u00e9vrier 2022, les campagnes de d\u00e9sinformation visant le pr\u00e9sident ukrainien Volodymyr Zelensky et ses proches se multiplient, les accusant de d\u00e9tourner l&rsquo;aide financi\u00e8re occidentale \u00e0 des fins personnelles. D\u00e9but juin 2025, un pr\u00e9tendu reportage de la cha\u00eene publique saoudienne Al-Arabiya est massivement relay\u00e9 sur les r\u00e9seaux sociaux, affirmant que Zelensky a offert \u00e0 sa m\u00e8re un appartement de luxe dans le plus haut gratte-ciel du monde, \u00e0 Duba\u00ef. Mais ce reportage est falsifi\u00e9, a affirm\u00e9 la cha\u00eene saoudienne \u00e0 l&rsquo;AFP. En effet, la s\u00e9quence originale d&rsquo;Al-Arabiya ne mentionne pas un tel achat, et de nombreuses incoh\u00e9rences sont visibles dans la vid\u00e9o partag\u00e9e.<\/p>\n<p>\u00ab\u00a0La cha\u00eene publique saoudienne Al-Arabiya a rapport\u00e9 que la propri\u00e9taire d&rsquo;un appartement \u00e0 Burj Khalifa est Rimma Zelenskaya. Zelensky a offert un cadeau \u00e0 sa m\u00e8re pour 3,2 M$. L&rsquo;int\u00e9rieur a \u00e9t\u00e9 con\u00e7u par Giorgio Armani. Voici o\u00f9 vont les imp\u00f4ts des Occientaux [sic]\u00a0\u00bb, peut-on lire dans la description d&rsquo;une vid\u00e9o publi\u00e9e sur\u00a0<a href=\"https:\/\/perma.cc\/JGN4-MEER\" rel=\"nofollow noopener\" target=\"_blank\" data-ylk=\"slk:X;elm:context_link;itc:0;sec:content-canvas\" class=\"link \">X<\/a> le 5 juin 2025, partag\u00e9e plus de 2.000 fois et cumulant plus de 1.6 million de vues.<\/p>\n<p>Sur les images de ce pr\u00e9tendu reportage d&rsquo;une minute et quinze secondes, un homme en costume, portant une cravate orange, s&rsquo;exprime en arabe face cam\u00e9ra. Une voix masculine, en anglais, semble traduire ses propos.<\/p>\n<p>Les sous-titres fran\u00e7ais, superpos\u00e9s \u00e0 ceux en russe, indiquent : \u00ab\u00a0La propri\u00e9t\u00e9, situ\u00e9e au 11e \u00e9tage du plus haut b\u00e2timent du monde, a \u00e9t\u00e9 acquise le 16 septembre 2024, co\u00efncidant avec le 74e anniversaire de Zelenska\u00a0\u00bb.<\/p>\n<p>Des messages similaires circulent \u00e9galement sur Facebook (<a href=\"https:\/\/mvau.lt\/media\/48d482ee-ac84-459c-954f-b08a9d0dc21e\" rel=\"nofollow noopener\" target=\"_blank\" data-ylk=\"slk:1;elm:context_link;itc:0;sec:content-canvas\" class=\"link \">1<\/a>, <a href=\"https:\/\/mvau.lt\/media\/5c67eb9a-59d0-4a49-87d9-a20dbae112d5\" rel=\"nofollow noopener\" target=\"_blank\" data-ylk=\"slk:2;elm:context_link;itc:0;sec:content-canvas\" class=\"link \">2<\/a>, <a href=\"https:\/\/mvau.lt\/media\/2eda9df2-be45-40f9-ad34-328c2cd84cbb\" rel=\"nofollow noopener\" target=\"_blank\" data-ylk=\"slk:3;elm:context_link;itc:0;sec:content-canvas\" class=\"link \">3<\/a>), <a href=\"https:\/\/perma.cc\/7M89-KSQ9\" rel=\"nofollow noopener\" target=\"_blank\" data-ylk=\"slk:Instagram;elm:context_link;itc:0;sec:content-canvas\" class=\"link \">Instagram<\/a>, X (<a href=\"https:\/\/perma.cc\/FQR8-ZPRT\" rel=\"nofollow noopener\" target=\"_blank\" data-ylk=\"slk:1;elm:context_link;itc:0;sec:content-canvas\" class=\"link \">1<\/a>, <a href=\"https:\/\/perma.cc\/78H6-U7BC\" rel=\"nofollow noopener\" target=\"_blank\" data-ylk=\"slk:2;elm:context_link;itc:0;sec:content-canvas\" class=\"link \">2<\/a>, <a href=\"https:\/\/perma.cc\/P6EN-3QEQ\" rel=\"nofollow noopener\" target=\"_blank\" data-ylk=\"slk:3;elm:context_link;itc:0;sec:content-canvas\" class=\"link \">3<\/a>), et TikTok (<a href=\"https:\/\/perma.cc\/DW66-DWGV\" rel=\"nofollow noopener\" target=\"_blank\" data-ylk=\"slk:1;elm:context_link;itc:0;sec:content-canvas\" class=\"link \">1<\/a>, <a href=\"https:\/\/perma.cc\/4TAL-9FPQ\" rel=\"nofollow noopener\" target=\"_blank\" data-ylk=\"slk:2;elm:context_link;itc:0;sec:content-canvas\" class=\"link \">2<\/a>, <a href=\"https:\/\/perma.cc\/CEM9-CG8S\" rel=\"nofollow noopener\" target=\"_blank\" data-ylk=\"slk:3;elm:context_link;itc:0;sec:content-canvas\" class=\"link \">3<\/a>), et dans plusieurs langues, notamment en <a href=\"https:\/\/perma.cc\/DJ4D-L9DT\" rel=\"nofollow noopener\" target=\"_blank\" data-ylk=\"slk:anglais;elm:context_link;itc:0;sec:content-canvas\" class=\"link \">anglais<\/a>,\u00a0<a href=\"https:\/\/perma.cc\/6GKU-7YY9\" rel=\"nofollow noopener\" target=\"_blank\" data-ylk=\"slk:allemand;elm:context_link;itc:0;sec:content-canvas\" class=\"link \">allemand<\/a>, <a href=\"https:\/\/mvau.lt\/media\/2b1b06d9-fbe9-4b9c-b0a9-83ccf3d35a78\" rel=\"nofollow noopener\" target=\"_blank\" data-ylk=\"slk:bulgare;elm:context_link;itc:0;sec:content-canvas\" class=\"link \">bulgare<\/a>, <a href=\"https:\/\/perma.cc\/KD4N-VEMT\" rel=\"nofollow noopener\" target=\"_blank\" data-ylk=\"slk:espagnol;elm:context_link;itc:0;sec:content-canvas\" class=\"link \">espagnol<\/a>, <a href=\"https:\/\/perma.cc\/QD6E-5JSZ\" rel=\"nofollow noopener\" target=\"_blank\" data-ylk=\"slk:italien;elm:context_link;itc:0;sec:content-canvas\" class=\"link \">italien<\/a>,\u00a0<a href=\"https:\/\/mvau.lt\/media\/6301f468-bb70-4c9e-b65e-6e76604f6e83\" rel=\"nofollow noopener\" target=\"_blank\" data-ylk=\"slk:n\u00e9erlandais;elm:context_link;itc:0;sec:content-canvas\" class=\"link \">n\u00e9erlandais<\/a>, <a href=\"https:\/\/mvau.lt\/media\/87875d92-144e-4248-bff7-82509263cd76\" rel=\"nofollow noopener\" target=\"_blank\" data-ylk=\"slk:polonais;elm:context_link;itc:0;sec:content-canvas\" class=\"link \">polonais<\/a>, <a href=\"https:\/\/perma.cc\/63Z9-4HPF\" rel=\"nofollow noopener\" target=\"_blank\" data-ylk=\"slk:portugais;elm:context_link;itc:0;sec:content-canvas\" class=\"link \">portugais<\/a>, <a href=\"https:\/\/mvau.lt\/media\/5e155fc9-49d7-431f-ac98-e707c17f3660\" rel=\"nofollow noopener\" target=\"_blank\" data-ylk=\"slk:roumain;elm:context_link;itc:0;sec:content-canvas\" class=\"link \">roumain<\/a> et <a href=\"https:\/\/web.archive.org\/web\/20250625090002\/https:\/\/www.facebook.com\/permalink.php?story_fbid=pfbid02xTVf4y4sLDxwdwsEb4F24bRsTiVRAjpoR63fZd7x9CEqVhvQV7KLq7FFpzYr3ex9l&amp;id=100079500055047\" rel=\"nofollow noopener\" target=\"_blank\" data-ylk=\"slk:slovaque;elm:context_link;itc:0;sec:content-canvas\" class=\"link \">slovaque<\/a>.<\/p>\n<p><img class=\"caas-img caas-lazy has-preview\" alt=\"&lt;span&gt;Captures d'\u00e9cran prises sur TikTok (\u00e0 gauche) et sur X (\u00e0 droite). Croix rouges ajout\u00e9es par l'AFP.&lt;\/span&gt;\" data-src=\"https:\/\/www.europesays.com\/fr\/wp-content\/uploads\/2025\/06\/a34d742da7d76dcaedc7e7b811f1e3bd.jpeg\"\/><\/p>\n<p>Captures d&rsquo;\u00e9cran prises sur TikTok (\u00e0 gauche) et sur X (\u00e0 droite). Croix rouges ajout\u00e9es par l&rsquo;AFP.<\/p>\n<p>Mais <strong>l&rsquo;affirmation selon laquelle Al-Arabiya aurait rapport\u00e9 que le pr\u00e9sident ukrainien Volodymyr Zelensky a offert un appartement au Burj Khalifa \u00e0 sa m\u00e8re est infond\u00e9e<\/strong>.<\/p>\n<p>Une vid\u00e9o manipul\u00e9e<\/p>\n<p>Si sur les images il est possible de constater des sous-titres russes, c&rsquo;est parce que la vid\u00e9o a d&rsquo;abord \u00e9t\u00e9 partag\u00e9e par un grand nombre de sites pro-russes, comme\u00a0<a href=\"https:\/\/perma.cc\/J3RS-BWA6\" rel=\"nofollow noopener\" target=\"_blank\" data-ylk=\"slk:ici;elm:context_link;itc:0;sec:content-canvas\" class=\"link \">ici<\/a> et <a href=\"https:\/\/perma.cc\/X824-NUSP\" rel=\"nofollow noopener\" target=\"_blank\" data-ylk=\"slk:l\u00e0;elm:context_link;itc:0;sec:content-canvas\" class=\"link \">l\u00e0<\/a>. L&rsquo;exemple le plus ancien de la vid\u00e9o falsifi\u00e9e que l&rsquo;AFP a pu trouver remonte au\u00a0<strong>5 juin 2025<\/strong>, sur la cha\u00eene Telegram russe <a href=\"https:\/\/perma.cc\/549G-CYSF\" rel=\"nofollow noopener\" target=\"_blank\" data-ylk=\"slk:&quot;Voice of Mordor&quot;;elm:context_link;itc:0;sec:content-canvas\" class=\"link \">\u00ab\u00a0Voice of Mordor\u00a0\u00bb<\/a>, ainsi que sur d&rsquo;autres cha\u00eenes russophones <a href=\"https:\/\/perma.cc\/3WJA-7DJR\" rel=\"nofollow noopener\" target=\"_blank\" data-ylk=\"slk:ici;elm:context_link;itc:0;sec:content-canvas\" class=\"link \">ici<\/a> et <a href=\"https:\/\/perma.cc\/W4WN-4CNK\" rel=\"nofollow noopener\" target=\"_blank\" data-ylk=\"slk:l\u00e0;elm:context_link;itc:0;sec:content-canvas\" class=\"link \">l\u00e0<\/a>. Elle a \u00e9galement \u00e9t\u00e9 partag\u00e9e par <a href=\"https:\/\/perma.cc\/79X9-4QP9\" rel=\"nofollow noopener\" target=\"_blank\" data-ylk=\"slk:EADaily;elm:context_link;itc:0;sec:content-canvas\" class=\"link \">EADaily<\/a>, un autre m\u00e9dia soutenu par le Kremlin <a href=\"https:\/\/www.consilium.europa.eu\/fr\/press\/press-releases\/2025\/02\/24\/three-years-of-russia-s-full-scale-invasion-and-war-of-aggression-against-ukraine-eu-adopts-its-16th-package-of-economic-and-individual-measures\/#:~:text=des%20m%C3%A9dias%20suivants%3A-,EADaily,-\/Eurasia%20Daily%2C%20Fondsk\" rel=\"nofollow noopener\" target=\"_blank\" data-ylk=\"slk:sous sanctions de l&#039;UE;elm:context_link;itc:0;sec:content-canvas\" class=\"link \">sous sanctions de l&rsquo;UE<\/a>.<\/p>\n<p>Certains internautes n&rsquo;ont publi\u00e9 qu&rsquo;<a href=\"https:\/\/mvau.lt\/media\/fa5eb103-e042-4899-947c-669c44951bf4\" rel=\"nofollow noopener\" target=\"_blank\" data-ylk=\"slk:une capture d&#039;\u00e9cran;elm:context_link;itc:0;sec:content-canvas\" class=\"link \">une capture d&rsquo;\u00e9cran<\/a> prise de la vid\u00e9o avec la m\u00eame affirmation. L&rsquo;un d&rsquo;eux, un journaliste hispano-russe nomm\u00e9\u00a0<a href=\"https:\/\/rsf.org\/fr\/pologne-le-ressortissant-hispano-russe-pablo-gonz%C3%A1lez-abus%C3%A9-des-droits-accord%C3%A9s-aux-journalistes\" rel=\"nofollow noopener\" target=\"_blank\" data-ylk=\"slk:Pablo Gonzalez;elm:context_link;itc:0;sec:content-canvas\" class=\"link \">Pablo Gonzalez<\/a> &#8211; qui a \u00e9t\u00e9 arr\u00eat\u00e9 en Pologne en f\u00e9vrier 2022, peu apr\u00e8s l&rsquo;invasion de l&rsquo;Ukraine par la Russie, pour des accusations d&rsquo;espionnage et de liens avec les services de renseignement militaire russes &#8211; a partag\u00e9 une capture d&rsquo;\u00e9cran du pr\u00e9tendu <a href=\"https:\/\/perma.cc\/DG2L-9JFV\" rel=\"nofollow noopener\" target=\"_blank\" data-ylk=\"slk:&quot;contrat initial de vente&quot;;elm:context_link;itc:0;sec:content-canvas\" class=\"link \">\u00ab\u00a0contrat initial de vente\u00a0\u00bb<\/a> pour l&rsquo;appartement du <a href=\"https:\/\/www.burjkhalifa.ae\/\" rel=\"nofollow noopener\" target=\"_blank\" data-ylk=\"slk:Burj Khalifa;elm:context_link;itc:0;sec:content-canvas\" class=\"link \">Burj Khalifa<\/a> (lien archiv\u00e9 <a href=\"https:\/\/perma.cc\/FA8B-ZDPB\" rel=\"nofollow noopener\" target=\"_blank\" data-ylk=\"slk:ici;elm:context_link;itc:0;sec:content-canvas\" class=\"link \">ici<\/a>).<\/p>\n<p>Un certain nombre d&rsquo;incoh\u00e9rences indiquent que la vid\u00e9o virale a \u00e9t\u00e9 manipul\u00e9e.<\/p>\n<p>Tout d&rsquo;abord, le logo visible dans le coin sup\u00e9rieur gauche de la vid\u00e9o, avec la date du \u00ab\u00a04 juin 2025\u00a0\u00bb, appartient \u00e0\u00a0<a href=\"https:\/\/www.alarabiya.net\/\" rel=\"nofollow noopener\" target=\"_blank\" data-ylk=\"slk:Al-Arabyia;elm:context_link;itc:0;sec:content-canvas\" class=\"link \">Al-Arabyia<\/a>, une cha\u00eene de t\u00e9l\u00e9vision internationale d&rsquo;informations en arabe d\u00e9tenue par l&rsquo;\u00c9tat saoudien. Le pr\u00e9sentateur commence le reportage en disant en arabe : \u00ab\u00a0Flash info. Le pr\u00e9sident ukrainien Volodymyr Zelensky\u00a0\u00bb. Mais apr\u00e8s quatre secondes, la piste audio passe \u00e0 une voix g\u00e9n\u00e9r\u00e9e par IA en anglais, cens\u00e9e traduire les mots du pr\u00e9sentateur, en affirmant : \u00ab\u00a0Le pr\u00e9sident ukrainien Volodymyr Zelensky aurait achet\u00e9 un appartement de luxe dans le c\u00e9l\u00e8bre Burj Khalifa de Duba\u00ef comme cadeau d&rsquo;anniversaire pour sa m\u00e8re, Rimma Zelenska\u00a0\u00bb.<\/p>\n<p>Cependant, aucune trace d&rsquo;une telle s\u00e9quence n&rsquo;a \u00e9t\u00e9 trouv\u00e9e sur <a href=\"https:\/\/english.alarabiya.net\/\" rel=\"nofollow noopener\" target=\"_blank\" data-ylk=\"slk:la cha\u00eene anglophone d&#039;Al-Arabiya;elm:context_link;itc:0;sec:content-canvas\" class=\"link \">la cha\u00eene anglophone d&rsquo;Al-Arabiya<\/a>, ses cha\u00eenes arabophones, ses sites officiels ou encore ses r\u00e9seaux sociaux.<\/p>\n<p>Dans un courriel adress\u00e9 \u00e0 l&rsquo;AFP le 16 juin dernier, Dina Nimer, responsable des op\u00e9rations m\u00e9diatiques d&rsquo;Al-Arabiya, a affirm\u00e9 que le reportage \u00e9tait \u00ab\u00a0faux\u00a0\u00bb.<\/p>\n<p>L&rsquo;AFP a retrouv\u00e9 l&rsquo;<a href=\"https:\/\/www.youtube.com\/watch?app=desktop&amp;si=MmBiQmXLe7CEzKtC&amp;t=2600&amp;v=AGSZ4x8nEaY&amp;feature=youtu.be\" rel=\"nofollow noopener\" target=\"_blank\" data-ylk=\"slk:extrait original;elm:context_link;itc:0;sec:content-canvas\" class=\"link \">extrait original<\/a>, qui avait \u00e9t\u00e9 ajout\u00e9 \u00e0 la vid\u00e9o truqu\u00e9e, sur la cha\u00eene YouTube officielle d&rsquo;Al-Arabiya. Dans la s\u00e9quence, publi\u00e9e le <strong>23 f\u00e9vrier 2025<\/strong>, le pr\u00e9sentateur d&rsquo;Al-Arabiya fait exactement la m\u00eame introduction (<a href=\"https:\/\/youtu.be\/AGSZ4x8nEaY?si=fSrX6GlpsxWOgesf&amp;t=2600\" rel=\"nofollow noopener\" target=\"_blank\" data-ylk=\"slk:minute 43:20;elm:context_link;itc:0;sec:content-canvas\" class=\"link \">minute 43:20<\/a>), en disant : \u00ab\u00a0Flash info. Le pr\u00e9sident ukrainien Volodymyr Zelensky [&#8230;]\u00a0\u00bb. Mais au lieu de parler de l&rsquo;achat immobilier pr\u00e9sum\u00e9, il poursuit : \u00ab\u00a0[&#8230;] d\u00e9clare qu&rsquo;il est <a href=\"https:\/\/www.france24.com\/fr\/info-en-continu\/20250223-le-kremlin-juge-prometteur-le-dialogue-trump-poutine\" rel=\"nofollow noopener\" target=\"_blank\" data-ylk=\"slk:pr\u00eat \u00e0 se retirer de la pr\u00e9sidence en \u00e9change de l&#039;adh\u00e9sion de son pays \u00e0 l&#039;OTAN;elm:context_link;itc:0;sec:content-canvas\" class=\"link \">pr\u00eat \u00e0 se retirer de la pr\u00e9sidence en \u00e9change de l&rsquo;adh\u00e9sion de son pays \u00e0 l&rsquo;OTAN<\/a>\u00ab\u00a0. La suite de la s\u00e9quence originale d\u00e9taille ensuite les d\u00e9clarations de Zelensky \u00e0 ce sujet (liens archiv\u00e9s <a href=\"https:\/\/perma.cc\/6TWX-CECH\" rel=\"nofollow noopener\" target=\"_blank\" data-ylk=\"slk:ici;elm:context_link;itc:0;sec:content-canvas\" class=\"link \">ici<\/a> et <a href=\"https:\/\/web.archive.org\/web\/20250225082950\/https:\/\/www.france24.com\/fr\/info-en-continu\/20250223-le-kremlin-juge-prometteur-le-dialogue-trump-poutine\" rel=\"nofollow noopener\" target=\"_blank\" data-ylk=\"slk:ici;elm:context_link;itc:0;sec:content-canvas\" class=\"link \">ici<\/a>).<\/p>\n<p><img class=\"caas-img caas-lazy has-preview\" alt=\"&lt;span&gt;Captures d'\u00e9cran prises le 27\/06\/2025, comparant l'extrait originel d'Al-Arabiya sur YouTube (\u00e0 gauche) et le reportage manipul\u00e9 sur X (\u00e0 droite). Croix rouge ajout\u00e9e par l'AFP.&lt;\/span&gt;\" data-src=\"https:\/\/www.europesays.com\/fr\/wp-content\/uploads\/2025\/06\/bbffae0bf6e3289b26ef006287a0b5e9.jpeg\"\/><\/p>\n<p>Captures d&rsquo;\u00e9cran prises le 27\/06\/2025, comparant l&rsquo;extrait originel d&rsquo;Al-Arabiya sur YouTube (\u00e0 gauche) et le reportage manipul\u00e9 sur X (\u00e0 droite). Croix rouge ajout\u00e9e par l&rsquo;AFP.<\/p>\n<p>Une analyse audio de la voix off en anglais de la vid\u00e9o virale par l&rsquo;AFP \u00e0 l&rsquo;aide du d\u00e9tecteur de deepfakes Hiya.com &#8211; pr\u00e9sent sur <a href=\"https:\/\/www.invid-project.eu\/tools-and-services\/invid-verification-plugin\/\" rel=\"nofollow noopener\" target=\"_blank\" data-ylk=\"slk:l&#039;outil de v\u00e9rification InVID-WeVerify;elm:context_link;itc:0;sec:content-canvas\" class=\"link \">l&rsquo;outil de v\u00e9rification InVID-WeVerify<\/a> &#8211; r\u00e9v\u00e8le que celle-ci a \u00e9t\u00e9 \u00ab\u00a0<strong>tr\u00e8s probablement g\u00e9n\u00e9r\u00e9e par l&rsquo;IA<\/strong>\u00ab\u00a0. Par ailleurs, on constate que l&rsquo;indicateur d&rsquo;IA de l&rsquo;outil augmente fortement apr\u00e8s quatre secondes, lorsque la voix off en arabe du clip original est remplac\u00e9e par une voix off en anglais.<\/p>\n<p><img class=\"caas-img caas-lazy has-preview\" alt=\"&lt;span&gt;Capture d'\u00e9cran prise le 17\/06\/2025 sur InVID-WeVerify qui prouve que l'audio de la vid\u00e9o est tr\u00e8s probablement g\u00e9n\u00e9r\u00e9 par IA.&lt;\/span&gt;\" data-src=\"https:\/\/www.europesays.com\/fr\/wp-content\/uploads\/2025\/06\/a255bdb37e3f2b174eae571974bf1fe5.jpeg\"\/><\/p>\n<p>Capture d&rsquo;\u00e9cran prise le 17\/06\/2025 sur InVID-WeVerify qui prouve que l&rsquo;audio de la vid\u00e9o est tr\u00e8s probablement g\u00e9n\u00e9r\u00e9 par IA.<\/p>\n<p>Un contrat de vente initial truqu\u00e9<\/p>\n<p>Une autre incoh\u00e9rence dans la vid\u00e9o truqu\u00e9e est un document qui appara\u00eet \u00e0 la 39e seconde. Il aurait \u00e9t\u00e9 \u00e9mis le 16 septembre 2024 par le gouvernement de Duba\u00ef. Il y est inscrit \u00ab\u00a0Contrat de vente initial\u00a0\u00bb entre <a href=\"https:\/\/www.emaar.com\/\" rel=\"nofollow noopener\" target=\"_blank\" data-ylk=\"slk:Emaar Properties PJSC;elm:context_link;itc:0;sec:content-canvas\" class=\"link \">Emaar Properties PJSC<\/a>, le promoteur immobilier qui poss\u00e8de le Burj Khalifa, et Rymma Zelenska, la m\u00e8re du pr\u00e9sident ukrainien (lien archiv\u00e9 <a href=\"https:\/\/perma.cc\/RM5R-CX6U\" rel=\"nofollow noopener\" target=\"_blank\" data-ylk=\"slk:ici;elm:context_link;itc:0;sec:content-canvas\" class=\"link \">ici<\/a>).<\/p>\n<p>Selon le contrat vu dans la vid\u00e9o, la propri\u00e9t\u00e9 pr\u00e9tendument acquise par Zelenska est \u00ab\u00a0Armani Residences 017\u00a0\u00bb avec le type de bien indiqu\u00e9 comme un appartement disposant de deux chambres (\u00ab\u00a02B\/R\u00a0\u00bb).<\/p>\n<p>En r\u00e9alit\u00e9, les Armani Residences sont un total de <a href=\"https:\/\/www.armanihotels.com\/en\/press-news\/armani-residences-brochure\/?hotel=armani-hotel-dubai&amp;gad_source=1&amp;gad_campaignid=21455467808&amp;gclid=CjwKCAjw9uPCBhATEiwABHN9KwLyRQQyfdo6RV2VP6GBnxsDiydiXECHxCTqfFS3Ehc3Cl04oIBJzRoCOfoQAvD_BwE\" rel=\"nofollow noopener\" target=\"_blank\" data-ylk=\"slk:144 appartements;elm:context_link;itc:0;sec:content-canvas\" class=\"link \">144 appartements<\/a> situ\u00e9s <a href=\"https:\/\/www.burjkhalifa.ae\/the-tower\/architecture-design\/\" rel=\"nofollow noopener\" target=\"_blank\" data-ylk=\"slk:aux \u00e9tages 9 \u00e0 16;elm:context_link;itc:0;sec:content-canvas\" class=\"link \">aux \u00e9tages 9 \u00e0 16<\/a> du gratte-ciel Burj Khalifa (liens archiv\u00e9s <a href=\"https:\/\/perma.cc\/PNP5-ZNGS\" rel=\"nofollow noopener\" target=\"_blank\" data-ylk=\"slk:ici;elm:context_link;itc:0;sec:content-canvas\" class=\"link \">ici<\/a> et <a href=\"https:\/\/perma.cc\/DG5T-7L3H\" rel=\"nofollow noopener\" target=\"_blank\" data-ylk=\"slk:ici;elm:context_link;itc:0;sec:content-canvas\" class=\"link \">ici<\/a>).<\/p>\n<p><img class=\"caas-img caas-lazy has-preview\" alt=\"&lt;span&gt;Capture d'\u00e9cran prise le 24\/06\/2025 du faux contrat affich\u00e9 dans les publications virales. Croix et encadr\u00e9s rouges et jaunes ajout\u00e9s par l'AFP.&lt;\/span&gt;\" data-src=\"https:\/\/www.europesays.com\/fr\/wp-content\/uploads\/2025\/06\/141e166bbf7ee9304e0a5597d55d4926.jpeg\"\/><\/p>\n<p>Capture d&rsquo;\u00e9cran prise le 24\/06\/2025 du faux contrat affich\u00e9 dans les publications virales. Croix et encadr\u00e9s rouges et jaunes ajout\u00e9s par l&rsquo;AFP.<\/p>\n<p>Mais certains d\u00e9tails montrent que ce document est truqu\u00e9.<\/p>\n<p>Premi\u00e8rement, le num\u00e9ro exact du contrat de l&rsquo;achat \u2013 \u00ab\u00a076421\/2024\u00a0\u00bb \u2013 peut \u00eatre vu dans <a href=\"https:\/\/perma.cc\/DG2L-9JFV\" rel=\"nofollow noopener\" target=\"_blank\" data-ylk=\"slk:certains messages;elm:context_link;itc:0;sec:content-canvas\" class=\"link \">certains messages<\/a> o\u00f9 la photo du document a une meilleure qualit\u00e9.<\/p>\n<p>En tapant ces chiffres dans <a href=\"https:\/\/dubailand.gov.ae\/en\/eservices\/title-deed-verification-overview\/title-deed-verification\/#\/\" rel=\"nofollow noopener\" target=\"_blank\" data-ylk=\"slk:la base de donn\u00e9es de l&#039;Autorit\u00e9 de l&#039;immobilier de Duba\u00ef;elm:context_link;itc:0;sec:content-canvas\" class=\"link \">la base de donn\u00e9es de l&rsquo;Autorit\u00e9 de l&rsquo;immobilier de Duba\u00ef<\/a>, l&rsquo;AFP a retrouv\u00e9 un type de propri\u00e9t\u00e9 et une zone diff\u00e9rents de ceux indiqu\u00e9s sur le contrat : une vente de terrain dans\u00a0<a href=\"https:\/\/2gis.ae\/dubai\/geo\/13933621232533906?m=55.26087%2C25.103403%2F13.25\" rel=\"nofollow noopener\" target=\"_blank\" data-ylk=\"slk:la zone Hadaeq Sheikh Mohammed Bin Rashid;elm:context_link;itc:0;sec:content-canvas\" class=\"link \">la zone Hadaeq Sheikh Mohammed Bin Rashid<\/a>, et non un appartement comportant deux chambres dans la zone o\u00f9 se trouve\u00a0<a href=\"https:\/\/www.google.com\/maps\/place\/Maple+3+Park+-+Dubai+Hills+Estate\/@25.1510354,55.2061357,15499m\/data=!3m1!1e3!4m23!1m16!4m15!1m6!1m2!1s0x3e5f43348a67e24b:0xff45e502e1ceb7e2!2zzpzPgM6_z4XPgc-EzrYgzqfOsc67zq_Phs6xLCAxIFNoZWlraCBNb2hhbW1lZCBiaW4gUmFzaGlkIEJsdmQgLSBEb3dudG93biBEdWJhaSAtIER1YmFpIC0gzpfOvc-JzrzOrc69zrEgzpHPgc6xzrLOuc66zqwgzpXOvM65z4HOrM-EzrE!2m2!1d55.2743764!2d25.197197!1m6!1m2!1s0x3e5f6f7f6d8104a3:0xb978d29bbb3db3b5!2sMaple+3+Park+-+Dubai+Hills+Estate!2m2!1d55.2563197!2d25.1049931!3e0!3m5!1s0x3e5f6f7f6d8104a3:0xb978d29bbb3db3b5!8m2!3d25.1049931!4d55.2563197!16s%2Fg%2F11px1755zp?entry=ttu&amp;g_ep=EgoyMDI1MDYyMy4wIKXMDSoASAFQAw%3D%3D\" rel=\"nofollow noopener\" target=\"_blank\" data-ylk=\"slk:le gratte-ciel Burj Khalifa;elm:context_link;itc:0;sec:content-canvas\" class=\"link \">le gratte-ciel Burj Khalifa<\/a> (lien archiv\u00e9 <a href=\"https:\/\/perma.cc\/PPE2-RAVP\" rel=\"nofollow noopener\" target=\"_blank\" data-ylk=\"slk:ici;elm:context_link;itc:0;sec:content-canvas\" class=\"link \">ici<\/a>).<\/p>\n<p><img class=\"caas-img caas-lazy has-preview\" alt=\"&lt;span&gt;Capture d'\u00e9cran prise le 16\/06\/2025 de la base de donn\u00e9es de l'Autorit\u00e9 de l'immobilier de Duba\u00ef avec le num\u00e9ro de contrat. Encadr\u00e9s rouges ajout\u00e9s par l'AFP. &lt;\/span&gt;\" data-src=\"https:\/\/www.europesays.com\/fr\/wp-content\/uploads\/2025\/06\/ab9106593e6e291036fbfa954a1c8fd2.jpeg\"\/><\/p>\n<p>Capture d&rsquo;\u00e9cran prise le 16\/06\/2025 de la base de donn\u00e9es de l&rsquo;Autorit\u00e9 de l&rsquo;immobilier de Duba\u00ef avec le num\u00e9ro de contrat. Encadr\u00e9s rouges ajout\u00e9s par l&rsquo;AFP. <\/p>\n<p>Deuxi\u00e8mement, Emaar Properties n&rsquo;\u00e9tait plus propri\u00e9taire de l&rsquo;appartement du Burj Khalifa en septembre 2024, au moment o\u00f9 il aurait \u00e9t\u00e9 pr\u00e9tendument achet\u00e9 par Zelensky.<\/p>\n<p>Le 23 juin 2025, l&rsquo;agence immobili\u00e8re de Duba\u00ef <a href=\"https:\/\/famproperties.com\/\" rel=\"nofollow noopener\" target=\"_blank\" data-ylk=\"slk:F\u00e4m Properties;elm:context_link;itc:0;sec:content-canvas\" class=\"link \">F\u00e4m Properties<\/a> a confirm\u00e9 \u00e0 l&rsquo;AFP qu&rsquo;elle avait supervis\u00e9 la vente de l&rsquo;appartement comportant deux chambres le 16 septembre 2024, affirmant que le contrat partag\u00e9 en ligne \u00ab\u00a0n&rsquo;\u00e9tait pas authentique\u00a0\u00bb.<\/p>\n<p>L&rsquo;agence a refus\u00e9 de divulguer l&rsquo;acte de propri\u00e9t\u00e9 r\u00e9el ou de partager des d\u00e9tails li\u00e9s \u00e0 l&rsquo;acheteur, conform\u00e9ment aux politiques de confidentialit\u00e9 des clients et aux r\u00e8glements du D\u00e9partement des terres de Duba\u00ef. Toutefois, l&rsquo;agence a assur\u00e9 \u00e0 l&rsquo;AFP que \u00ab\u00a0le bien r\u00e9f\u00e9renc\u00e9 dans l&rsquo;acte de propri\u00e9t\u00e9 n&rsquo;a pas \u00e9t\u00e9 vendu au pr\u00e9sident Zelensky ou \u00e0 l&rsquo;un de ses proches\u00a0\u00bb.<\/p>\n<p>Une recherche sur le site immobilier <a href=\"https:\/\/dxbinteract.com\/dubai-house-prices\/valuation\/11235224\" rel=\"nofollow noopener\" target=\"_blank\" data-ylk=\"slk:dxbinteract.com;elm:context_link;itc:0;sec:content-canvas\" class=\"link \">dxbinteract.com<\/a> a r\u00e9v\u00e9l\u00e9 quelques d\u00e9tails suppl\u00e9mentaires sur la transaction, comme le nom de l&rsquo;agent de F\u00e4m Properties, <a href=\"https:\/\/famproperties.com\/dubai-real-estate-agents\/rami-wahood\" rel=\"nofollow noopener\" target=\"_blank\" data-ylk=\"slk:Rami Wahood;elm:context_link;itc:0;sec:content-canvas\" class=\"link \">Rami Wahood<\/a>, qui a supervis\u00e9 la vente (lien archiv\u00e9 <a href=\"https:\/\/perma.cc\/7BD8-TY9P\" rel=\"nofollow noopener\" target=\"_blank\" data-ylk=\"slk:ici;elm:context_link;itc:0;sec:content-canvas\" class=\"link \">ici<\/a>).<\/p>\n<p><img class=\"caas-img caas-lazy has-preview\" alt=\"&lt;span&gt;Captures d'\u00e9cran prises le 24\/06\/2025 sur dxbinteract.com des d\u00e9tails de transaction.&lt;\/span&gt;\" data-src=\"https:\/\/www.europesays.com\/fr\/wp-content\/uploads\/2025\/06\/696fdcb99632febcdb5c0f3901060b84.jpeg\"\/><\/p>\n<p>Captures d&rsquo;\u00e9cran prises le 24\/06\/2025 sur dxbinteract.com des d\u00e9tails de transaction.<\/p>\n<p>Comme on peut le voir sur le site web, le promoteur immobilier du Burj Khalifa, Emaar Properties, a vendu l&rsquo;appartement en mars 2013 \u00e0 un acheteur non d\u00e9voil\u00e9. Et un \u00ab\u00a0individu\u00a0\u00bb l&rsquo;aurait remis sur le march\u00e9 en septembre 2024.<\/p>\n<p>Enfin, \u00e0 Duba\u00ef, un \u00ab\u00a0Contrat initial de vente\u00a0\u00bb est utilis\u00e9 pour les biens immobiliers en cours de construction. Selon F\u00e4m Properties, un tel contrat est utilis\u00e9 pour confirmer la propri\u00e9t\u00e9 par le D\u00e9partement des terres de Duba\u00ef jusqu&rsquo;\u00e0 ce qu&rsquo;un projet soit pr\u00eat. Pour la vente de propri\u00e9t\u00e9s achev\u00e9es ou existantes &#8211; comme ce serait le cas pour cet appartement dans le gratte-ciel Burj Khalifa &#8211; le contrat s&rsquo;appellerait un \u00ab\u00a0Acte de propri\u00e9t\u00e9\u00a0\u00bb.<\/p>\n<p>L&rsquo;AFP a \u00e9galement contact\u00e9 le gouvernement de Duba\u00ef, ainsi que Emaar Properties pour plus de commentaires \u00e0 ce sujet, mais n&rsquo;a re\u00e7u aucune r\u00e9ponse de leur part au moment de la publication de cet article.<\/p>\n<p>Des affirmations non sourc\u00e9es provenant d&rsquo;un m\u00e9dia d&rsquo;information arabe<\/p>\n<p>\u00c0 la 17e seconde, la vid\u00e9o manipul\u00e9e d&rsquo;Al-Arabyia cite comme source un site web arabe appel\u00e9 \u00ab\u00a0<a href=\"https:\/\/www.alchourouk.com\/\" rel=\"nofollow noopener\" target=\"_blank\" data-ylk=\"slk:alchourouk.com;elm:context_link;itc:0;sec:content-canvas\" class=\"link \">alchourouk.com<\/a>\u00a0\u00bb et montre la capture d&rsquo;\u00e9cran d&rsquo;un <a href=\"https:\/\/perma.cc\/4T28-GTM6\" rel=\"nofollow noopener\" target=\"_blank\" data-ylk=\"slk:article;elm:context_link;itc:0;sec:content-canvas\" class=\"link \">article<\/a> sur l&rsquo;achat pr\u00e9sum\u00e9 dat\u00e9 du <strong>2 juin 2025<\/strong>, illustr\u00e9 par une photo du pr\u00e9sident Zelensky et de sa m\u00e8re.<\/p>\n<p>\u00ab\u00a0Le pr\u00e9sident ukrainien Volodymyr Zelensky a achet\u00e9 un appartement luxueux dans le Burj Khalifa \u00e0 Duba\u00ef comme cadeau d&rsquo;anniversaire pour sa m\u00e8re Rymma Zelensky. Cet achat place la famille Zelensky parmi l&rsquo;\u00e9lite qui poss\u00e8de des logements dans la plus haute tour du monde. Selon les rapports, la propri\u00e9t\u00e9 est un appartement de 2 000 pieds carr\u00e9s [185 m\u00b2, NDLR] avec deux chambres situ\u00e9 au 11e \u00e9tage, faisant partie des R\u00e9sidences Armani (con\u00e7ues par Giorgio Armani). L&rsquo;achat a \u00e9t\u00e9 r\u00e9alis\u00e9 le 16 septembre 2024, co\u00efncidant avec le 74e anniversaire de Mme Zelensky\u00a0\u00bb, peut-on lire dans l&rsquo;article publi\u00e9 en arabe sur le site.<\/p>\n<p>Dans son article, Al Chourouk, un m\u00e9dia bas\u00e9 en Tunisie, ne fournit aucune source pour ces affirmations. L&rsquo;AFP a contact\u00e9 le m\u00e9dia en question pour plus de pr\u00e9cisions \u00e0 ce sujet, mais n&rsquo;a re\u00e7u aucune r\u00e9ponse \u00e0 ce jour.<\/p>\n<p>D&rsquo;autres m\u00e9dias arabophones, comme en \u00c9gypte, ont publi\u00e9 l&rsquo;article le 3 juin 2025, accompagn\u00e9 des m\u00eames photos, comme\u00a0<a href=\"https:\/\/perma.cc\/9ZWH-GR7V\" rel=\"nofollow noopener\" target=\"_blank\" data-ylk=\"slk:ici;elm:context_link;itc:0;sec:content-canvas\" class=\"link \">ici<\/a> et <a href=\"https:\/\/perma.cc\/3G4M-CX7F\" rel=\"nofollow noopener\" target=\"_blank\" data-ylk=\"slk:l\u00e0;elm:context_link;itc:0;sec:content-canvas\" class=\"link \">l\u00e0<\/a>.<\/p>\n<p>Ce n&rsquo;est pas la premi\u00e8re fois que Zelensky est la cible d&rsquo;op\u00e9rations de d\u00e9sinformation visant \u00e0 le discr\u00e9diter et \u00e0 saper le soutien occidental \u00e0 Kiev apr\u00e8s plus de trois ann\u00e9es de guerre. Parmi les exemples d\u00e9mentis par l&rsquo;AFP, figurent l&rsquo;<a href=\"https:\/\/factuel.afp.com\/doc.afp.com.43RH3WD\" rel=\"nofollow noopener\" target=\"_blank\" data-ylk=\"slk:achat pr\u00e9tendu de la &quot;revenge dress&quot; de Lady Diana;elm:context_link;itc:0;sec:content-canvas\" class=\"link \">achat pr\u00e9tendu de la \u00ab\u00a0revenge dress\u00a0\u00bb de Lady Diana<\/a> par l&rsquo;\u00e9pouse du pr\u00e9sident ukrainien, l&rsquo;acquisition pr\u00e9sum\u00e9e de <a href=\"https:\/\/factuel.afp.com\/doc.afp.com.36YY8HN\" rel=\"nofollow noopener\" target=\"_blank\" data-ylk=\"slk:biens immobiliers;elm:context_link;itc:0;sec:content-canvas\" class=\"link \">biens immobiliers<\/a> en Europe, d&rsquo;une <a href=\"https:\/\/factuel.afp.com\/doc.afp.com.36ZP78W\" rel=\"nofollow noopener\" target=\"_blank\" data-ylk=\"slk:banque fran\u00e7aise;elm:context_link;itc:0;sec:content-canvas\" class=\"link \">banque fran\u00e7aise<\/a>, du<a href=\"https:\/\/factuel.afp.com\/doc.afp.com.36YY8HN\" rel=\"nofollow noopener\" target=\"_blank\" data-ylk=\"slk:\u00a0&quot;Nid d&#039;Aigle&quot;;elm:context_link;itc:0;sec:content-canvas\" class=\"link \">\u00a0\u00ab\u00a0Nid d&rsquo;Aigle\u00a0\u00bb<\/a> en Bavi\u00e8re, ou encore d&rsquo;un h\u00f4tel \u00e0\u00a0<a href=\"https:\/\/factuel.afp.com\/doc.afp.com.36P36LD\" rel=\"nofollow noopener\" target=\"_blank\" data-ylk=\"slk:Courchevel;elm:context_link;itc:0;sec:content-canvas\" class=\"link \">Courchevel<\/a>.<\/p>\n<p>En 2021, avant l&rsquo;invasion de l&rsquo;Ukraine par la Russie, Volodymyr Zelensky avait effectivement \u00e9t\u00e9 nomm\u00e9 dans l&rsquo;affaire dite des <a href=\"https:\/\/www.occrp.org\/en\/project\/the-pandora-papers\/pandora-papers-reveal-offshore-holdings-of-ukrainian-president-and-his-inner-circle\" rel=\"nofollow noopener\" target=\"_blank\" data-ylk=\"slk:Pandora Papers;elm:context_link;itc:0;sec:content-canvas\" class=\"link \">Pandora Papers<\/a>, une vaste enqu\u00eate men\u00e9e par le <a href=\"https:\/\/www.icij.org\/investigations\/pandora-papers\/global-investigation-tax-havens-offshore\/\" rel=\"nofollow noopener\" target=\"_blank\" data-ylk=\"slk:Consortium international des journalistes d&#039;investigation;elm:context_link;itc:0;sec:content-canvas\" class=\"link \">Consortium international des journalistes d&rsquo;investigation<\/a>, dans laquelle des centaines de personnes avaient \u00e9t\u00e9 accus\u00e9es de dissimuler des actifs dans des soci\u00e9t\u00e9s offshore. L&rsquo;enqu\u00eate indiquait que Zelensky poss\u00e9dait des soci\u00e9t\u00e9s offshore depuis 2012, enregistr\u00e9es \u00e0 Belize, qui auraient \u00e9t\u00e9 utilis\u00e9es pour acheter trois propri\u00e9t\u00e9s de luxe \u00e0 Londres (liens archiv\u00e9s <a href=\"https:\/\/perma.cc\/Y2D5-BFWP\" rel=\"nofollow noopener\" target=\"_blank\" data-ylk=\"slk:ici;elm:context_link;itc:0;sec:content-canvas\" class=\"link \">ici<\/a> et <a href=\"https:\/\/perma.cc\/AED9-4PVY\" rel=\"nofollow noopener\" target=\"_blank\" data-ylk=\"slk:ici;elm:context_link;itc:0;sec:content-canvas\" class=\"link \">ici<\/a>).<\/p>\n","protected":false},"excerpt":{"rendered":"Depuis le d\u00e9but de l&rsquo;invasion russe en Ukraine en f\u00e9vrier 2022, les campagnes de d\u00e9sinformation visant le pr\u00e9sident&hellip;\n","protected":false},"author":2,"featured_media":209024,"comment_status":"","ping_status":"","sticky":false,"template":"","format":"standard","meta":{"footnotes":""},"categories":[1590],"tags":[11,34804,5017,1777,674,12,220,134],"class_list":{"0":"post-209023","1":"post","2":"type-post","3":"status-publish","4":"format-standard","5":"has-post-thumbnail","7":"category-ukraine","8":"tag-actualites","9":"tag-burj-khalifa","10":"tag-dubai","11":"tag-eu","12":"tag-europe","13":"tag-news","14":"tag-ukraine","15":"tag-volodymyr-zelensky"},"share_on_mastodon":{"url":"https:\/\/pubeurope.com\/@fr\/114756853646631633","error":""},"_links":{"self":[{"href":"https:\/\/www.europesays.com\/fr\/wp-json\/wp\/v2\/posts\/209023","targetHints":{"allow":["GET"]}}],"collection":[{"href":"https:\/\/www.europesays.com\/fr\/wp-json\/wp\/v2\/posts"}],"about":[{"href":"https:\/\/www.europesays.com\/fr\/wp-json\/wp\/v2\/types\/post"}],"author":[{"embeddable":true,"href":"https:\/\/www.europesays.com\/fr\/wp-json\/wp\/v2\/users\/2"}],"replies":[{"embeddable":true,"href":"https:\/\/www.europesays.com\/fr\/wp-json\/wp\/v2\/comments?post=209023"}],"version-history":[{"count":0,"href":"https:\/\/www.europesays.com\/fr\/wp-json\/wp\/v2\/posts\/209023\/revisions"}],"wp:featuredmedia":[{"embeddable":true,"href":"https:\/\/www.europesays.com\/fr\/wp-json\/wp\/v2\/media\/209024"}],"wp:attachment":[{"href":"https:\/\/www.europesays.com\/fr\/wp-json\/wp\/v2\/media?parent=209023"}],"wp:term":[{"taxonomy":"category","embeddable":true,"href":"https:\/\/www.europesays.com\/fr\/wp-json\/wp\/v2\/categories?post=209023"},{"taxonomy":"post_tag","embeddable":true,"href":"https:\/\/www.europesays.com\/fr\/wp-json\/wp\/v2\/tags?post=209023"}],"curies":[{"name":"wp","href":"https:\/\/api.w.org\/{rel}","templated":true}]}}