{"id":209029,"date":"2025-06-27T18:58:13","date_gmt":"2025-06-27T18:58:13","guid":{"rendered":"https:\/\/www.europesays.com\/fr\/209029\/"},"modified":"2025-06-27T18:58:13","modified_gmt":"2025-06-27T18:58:13","slug":"une-attaque-contre-notre-democratie-lallemagne-soupconne-la-russie-de-sabotage-apres-lincendie-des-camions-de-son-armee","status":"publish","type":"post","link":"https:\/\/www.europesays.com\/fr\/209029\/","title":{"rendered":"\u00ab Une attaque contre notre d\u00e9mocratie\u00a0\u00bb\u00a0: l\u2019Allemagne soup\u00e7onne la Russie de sabotage apr\u00e8s l\u2019incendie des camions de son arm\u00e9e"},"content":{"rendered":"<p class=\"paragraph text_align_left lp-f-body-02\">Une enqu\u00eate a \u00e9t\u00e9 ouverte ce vendredi 27 juin par les <a href=\"https:\/\/www.leparisien.fr\/international\/allemagne\/guerre-en-ukraine-cest-quoi-la-panzerbrigade-ces-forces-blindees-allemandes-presentes-en-lituanie-contre-la-menace-russe-22-05-2025-SAOY3YR5GREF3GBEU2JSM6ECZA.php\" target=\"_blank\" rel=\"noreferrer nofollow noopener\">autorit\u00e9s allemandes<\/a>, apr\u00e8s l\u2019incendie criminel de plusieurs camions de l\u2019arm\u00e9e allemande \u00e0 Erfurt et fait \u00e9tat de soup\u00e7ons d\u2019un possible sabotage russe.<\/p>\n<p class=\"paragraph text_align_left lp-f-body-02\">\u00ab Nous ne pouvons pas dire avec certitude qui est derri\u00e8re cet attentat (\u2026). S\u2019il devait se confirmer qu\u2019une puissance \u00e9trang\u00e8re -telle que la Russie- s\u2019est livr\u00e9e \u00e0 du sabotage, il s\u2019agirait une nouvelle fois d\u2019une attaque contre notre d\u00e9mocratie \u00bb, a d\u00e9clar\u00e9 le minist\u00e8re de l\u2019Int\u00e9rieur de Thuringe, charg\u00e9 du dossier.<\/p>\n<p>Des vid\u00e9os analys\u00e9es par la police criminelle allemande<\/p>\n<p class=\"paragraph text_align_left lp-f-body-02\">Depuis le d\u00e9but de la semaine, circulent, sur diff\u00e9rents canaux de la messagerie russe Telegram, des vid\u00e9os montrant des camions de la Bundeswehr en feu, probablement mises en ligne par les auteurs de l\u2019incendie : on y voit d\u2019abord les camions intacts, puis en feu avant l\u2019intervention des pompiers.<\/p>\n<p class=\"paragraph text_align_left lp-f-body-02\">\u00ab La police criminelle de Thuringe a connaissance de ces vid\u00e9os. Leur origine et leur authenticit\u00e9 font actuellement l\u2019objet d\u2019un examen \u00bb, a expliqu\u00e9 le minist\u00e8re r\u00e9gional de l\u2019Int\u00e9rieur, dans un courriel envoy\u00e9 \u00e0 l\u2019AFP.<\/p>\n<p class=\"paragraph text_align_left lp-f-body-02\">Il a ajout\u00e9 que la police enqu\u00eatait sur l\u2019origine de l\u2019incendie. \u00ab L\u2019\u00e9valuation des traces se poursuit \u00bb, a dit le minist\u00e8re, pr\u00e9cisant que des recoupements sont faits avec des cas similaires ayant eu lieu pr\u00e9c\u00e9demment en Allemagne.<\/p>\n<p>\u00ab Ces camions n\u2019\u00e9taient pas destin\u00e9s \u00e0 l\u2019Ukraine \u00bb<\/p>\n<p class=\"paragraph text_align_left lp-f-body-02\">Interrog\u00e9 au cours d\u2019un point presse r\u00e9gulier du gouvernement allemand \u00e0 ce sujet, un porte-parole du minist\u00e8re de la D\u00e9fense a renvoy\u00e9 sur l\u2019enqu\u00eate du minist\u00e8re r\u00e9gional, tout en d\u00e9mentant une fausse information circulant sur les r\u00e9seaux sociaux : \u00ab ces camions n\u2019\u00e9taient pas destin\u00e9s \u00e0 l\u2019Ukraine \u00bb.<\/p>\n<p class=\"paragraph text_align_left lp-f-body-02\">\u00ab Ils servent au transport de troupes dans la r\u00e9gion \u00bb o\u00f9 se sont produits les incendies criminels, a-t-il mis au point.<\/p>\n<p class=\"paragraph text_align_left lp-f-body-02\">Depuis le d\u00e9but de l\u2019invasion de l\u2019Ukraine par la Russie en f\u00e9vrier 2022, les actes de sabotage et d\u2019espionnage, imput\u00e9s \u00e0 Moscou, se sont multipli\u00e9s en Allemagne. Berlin soup\u00e7onne les autorit\u00e9s russes d\u2019\u00eatre derri\u00e8re des campagnes de d\u00e9stabilisation des alli\u00e9s europ\u00e9ens de Kiev.<\/p>\n<p class=\"paragraph text_align_left lp-f-body-02\">Apr\u00e8s les \u00c9tats-Unis, l\u2019Allemagne apporte le plus grand soutien militaire \u00e0 l\u2019Ukraine. Trois Germano-Russes, soup\u00e7onn\u00e9s d\u2019avoir transmis des informations \u00e0 la Russie et pr\u00e9par\u00e9 des actes de sabotage pour contrecarrer l\u2019aide \u00e0 Kiev, sont jug\u00e9s \u00e0 Munich depuis mai dernier.<\/p>\n","protected":false},"excerpt":{"rendered":"Une enqu\u00eate a \u00e9t\u00e9 ouverte ce vendredi 27 juin par les autorit\u00e9s allemandes, apr\u00e8s l\u2019incendie criminel de plusieurs&hellip;\n","protected":false},"author":2,"featured_media":209030,"comment_status":"","ping_status":"","sticky":false,"template":"","format":"standard","meta":{"footnotes":""},"categories":[1587],"tags":[11,672,1804,1805,1803,1777,674,1801,14,12,1802],"class_list":{"0":"post-209029","1":"post","2":"type-post","3":"status-publish","4":"format-standard","5":"has-post-thumbnail","7":"category-allemagne","8":"tag-actualites","9":"tag-allemagne","10":"tag-bundesrepublik-deutschland","11":"tag-de","12":"tag-deutschland","13":"tag-eu","14":"tag-europe","15":"tag-germany","16":"tag-international","17":"tag-news","18":"tag-republique-federale-dallemagne"},"share_on_mastodon":{"url":"https:\/\/pubeurope.com\/@fr\/114756865460283191","error":""},"_links":{"self":[{"href":"https:\/\/www.europesays.com\/fr\/wp-json\/wp\/v2\/posts\/209029","targetHints":{"allow":["GET"]}}],"collection":[{"href":"https:\/\/www.europesays.com\/fr\/wp-json\/wp\/v2\/posts"}],"about":[{"href":"https:\/\/www.europesays.com\/fr\/wp-json\/wp\/v2\/types\/post"}],"author":[{"embeddable":true,"href":"https:\/\/www.europesays.com\/fr\/wp-json\/wp\/v2\/users\/2"}],"replies":[{"embeddable":true,"href":"https:\/\/www.europesays.com\/fr\/wp-json\/wp\/v2\/comments?post=209029"}],"version-history":[{"count":0,"href":"https:\/\/www.europesays.com\/fr\/wp-json\/wp\/v2\/posts\/209029\/revisions"}],"wp:featuredmedia":[{"embeddable":true,"href":"https:\/\/www.europesays.com\/fr\/wp-json\/wp\/v2\/media\/209030"}],"wp:attachment":[{"href":"https:\/\/www.europesays.com\/fr\/wp-json\/wp\/v2\/media?parent=209029"}],"wp:term":[{"taxonomy":"category","embeddable":true,"href":"https:\/\/www.europesays.com\/fr\/wp-json\/wp\/v2\/categories?post=209029"},{"taxonomy":"post_tag","embeddable":true,"href":"https:\/\/www.europesays.com\/fr\/wp-json\/wp\/v2\/tags?post=209029"}],"curies":[{"name":"wp","href":"https:\/\/api.w.org\/{rel}","templated":true}]}}